{"id":11294,"date":"2019-01-22T15:42:45","date_gmt":"2019-01-22T15:42:45","guid":{"rendered":"http:\/\/www.iceagetv.com\/radiosite\/?p=11294"},"modified":"2019-01-22T15:42:56","modified_gmt":"2019-01-22T15:42:56","slug":"lavion-transportant-emiliano-sala-de-nantes-a-cardiff-a-disparu","status":"publish","type":"post","link":"https:\/\/www.iceagetv.com\/radiosite\/lavion-transportant-emiliano-sala-de-nantes-a-cardiff-a-disparu\/","title":{"rendered":"L&rsquo;avion transportant Emiliano Sala de Nantes \u00e0 Cardiff a disparu"},"content":{"rendered":"\n<h2 class=\"wp-block-heading\">Selon plusieurs sources, le petit avion de tourisme qui transportait Emiliano Sala de Nantes \u00e0 Cardiff, o\u00f9 l&rsquo;attaquant de 28 ans devait rejoindre sa nouvelle \u00e9quipe, a disparu la nuit derni\u00e8re au-dessus de la Manche. Une vaste op\u00e9ration de secours a \u00e9t\u00e9 lanc\u00e9e, pour l&rsquo;instant sans succ\u00e8s.<\/h2>\n\n\n\n<p>C&rsquo;est une nouvelle qui fait froid dans le dos. Selon\u00a0<em>20 Minutes,<\/em>\u00a0<em>Ouest France\u00a0<\/em>et l&rsquo;AFP, qui cite des sources polici\u00e8res ce mardi matin, l&rsquo;avion qui conduisait Emiliano Sala de Nantes \u00e0 Cardiff a disparu en mer lundi soir. Parti de l&rsquo;a\u00e9roport de Nantes-Atlantique en d\u00e9but de soir\u00e9e, l&rsquo;avion priv\u00e9 n&rsquo;est pas arriv\u00e9 \u00e0 destination au Pays de Galles. Il a disparu des radars \u00e0 20h23 heure locale (21h23 heure fran\u00e7aise). Une alerte a \u00e9t\u00e9 lanc\u00e9e dans la foul\u00e9e. Des op\u00e9rations de sauvetage ont d\u00e9but\u00e9 depuis. Mais aucune trace de l&rsquo;appareil n&rsquo;a pour l&rsquo;instant \u00e9t\u00e9 trouv\u00e9e, explique la police de Guernesey dans un communiqu\u00e9.<br>Celle-ci explique que deux h\u00e9licopt\u00e8res ont \u00e9t\u00e9 lanc\u00e9s dans la soir\u00e9e pour essayer de retrouver l&rsquo;avion de tourisme, un Piper Malibu, qui a disparu \u00e0 une vingtaine de kilom\u00e8tres au nord de l&rsquo;\u00eele Guernesey. Les recherches ont \u00e9t\u00e9 arr\u00eat\u00e9es \u00e0 2h00 du matin en raison des conditions m\u00e9t\u00e9o difficiles. Relanc\u00e9es d\u00e8s 8h00 avec des moyens britanniques et fran\u00e7ais (deux avions, deux h\u00e9licopt\u00e8res et un bateau de sauvetage), elles n&rsquo;ont pour le moment rien donn\u00e9.<\/p>\n\n\n\n<h2 class=\"wp-block-heading\">Le pr\u00e9sident de Cardiff \u00ab\u00a0tr\u00e8s inquiet\u00a0\u00bb<\/h2>\n\n\n\n<p>Selon une source proche du dossier, cit\u00e9e par l&rsquo;AFP, l&rsquo;avion transportait deux passagers en plus du pilote. L&rsquo;attaquant italo-argentin de 28 ans \u00e9tait revenu \u00e0 Nantes lundi pour dire au revoir \u00e0 ses anciens co\u00e9quipiers et vider son casier \u00e0 la Joneli\u00e8re. Le\u00a0<a href=\"https:\/\/www.eurosport.fr\/football\/equipes\/nantes\/teamcenter.shtml\">FC Nantes<\/a>\u00a0avait officialis\u00e9 le transfert de son buteur, qui avait sign\u00e9 trois ans et demi en faveur du club de Premier League.<\/p>\n\n\n\n<p>Peu apr\u00e8s avoir appris la nouvelle, Mehmet Dalman, le pr\u00e9sident de Cardiff, n&rsquo;a pas cach\u00e9 son inqui\u00e9tude. \u00ab\u00a0<em>Nous sommes tr\u00e8s inquiets d&rsquo;avoir appris qu&rsquo;un appareil l\u00e9ger a perdu contact au-dessus de la Manche la nuit derni\u00e8re. Nous attendons confirmation avant de pouvoir en dire plus. Nous sommes tr\u00e8s inquiets pour la s\u00e9curit\u00e9 d&rsquo;Emiliano Sala<\/em>\u00ab\u00a0, explique-t-il dans un communiqu\u00e9. Waldemar&nbsp;<a href=\"https:\/\/www.eurosport.fr\/football\/przemyslaw-kita_prs293059\/person.shtml\">Kita<\/a>, son homologue du FC Nantes, a lui aussi r\u00e9agi sur CNews.<\/p>\n\n\n\n<p>\u00ab\u00a0<em>Je ne suis au courant de rien, je viens de l&rsquo;apprendre comme vous<\/em>\u00ab\u00a0, confie le pr\u00e9sident nantais. \u00ab\u00a0<em>Je n&rsquo;\u00e9tais m\u00eame pas au courant qu&rsquo;il \u00e9tait \u00e0 Nantes. C&rsquo;est un gar\u00e7on qui aujourd&rsquo;hui n&rsquo;appartient plus \u00e0 Nantes, il fait ce qu&rsquo;il veut, et c&rsquo;est tout \u00e0 fait normal<\/em>, poursuit-il.&nbsp;<em>J&rsquo;ai bon espoir qu&rsquo;on le retrouve (&#8230;) Je pense qu&rsquo;Emiliano Sala a voulu absolument dire au revoir \u00e0 tous ses copains. C&rsquo;est un gar\u00e7on poli, gentil, adorable, ador\u00e9 par tout le monde. Il \u00e9tait toujours tr\u00e8s respectueux, tr\u00e8s courtois. Je pense \u00e0 sa famille, \u00e0 tous ses amis.<\/em>\u00ab\u00a0<\/p>\n\n\n\n<h2 class=\"wp-block-heading\">Sala avait des craintes sur le vol<\/h2>\n\n\n\n<p>Selon\u00a0<em>20 Minutes<\/em>, Emiliano Sala avait exprim\u00e9 quelques craintes avant ce vol retour vers Cardiff. Le m\u00e9dia explique que le trajet aller avait d\u00e9j\u00e0 \u00e9t\u00e9 \u00ab\u00a0<em>mouvement\u00e9<\/em>\u00ab\u00a0, au point que l&rsquo;attaquant avait confi\u00e9 ses craintes \u00e0 Nicolas Pallois, son ex-co\u00e9quipier, lors de son passage \u00e0 la Joneli\u00e8re lundi. Sous le choc, le FC Nantes vit une journ\u00e9e plus que difficile. Vahid Halilodzic, l&rsquo;entra\u00eeneur des Canaris, redoute le pire.<br><em>La p\u00e9riode \u00e9tait d\u00e9j\u00e0 tr\u00e8s d\u00e9licate, mais l\u00e0, c\u2019est tr\u00e8s difficile. On est dans l\u2019attente mais on ne se fait pas beaucoup d\u2019illusions. On s\u2019attend au pire<\/em>\u00ab\u00a0, a-t-il confi\u00e9 \u00e0\u00a0<em>La Voix du Nord.\u00a0<\/em>\u00ab\u00a0<em>Toutes les pens\u00e9es du club vont vers Emiliano et le pilote de l&rsquo;avion. Nous remercions nos supporters et toute la famille du football pour leur soutien en ces temps difficiles. Nous continuons de prier pour avoir des informations positives<\/em>\u00ab\u00a0, a de son c\u00f4t\u00e9 communiqu\u00e9 Cardiff lundi apr\u00e8s midi.<\/p>\n","protected":false},"excerpt":{"rendered":"<p>Selon plusieurs sources, le petit avion de tourisme qui transportait Emiliano Sala de Nantes \u00e0 Cardiff, o\u00f9 l&rsquo;attaquant de 28 ans devait rejoindre sa nouvelle \u00e9quipe, a disparu la nuit derni\u00e8re au-dessus de la Manche. Une vaste op\u00e9ration de secours a \u00e9t\u00e9 lanc\u00e9e, pour l&rsquo;instant sans succ\u00e8s. C&rsquo;est une nouvelle qui fait froid dans le [&hellip;]<\/p>\n","protected":false},"author":2,"featured_media":11295,"comment_status":"open","ping_status":"open","sticky":false,"template":"","format":"standard","meta":{"_jetpack_memberships_contains_paid_content":false,"footnotes":"","jetpack_publicize_message":"","jetpack_publicize_feature_enabled":true,"jetpack_social_post_already_shared":true,"jetpack_social_options":{"image_generator_settings":{"template":"highway","default_image_id":0,"font":"","enabled":false},"version":2},"_wpas_customize_per_network":false},"categories":[18],"tags":[],"class_list":["post-11294","post","type-post","status-publish","format-standard","has-post-thumbnail","hentry","category-actu-sport"],"jetpack_publicize_connections":[],"jetpack_featured_media_url":"https:\/\/i0.wp.com\/www.iceagetv.com\/radiosite\/wp-content\/uploads\/2019\/01\/Emiliano-Sala.jpg?fit=1950%2C1096&ssl=1","jetpack_sharing_enabled":true,"_links":{"self":[{"href":"https:\/\/www.iceagetv.com\/radiosite\/wp-json\/wp\/v2\/posts\/11294","targetHints":{"allow":["GET"]}}],"collection":[{"href":"https:\/\/www.iceagetv.com\/radiosite\/wp-json\/wp\/v2\/posts"}],"about":[{"href":"https:\/\/www.iceagetv.com\/radiosite\/wp-json\/wp\/v2\/types\/post"}],"author":[{"embeddable":true,"href":"https:\/\/www.iceagetv.com\/radiosite\/wp-json\/wp\/v2\/users\/2"}],"replies":[{"embeddable":true,"href":"https:\/\/www.iceagetv.com\/radiosite\/wp-json\/wp\/v2\/comments?post=11294"}],"version-history":[{"count":1,"href":"https:\/\/www.iceagetv.com\/radiosite\/wp-json\/wp\/v2\/posts\/11294\/revisions"}],"predecessor-version":[{"id":11296,"href":"https:\/\/www.iceagetv.com\/radiosite\/wp-json\/wp\/v2\/posts\/11294\/revisions\/11296"}],"wp:featuredmedia":[{"embeddable":true,"href":"https:\/\/www.iceagetv.com\/radiosite\/wp-json\/wp\/v2\/media\/11295"}],"wp:attachment":[{"href":"https:\/\/www.iceagetv.com\/radiosite\/wp-json\/wp\/v2\/media?parent=11294"}],"wp:term":[{"taxonomy":"category","embeddable":true,"href":"https:\/\/www.iceagetv.com\/radiosite\/wp-json\/wp\/v2\/categories?post=11294"},{"taxonomy":"post_tag","embeddable":true,"href":"https:\/\/www.iceagetv.com\/radiosite\/wp-json\/wp\/v2\/tags?post=11294"}],"curies":[{"name":"wp","href":"https:\/\/api.w.org\/{rel}","templated":true}]}}