{"id":11313,"date":"2019-01-24T09:10:35","date_gmt":"2019-01-24T09:10:35","guid":{"rendered":"http:\/\/www.iceagetv.com\/radiosite\/?p=11313"},"modified":"2019-01-24T09:10:41","modified_gmt":"2019-01-24T09:10:41","slug":"gilets-jaunes-une-liste-aux-europeennes-menee-par-ingrid-levavasseur","status":"publish","type":"post","link":"https:\/\/www.iceagetv.com\/radiosite\/gilets-jaunes-une-liste-aux-europeennes-menee-par-ingrid-levavasseur\/","title":{"rendered":"Gilets jaunes\u00a0\u00bb : une liste aux europ\u00e9ennes men\u00e9e par Ingrid Levavasseur"},"content":{"rendered":"\n<p>Dans un communiqu\u00e9 publi\u00e9 aujourd&rsquo;hui, le \u00ab\u00a0ralliement d&rsquo;initiative citoyenne\u00a0\u00bb (RIC), a diffus\u00e9\u00a0<strong>une liste de dix noms<\/strong>, en vue de constituer\u00a0<strong>79 candidats d&rsquo;ici \u00ab\u00a0mi-f\u00e9vrier\u00a0\u00bb pour le scrutin du 26 mai prochain<\/strong>, a pr\u00e9cis\u00e9 l&rsquo;un de ses responsables.<\/p>\n\n\n\n<p>Une liste susceptible d&rsquo;\u00e9voluer. \u00ab\u00a0On pourrait tr\u00e8s bien avoir 79 candidats d\u00e8s aujourd&rsquo;hui, mais on a choisi d&rsquo;ouvrir au participatif.\u00a0<strong>Il y aura une votation interne entre les candidats actuels pour d\u00e9signer les autres places<\/strong>\u00ab\u00a0, a assur\u00e9 \u00e0 l&rsquo;AFP\u00a0<strong>Hayk Shaninyan<\/strong>, une autre figure des \u00ab\u00a0gilets jaunes\u00a0\u00bb qui soutient l&rsquo;initiative, sans figurer pour l&rsquo;instant sur la liste.<\/p>\n\n\n\n<p>L&rsquo;id\u00e9e est que cette liste soit port\u00e9e par&nbsp;<strong>des gens qui ont fait cette mobilisation depuis le d\u00e9but sur les ronds-points, pas des technocrates<\/strong>. On a d\u00e9j\u00e0 refus\u00e9 plusieurs grandes personnalit\u00e9s.\u00a0\u00bb, a t-il confi\u00e9 ensuite \u00e0 nos confr\u00e8res du&nbsp;<em><a href=\"http:\/\/www.lefigaro.fr\/politique\/le-scan\/2019\/01\/23\/25001-20190123ARTFIG00274-europeennes-une-premiere-liste-gilets-jaunes-conduite-par-ingrid-levavasseur-presentee.php\">Figaro<\/a>.&nbsp;<\/em>Pour le jeune homme, une candidature est autant envisageable aux \u00e9lections locales que l\u00e9gislatives.&nbsp; &nbsp;<\/p>\n\n\n\n<h3 class=\"wp-block-heading\">Un panel de repr\u00e9sentants vari\u00e9<\/h3>\n\n\n\n<p>Le premier nom connu de cette liste n&rsquo;est autre qu&rsquo;<strong>Ingrid Levavasseur<\/strong>, une<strong>&nbsp;aide-soignante<\/strong>&nbsp;de 31 ans r\u00e9sidant dans l&rsquo;Eure, qui a r\u00e9cemment renonc\u00e9 \u00e0 devenir chroniqueuse \u00ab\u00a0gilets jaunes\u00a0\u00bb sur BFM TV, apr\u00e8s avoir re\u00e7u des menaces.<br><br><strong>Les dix premiers candidats ont entre 29 et 53 ans<\/strong>, et&nbsp;<strong>des professions vari\u00e9es<\/strong>&nbsp;(chef de petite entreprise, cariste, juriste, m\u00e8re au foyer ou encore fonctionnaire).<\/p>\n\n\n\n<h3 class=\"wp-block-heading\">Les gilets jaunes entre LREM et Les R\u00e9publicains<\/h3>\n\n\n\n<p>L&rsquo;initiative s&rsquo;ajoute \u00e0&nbsp;<a href=\"https:\/\/www.rtl.fr\/actu\/debats-societe\/europeennes-francis-lalanne-lance-une-liste-rassemblement-gilets-jaunes-7795961633\">un projet de liste<\/a>&nbsp;annonc\u00e9 en d\u00e9cembre par le chanteur<strong>&nbsp;Francis Lalanne&nbsp;<\/strong>sous le nom de \u00ab\u00a0rassemblement gilet jaune citoyen\u00a0\u00bb, qui n&rsquo;a plus communiqu\u00e9 ces derni\u00e8res semaines.<br><br>Selon&nbsp;<a href=\"https:\/\/elabe.fr\/elections-europeennes-janvier2019\/\">un sondage Elabe<\/a>publi\u00e9 aujourd&rsquo;hui,<strong>&nbsp;une liste \u00ab\u00a0gilets jaunes\u00a0\u00bb<\/strong>&nbsp;est cr\u00e9dit\u00e9e de<strong>&nbsp;la troisi\u00e8me place, avec 13% des voix<\/strong>, derri\u00e8re La R\u00e9publique en Marche et le Rassemblement national, mais devant Les R\u00e9publicains ou la France Insoumise.&nbsp;<br><br>L&rsquo;irruption d&rsquo;<strong>une liste \u00ab\u00a0gilets jaunes\u00a0\u00bb&nbsp;<\/strong>dans le scrutin<strong>&nbsp;nuirait principalement au RN<\/strong>, selon Elabe. Ce sondage porte toutefois sur<strong>l&rsquo;hypoth\u00e8se d&rsquo;une liste \u00ab\u00a0gilets jaunes\u00a0\u00bb d\u00e9finitive<\/strong>&nbsp;et non pr\u00e9cis\u00e9ment sur la liste provisoire.&nbsp;<br><br>Pour atteindre ses objectifs et pouvoir d\u00e9poser sa liste officielle pour les prochaines europ\u00e9ennes,&nbsp;<strong>le RIC affirme avoir l&rsquo;intention de lancer un appel aux dons<\/strong>, visant \u00e0 r\u00e9colter les centaines de milliers d&rsquo;euros manquants pour atteindre les 700 000 \u00e0 800 000 euros n\u00e9cessaires au d\u00e9p\u00f4t de candidature.<\/p>\n","protected":false},"excerpt":{"rendered":"<p>Dans un communiqu\u00e9 publi\u00e9 aujourd&rsquo;hui, le \u00ab\u00a0ralliement d&rsquo;initiative citoyenne\u00a0\u00bb (RIC), a diffus\u00e9\u00a0une liste de dix noms, en vue de constituer\u00a079 candidats d&rsquo;ici \u00ab\u00a0mi-f\u00e9vrier\u00a0\u00bb pour le scrutin du 26 mai prochain, a pr\u00e9cis\u00e9 l&rsquo;un de ses responsables. Une liste susceptible d&rsquo;\u00e9voluer. \u00ab\u00a0On pourrait tr\u00e8s bien avoir 79 candidats d\u00e8s aujourd&rsquo;hui, mais on a choisi d&rsquo;ouvrir au [&hellip;]<\/p>\n","protected":false},"author":2,"featured_media":11314,"comment_status":"open","ping_status":"open","sticky":false,"template":"","format":"standard","meta":{"_jetpack_memberships_contains_paid_content":false,"footnotes":"","jetpack_publicize_message":"","jetpack_publicize_feature_enabled":true,"jetpack_social_post_already_shared":true,"jetpack_social_options":{"image_generator_settings":{"template":"highway","default_image_id":0,"font":"","enabled":false},"version":2},"_wpas_customize_per_network":false},"categories":[405],"tags":[],"class_list":["post-11313","post","type-post","status-publish","format-standard","has-post-thumbnail","hentry","category-actu-france-monde"],"jetpack_publicize_connections":[],"jetpack_featured_media_url":"https:\/\/i0.wp.com\/www.iceagetv.com\/radiosite\/wp-content\/uploads\/2019\/01\/Ingrid-Levavasseur.jpg?fit=880%2C586&ssl=1","jetpack_sharing_enabled":true,"_links":{"self":[{"href":"https:\/\/www.iceagetv.com\/radiosite\/wp-json\/wp\/v2\/posts\/11313","targetHints":{"allow":["GET"]}}],"collection":[{"href":"https:\/\/www.iceagetv.com\/radiosite\/wp-json\/wp\/v2\/posts"}],"about":[{"href":"https:\/\/www.iceagetv.com\/radiosite\/wp-json\/wp\/v2\/types\/post"}],"author":[{"embeddable":true,"href":"https:\/\/www.iceagetv.com\/radiosite\/wp-json\/wp\/v2\/users\/2"}],"replies":[{"embeddable":true,"href":"https:\/\/www.iceagetv.com\/radiosite\/wp-json\/wp\/v2\/comments?post=11313"}],"version-history":[{"count":1,"href":"https:\/\/www.iceagetv.com\/radiosite\/wp-json\/wp\/v2\/posts\/11313\/revisions"}],"predecessor-version":[{"id":11315,"href":"https:\/\/www.iceagetv.com\/radiosite\/wp-json\/wp\/v2\/posts\/11313\/revisions\/11315"}],"wp:featuredmedia":[{"embeddable":true,"href":"https:\/\/www.iceagetv.com\/radiosite\/wp-json\/wp\/v2\/media\/11314"}],"wp:attachment":[{"href":"https:\/\/www.iceagetv.com\/radiosite\/wp-json\/wp\/v2\/media?parent=11313"}],"wp:term":[{"taxonomy":"category","embeddable":true,"href":"https:\/\/www.iceagetv.com\/radiosite\/wp-json\/wp\/v2\/categories?post=11313"},{"taxonomy":"post_tag","embeddable":true,"href":"https:\/\/www.iceagetv.com\/radiosite\/wp-json\/wp\/v2\/tags?post=11313"}],"curies":[{"name":"wp","href":"https:\/\/api.w.org\/{rel}","templated":true}]}}