{"id":11322,"date":"2019-01-25T08:59:10","date_gmt":"2019-01-25T08:59:10","guid":{"rendered":"http:\/\/www.iceagetv.com\/radiosite\/?p=11322"},"modified":"2019-01-25T08:59:15","modified_gmt":"2019-01-25T08:59:15","slug":"le-depute-de-la-republique-en-marche-adrien-taquet-a-ete-nomme-secretaire-detat-en-charge-de-la-protection-de-lenfance","status":"publish","type":"post","link":"https:\/\/www.iceagetv.com\/radiosite\/le-depute-de-la-republique-en-marche-adrien-taquet-a-ete-nomme-secretaire-detat-en-charge-de-la-protection-de-lenfance\/","title":{"rendered":"Le d\u00e9put\u00e9 de La R\u00e9publique en marche Adrien Taquet a \u00e9t\u00e9 nomm\u00e9 secr\u00e9taire d\u2019\u00c9tat en charge de la Protection de l\u2019enfance"},"content":{"rendered":"\n<p>Le d\u00e9put\u00e9 de La R\u00e9publique en marche, Adrien Taquet, a \u00e9t\u00e9 nomm\u00e9 secr\u00e9taire d\u2019\u00c9tat en charge de la Protection de l\u2019enfance, aupr\u00e8s de la ministre de la Sant\u00e9 et des Solidarit\u00e9s, Agn\u00e8s Buzyn, a annonc\u00e9 l\u2019\u00c9lys\u00e9e dans un communiqu\u00e9.<\/p>\n\n\n\n<p>\u00c2g\u00e9 de 42 ans et un des fondateurs du mouvement \u00abEn Marche!\u00bb qui a port\u00e9 Emmanuel Macron \u00e0 la pr\u00e9sidence de la R\u00e9publique en 2017, Adrien Taquet devra mettre en \u0153uvre la \u00abstrat\u00e9gie nationale pour la protection de l\u2019enfance et de l\u2019adolescence\u00bb qui doit \u00eatre pr\u00e9sent\u00e9e lundi apr\u00e8s des mois de reports.<\/p>\n\n\n\n<p>Cette strat\u00e9gie, dont le principe avait \u00e9t\u00e9 annonc\u00e9 en janvier 2018, s\u2019inscrira dans le cadre de la loi du 14 mars 2016 sur la protection de l\u2019enfance et des recommandations du comit\u00e9 des droits de l\u2019enfant des Nations unies. Elle doit s\u2019articuler avec la strat\u00e9gie de lutte contre la pauvret\u00e9 des enfants et des jeunes amorc\u00e9e au printemps.<br>Parmi les pistes d\u00e9j\u00e0 connues de cette feuille de route, Mme Buzyn avait annonc\u00e9 courant novembre la prise en charge \u00e0 100% des frais de sant\u00e9 des jeunes confi\u00e9s aux services sociaux et un accompagnement financier pour ceux qui souhaitent poursuivre des \u00e9tudes longues. Mais d\u2019autres sujets comme la situation des jeunes majeurs sortant de l\u2019aide sociale \u00e0 l\u2019enfance, l\u2019\u00e2ge du consentement sexuel ou les moyens aux associations figurent parmi les attentes des professionnels du secteur.<\/p>\n","protected":false},"excerpt":{"rendered":"<p>Le d\u00e9put\u00e9 de La R\u00e9publique en marche, Adrien Taquet, a \u00e9t\u00e9 nomm\u00e9 secr\u00e9taire d\u2019\u00c9tat en charge de la Protection de l\u2019enfance, aupr\u00e8s de la ministre de la Sant\u00e9 et des Solidarit\u00e9s, Agn\u00e8s Buzyn, a annonc\u00e9 l\u2019\u00c9lys\u00e9e dans un communiqu\u00e9. \u00c2g\u00e9 de 42 ans et un des fondateurs du mouvement \u00abEn Marche!\u00bb qui a port\u00e9 Emmanuel [&hellip;]<\/p>\n","protected":false},"author":2,"featured_media":11323,"comment_status":"open","ping_status":"open","sticky":false,"template":"","format":"standard","meta":{"_jetpack_memberships_contains_paid_content":false,"footnotes":"","jetpack_publicize_message":"","jetpack_publicize_feature_enabled":true,"jetpack_social_post_already_shared":true,"jetpack_social_options":{"image_generator_settings":{"template":"highway","default_image_id":0,"font":"","enabled":false},"version":2},"_wpas_customize_per_network":false},"categories":[405],"tags":[],"class_list":["post-11322","post","type-post","status-publish","format-standard","has-post-thumbnail","hentry","category-actu-france-monde"],"jetpack_publicize_connections":[],"jetpack_featured_media_url":"https:\/\/i0.wp.com\/www.iceagetv.com\/radiosite\/wp-content\/uploads\/2019\/01\/Adrien-Taquet.jpg?fit=750%2C324&ssl=1","jetpack_sharing_enabled":true,"_links":{"self":[{"href":"https:\/\/www.iceagetv.com\/radiosite\/wp-json\/wp\/v2\/posts\/11322","targetHints":{"allow":["GET"]}}],"collection":[{"href":"https:\/\/www.iceagetv.com\/radiosite\/wp-json\/wp\/v2\/posts"}],"about":[{"href":"https:\/\/www.iceagetv.com\/radiosite\/wp-json\/wp\/v2\/types\/post"}],"author":[{"embeddable":true,"href":"https:\/\/www.iceagetv.com\/radiosite\/wp-json\/wp\/v2\/users\/2"}],"replies":[{"embeddable":true,"href":"https:\/\/www.iceagetv.com\/radiosite\/wp-json\/wp\/v2\/comments?post=11322"}],"version-history":[{"count":1,"href":"https:\/\/www.iceagetv.com\/radiosite\/wp-json\/wp\/v2\/posts\/11322\/revisions"}],"predecessor-version":[{"id":11324,"href":"https:\/\/www.iceagetv.com\/radiosite\/wp-json\/wp\/v2\/posts\/11322\/revisions\/11324"}],"wp:featuredmedia":[{"embeddable":true,"href":"https:\/\/www.iceagetv.com\/radiosite\/wp-json\/wp\/v2\/media\/11323"}],"wp:attachment":[{"href":"https:\/\/www.iceagetv.com\/radiosite\/wp-json\/wp\/v2\/media?parent=11322"}],"wp:term":[{"taxonomy":"category","embeddable":true,"href":"https:\/\/www.iceagetv.com\/radiosite\/wp-json\/wp\/v2\/categories?post=11322"},{"taxonomy":"post_tag","embeddable":true,"href":"https:\/\/www.iceagetv.com\/radiosite\/wp-json\/wp\/v2\/tags?post=11322"}],"curies":[{"name":"wp","href":"https:\/\/api.w.org\/{rel}","templated":true}]}}