{"id":11350,"date":"2019-01-26T19:39:17","date_gmt":"2019-01-26T19:39:17","guid":{"rendered":"http:\/\/www.iceagetv.com\/radiosite\/?p=11350"},"modified":"2019-01-26T19:39:25","modified_gmt":"2019-01-26T19:39:25","slug":"gilets-jaunes-ce-quil-faut-retenir-de-ce-onzieme-samedi-de-manifestations","status":"publish","type":"post","link":"https:\/\/www.iceagetv.com\/radiosite\/gilets-jaunes-ce-quil-faut-retenir-de-ce-onzieme-samedi-de-manifestations\/","title":{"rendered":"Gilets jaunes\u00bb : ce qu&rsquo;il faut retenir de ce onzi\u00e8me samedi de manifestations"},"content":{"rendered":"\n<p>Alors que le Grand d\u00e9bat national est ouvert depuis plusieurs jours, une nouvelle journ\u00e9e de mobilisation du mouvement des \u00abgilets jaunes\u00bb a eu lieu \u00e0 travers le pays. 69.000 manifestants ont \u00e9t\u00e9 comptabilis\u00e9s. De nouvelles violences ont \u00e9t\u00e9 observ\u00e9es. Le point complet.<\/p>\n\n\n\n<p><a href=\"http:\/\/www.lefigaro.fr\/actualite-france\/2019\/01\/26\/01016-20190126LIVWWW00061-en-direct-gilets-jaunes-un-onzieme-samedi-de-manifestations.php\">Voici ce qu&rsquo;il faut retenir de ce onzi\u00e8me samedi de mobilisations du mouvement dit des \u00abgilets jaunes\u00bb<\/a>\u00a0qui a r\u00e9uni des dizaines de milliers de personnes \u00e0 travers le pays.<\/p>\n\n\n\n<p><strong>&nbsp;69.000 personnes \u00e0 travers le pays<\/strong><\/p>\n\n\n\n<p>Selon le d\u00e9compte du minist\u00e8re de l&rsquo;Int\u00e9rieur, ils \u00e9taient 69.000 \u00e0 travers le pays pour cette nouvelle journ\u00e9e (dont 4000 \u00e0&nbsp;<strong>Paris<\/strong>). Pour rappel, ils \u00e9taient au moins 84.000 les deux samedis pr\u00e9c\u00e9dents, selon le m\u00eame d\u00e9compte. Plusieurs dizaines de personnes ont \u00e9t\u00e9 arr\u00eat\u00e9es. Ce samedi, les protestataires se sont r\u00e9unis aux cris d\u00e9sormais habituels de \u00abMacron d\u00e9mission\u00bb.<\/p>\n\n\n\n<p>Ils \u00e9taient plusieurs milliers \u00e0&nbsp;<strong>Bordeaux<\/strong>, mais aussi \u00e0&nbsp;<strong>Toulouse&nbsp;<\/strong>(deux places fortes du mouvement) ainsi que plusieurs centaines \u00e0&nbsp;<strong>Nantes<\/strong>.<\/p>\n\n\n\n<p>\u00c0\u00a0<strong>Marseille<\/strong>, plusieurs milliers de personnes \u00e9taient rassembl\u00e9es d\u00e8s 14h00 sur le Vieux-Port, dont des militants de la CGT esp\u00e9rant une \u00abconvergence de tous les gilets\u00bb, jaunes et rouges du syndicat.\u00c0\u00a0<strong>Besan\u00e7on<\/strong>, le mouvement hospitalier des \u00abBlouses blanches\u00bb s&rsquo;est joint au cort\u00e8ge des \u00abgilets jaunes\u00bb. Quelques centaines de personnes ont d\u00e9fil\u00e9 dans la matin\u00e9e \u00e0\u00a0<strong>Strasbourg<\/strong>, entre le centre-ville et le Parlement europ\u00e9en.<br>J\u00e9r\u00f4me Rodrigues a re\u00e7u un projectile dans l&rsquo;\u0153il, probablement \u00e0 la suite d&rsquo;un tir des forces de l&rsquo;ordre. D&rsquo;abord \u00e9vacu\u00e9 par des infirmiers \u00abgilets jaunes\u00bb, il a \u00e9t\u00e9 pris en charge par les pompiers et \u00e9vacu\u00e9 sur une civi\u00e8re. Depuis l&rsquo;h\u00f4pital, il a post\u00e9 un selfie dans lequel il mentionne qu&rsquo;il risque de perdre son oeil.<\/p>\n\n\n\n<p>A&nbsp;<strong>Rouen<\/strong>, cinq personnes (quatre manifestants et un fonctionnaire de police) ont \u00e9t\u00e9 bless\u00e9es et il y a eu treize interpellations. Au&nbsp;<strong>Havre<\/strong>, un policier a \u00e9t\u00e9 bless\u00e9 et six personnes ont \u00e9t\u00e9 interpell\u00e9es, d&rsquo;apr\u00e8s la pr\u00e9fecture.<\/p>\n\n\n\n<p>Quelques d\u00e9bordements ont \u00e9t\u00e9 observ\u00e9s \u00e0 Dijon (2500 manifestants), idem \u00e0 Lyon o\u00f9 l&rsquo;ambiance a \u00e9t\u00e9 tendue (1500 manifestants).<\/p>\n\n\n\n<p>A&nbsp;<strong>Montpellier<\/strong>, quelque 1500 manifestants ont d\u00e9fil\u00e9 dans le centre-ville, a constat\u00e9 une journaliste de l&rsquo;AFP, et ont rendu notamment hommage aux \u00abgilets jaunes\u00bb victimes de violences polici\u00e8res. Des incidents ont \u00e9clat\u00e9 vers 17H00 devant la pr\u00e9fecture, o\u00f9 les forces de l&rsquo;ordre ont tent\u00e9 de repousser les manifestants avec des jets d&rsquo;eau, derri\u00e8re les grilles du b\u00e2timent.<\/p>\n\n\n\n<p>La manifestation des \u00abgilets jaunes\u00bb a \u00e9galement \u00e9t\u00e9 tendue \u00e0&nbsp;<strong>Avignon<\/strong>: la pr\u00e9fecture a fait \u00e9tat \u00e0 18h00 de 16 gardes \u00e0 vue, notamment pour d\u00e9tention de cocktail Molotov mais souligne qu&rsquo;il \u00abn&rsquo;y a quasiment eu aucun d\u00e9g\u00e2t\u00bb.<\/p>\n\n\n\n<p><strong>\u2022 Baisse de la mobilisation dans la Dr\u00f4me<\/strong><\/p>\n\n\n\n<p>A Valence, 700 personnes ont d\u00e9fil\u00e9 dans le calme, selon la pr\u00e9fecture, moiti\u00e9 moins que la semaine pass\u00e9e. Une d\u00e9mobilisation apr\u00e8s la visite d&rsquo;Emmanuel Macron jeudi? Le pr\u00e9sident de la R\u00e9publique avait pass\u00e9 la journ\u00e9e dans la Dr\u00f4me, finissant le soir par \u00e9changer pendant plus de trois heures et pour la premi\u00e8re fois avec des citoyens dans le cadre du Grand d\u00e9bat \u00e0 Bourg-de-P\u00e9age.<\/p>\n\n\n\n<p><strong>\u2022 La ministre Annick Girardin \u00e9chanche avec des manifestants<\/strong><\/p>\n\n\n\n<p>La ministre des Outre-Maire, Annick Girardin, est descendue \u00e0 la rencontre de \u00abgilets jaunes\u00bb qui passaient devant son minist\u00e8re, o\u00f9 des dizaines de manifestants \u00e9taient rassembl\u00e9s pour une \u00abMarche solidaire des territoires \u00e9loign\u00e9s\u00bb \u00e0 Paris.<\/p>\n\n\n\n<p>Parmi ses interlocuteurs: l&rsquo;\u00e9crivain Philippe Pascot,\u00a0<a href=\"http:\/\/www.lefigaro.fr\/actualite-france\/2019\/01\/25\/01016-20190125ARTFIG00269-etienne-chouard-apotre-du-ric-et-idole-des-gilets-jaunes.php\">le controvers\u00e9 ap\u00f4tre du RIC \u00c9tienne Chouard<\/a>. \u00abJe suis pour faire participer les citoyens davantage \u00e0 la d\u00e9cision\u00bb, a d\u00e9clar\u00e9 la ministre. \u00abIl faut associer les citoyens \u00e0 la construction des r\u00e9ponses\u00bb mais, pr\u00e9cise-t-elle ensuite au micro de BFMTV, le RIC \u00abva beaucoup trop loin\u00bb.<\/p>\n\n\n\n<p><strong>Une \u00abnuit jaune\u00bb?<\/strong><\/p>\n\n\n\n<p>A Paris, et dans plusieurs villes de France, les manifestants \u00e9taient appel\u00e9s \u00e0 participer \u00e0 une \u00abnuit jaune\u00bb, r\u00e9f\u00e9rence aux \u00abNuits debout\u00bb de 2016, en pleine mobilisation contre la loi travail. Place de la R\u00e9publique, Eric Drouet, initiateur du mouvement, avait appel\u00e9 \u00e0 se rassembler, ainsi qu&rsquo;une autre de ses figures, Thierry Paul Vallette. \u00abNous devons maintenir nos mobilisations. Elles ne doivent plus se faire dans la violence. Nous devons avoir d&rsquo;autres alternatives\u00bb, lit-on sur la page Facebook \u00abNuit Jaune\u00bb. Au cours de la soir\u00e9e, la place avait \u00e9t\u00e9 vid\u00e9e par les forces de l&rsquo;ordre de crainte de heurts.<\/p>\n","protected":false},"excerpt":{"rendered":"<p>Alors que le Grand d\u00e9bat national est ouvert depuis plusieurs jours, une nouvelle journ\u00e9e de mobilisation du mouvement des \u00abgilets jaunes\u00bb a eu lieu \u00e0 travers le pays. 69.000 manifestants ont \u00e9t\u00e9 comptabilis\u00e9s. De nouvelles violences ont \u00e9t\u00e9 observ\u00e9es. Le point complet. Voici ce qu&rsquo;il faut retenir de ce onzi\u00e8me samedi de mobilisations du mouvement [&hellip;]<\/p>\n","protected":false},"author":2,"featured_media":11351,"comment_status":"open","ping_status":"open","sticky":false,"template":"","format":"standard","meta":{"_jetpack_memberships_contains_paid_content":false,"footnotes":"","jetpack_publicize_message":"","jetpack_publicize_feature_enabled":true,"jetpack_social_post_already_shared":true,"jetpack_social_options":{"image_generator_settings":{"template":"highway","default_image_id":0,"font":"","enabled":false},"version":2},"_wpas_customize_per_network":false},"categories":[405],"tags":[],"class_list":["post-11350","post","type-post","status-publish","format-standard","has-post-thumbnail","hentry","category-actu-france-monde"],"jetpack_publicize_connections":[],"jetpack_featured_media_url":"https:\/\/i0.wp.com\/www.iceagetv.com\/radiosite\/wp-content\/uploads\/2019\/01\/Gilets-jaunes-11.jpg?fit=680%2C382&ssl=1","jetpack_sharing_enabled":true,"_links":{"self":[{"href":"https:\/\/www.iceagetv.com\/radiosite\/wp-json\/wp\/v2\/posts\/11350","targetHints":{"allow":["GET"]}}],"collection":[{"href":"https:\/\/www.iceagetv.com\/radiosite\/wp-json\/wp\/v2\/posts"}],"about":[{"href":"https:\/\/www.iceagetv.com\/radiosite\/wp-json\/wp\/v2\/types\/post"}],"author":[{"embeddable":true,"href":"https:\/\/www.iceagetv.com\/radiosite\/wp-json\/wp\/v2\/users\/2"}],"replies":[{"embeddable":true,"href":"https:\/\/www.iceagetv.com\/radiosite\/wp-json\/wp\/v2\/comments?post=11350"}],"version-history":[{"count":1,"href":"https:\/\/www.iceagetv.com\/radiosite\/wp-json\/wp\/v2\/posts\/11350\/revisions"}],"predecessor-version":[{"id":11352,"href":"https:\/\/www.iceagetv.com\/radiosite\/wp-json\/wp\/v2\/posts\/11350\/revisions\/11352"}],"wp:featuredmedia":[{"embeddable":true,"href":"https:\/\/www.iceagetv.com\/radiosite\/wp-json\/wp\/v2\/media\/11351"}],"wp:attachment":[{"href":"https:\/\/www.iceagetv.com\/radiosite\/wp-json\/wp\/v2\/media?parent=11350"}],"wp:term":[{"taxonomy":"category","embeddable":true,"href":"https:\/\/www.iceagetv.com\/radiosite\/wp-json\/wp\/v2\/categories?post=11350"},{"taxonomy":"post_tag","embeddable":true,"href":"https:\/\/www.iceagetv.com\/radiosite\/wp-json\/wp\/v2\/tags?post=11350"}],"curies":[{"name":"wp","href":"https:\/\/api.w.org\/{rel}","templated":true}]}}