{"id":11370,"date":"2019-01-30T12:02:39","date_gmt":"2019-01-30T12:02:39","guid":{"rendered":"http:\/\/www.iceagetv.com\/radiosite\/?p=11370"},"modified":"2019-01-30T12:02:46","modified_gmt":"2019-01-30T12:02:46","slug":"tempete-gabriel-seuls-laveyron-et-la-meuse-restent-en-alerte-orange-neige-verglas-ce-midi-les-poids-lourds-peuvent-reprendre-la-route-en-ile-de-france","status":"publish","type":"post","link":"https:\/\/www.iceagetv.com\/radiosite\/tempete-gabriel-seuls-laveyron-et-la-meuse-restent-en-alerte-orange-neige-verglas-ce-midi-les-poids-lourds-peuvent-reprendre-la-route-en-ile-de-france\/","title":{"rendered":"Temp\u00eate Gabriel: Seuls l&rsquo;Aveyron et la Meuse restent en alerte orange neige-verglas ce midi &#8211; Les poids-lourds peuvent reprendre la route en Ile-de-France"},"content":{"rendered":"\n<p><strong>A l&rsquo;instant, M\u00e9t\u00e9o France a publi\u00e9 un nouveau bulletin de vigilance concernant l&rsquo;alerte orange. Ce sont d\u00e9sormais deux d\u00e9partements qui restent en vigilance orange. Il s&rsquo;agit de l&rsquo;Aveyron et de la Meuse.\u00a0<\/strong><br><strong>Fin de suivi pour<\/strong>\u00a0: Aisne (02), Ardennes (08), Haute-Marne (52) et Nord (59).<strong>\u00a0<\/strong><\/p>\n\n\n\n<p><strong>Le point sur la situation ce matin<br><\/strong><\/p>\n\n\n\n<p>Vent, chutes de neige, la temp\u00eate Gabriel a travers\u00e9 la France dans la nuit, entra\u00eenant des coupures de courant dans le Sud-Ouest et en Picardie puis des difficult\u00e9s de circulation dans les Hauts-de-France mercredi matin.<\/p>\n\n\n\n<p>Six d\u00e9partements, (Aisne, Ardennes, Aveyron, Haute-Marne, Meuse et Nord), contre 43 au d\u00e9but de la temp\u00eate, \u00e9taient encore plac\u00e9s en vigilance orange mercredi \u00e0 10h00, uniquement pour le risque \u00abneige-verglas\u00bb, selon M\u00e9t\u00e9o-France, et ce jusqu\u2019\u00e0 jeudi minuit.<\/p>\n\n\n\n<p>Les cumuls finalement attendus seront g\u00e9n\u00e9ralement de l\u2019ordre de 5 \u00e0 10 cm notamment sur les Hauts-de-France, avec ponctuellement 15 cm.<\/p>\n\n\n\n<p>Les chutes de neige, qui doivent encore toucher dans la matin\u00e9e les Hauts-de-France, la Champagne et la Lorraine, faibliront au fil des heures, la temp\u00eate Gabriel quittant la France pour atteindre l\u2019Allemagne, pr\u00e9cise le pr\u00e9visionniste.<\/p>\n\n\n\n<p>A Amiens et Lille, aucun bus ne circule; \u00e0 l\u2019a\u00e9roport de Lille-Lesquin, les vols sont retard\u00e9s, et pr\u00e9vus au mieux \u00e0 10h30, le temps de d\u00e9gager les pistes, et la distribution des journaux nationaux a \u00e9t\u00e9 perturb\u00e9e.<\/p>\n\n\n\n<p>Selon Enedis, \u00e0 8H30, il y avait 41.000 foyers priv\u00e9s d\u2019\u00e9lectricit\u00e9, principalement en Picardie, o\u00f9 trois lignes de TER sont compl\u00e8tement coup\u00e9es \u00e0 cause des chutes d\u2019arbres sur les voies, selon la SNCF. Les TGV, qui roulent au ralenti entre Paris, Lille et Calais, avaient jusqu\u2019\u00e0 1h15 de retard.<\/p>\n\n\n\n<p>En Ile-de-France, la circulation des bus RATP a \u00e9t\u00e9 momentan\u00e9ment perturb\u00e9e (jusqu\u2019\u00e0 1 bus sur 2) mais \u00e0 8H00, le trafic \u00e9tait revenu \u00abnormal sur l\u2019ensemble du r\u00e9seau : m\u00e9tro, bus, tramway, RER A et B\u00bb, selon la r\u00e9gie. En revanche, le RER C \u00e9tait perturb\u00e9 sur l\u2019ensemble de la ligne, indique la SNCF.<\/p>\n\n\n\n<p>Dans le Sud-Ouest, o\u00f9 les rafales de vent ont atteint jusqu\u2019\u00e0 110 km\/h dans les Landes, 20.000 clients ont \u00e9t\u00e9 priv\u00e9s d\u2019\u00e9lectricit\u00e9 dans la soir\u00e9e, et le courant devait \u00eatre r\u00e9tabli au fur et \u00e0 mesure mercredi.<\/p>\n\n\n\n<p>Plusieurs liaisons de bacs sur l\u2019estuaire de la Gironde ont \u00e9t\u00e9 interrompues, des vols annul\u00e9s \u00e0 l\u2019a\u00e9roport de Biarritz, le pont de Noirmoutier interdit \u00e0 la circulation et Nantes a ferm\u00e9 tous ses parcs et jardins publics.<\/p>\n\n\n\n<p>Plus aucun d\u00e9partement n\u2019\u00e9tait en vigilance \u00abvents violent\u00bb mercredi.<\/p>\n\n\n\n<p>En pr\u00e9vision des intemp\u00e9ries, la ministre des Transports Elisabeth Borne avait appel\u00e9 les automobilistes \u00ab\u00e0 la plus grande prudence\u00bb, et \u00e0 \u00e9viter de circuler du d\u00e9but de soir\u00e9e mardi \u00e0 mercredi matin inclus.<\/p>\n\n\n\n<p>En plus des op\u00e9rations de salage et de d\u00e9neigement, des mesures de restrictions de circulation ont \u00e9t\u00e9 prises. Ainsi, la fameuse RN 118 qui relie Les Ulis (Essonne) au sud-ouest de Paris, o\u00f9 2.000 personnes s\u2019\u00e9taient retrouv\u00e9es bloqu\u00e9es par la neige en f\u00e9vrier 2017, est ferm\u00e9e depuis mardi 15H00 et au moins jusqu\u2019\u00e0 mercredi matin.<\/p>\n\n\n\n<p>La circulation des poids lourds est interdite ou limit\u00e9e dans plusieurs r\u00e9gions, et les transports scolaires sont suspendus mercredi notamment dans toute la r\u00e9gion des Hauts-de-France, en Mayenne, en Seine-Maritime, dans l\u2019Eure, dans l\u2019Orne, en Bourgogne et dans les d\u00e9partements franciliens de la grande couronne (Essonne, Seine-et-Marne, Val-d\u2019Oise).<\/p>\n\n\n\n<p>Dans les airs, une vingtaine de vols ont d\u00fb \u00eatre annul\u00e9s apr\u00e8s 20H00 mardi \u00e0 l\u2019a\u00e9roport de Paris-Orly, et sur les rails, la SNCF a activ\u00e9 son plan grand froid, tout comme la RATP \u00e0 Paris.<br><strong>41.000 foyers sont toujours priv\u00e9s ce matin d&rsquo;\u00e9lectricit\u00e9. Les coupures concernent essentiellement la Picardie.<\/strong><\/p>\n","protected":false},"excerpt":{"rendered":"<p>A l&rsquo;instant, M\u00e9t\u00e9o France a publi\u00e9 un nouveau bulletin de vigilance concernant l&rsquo;alerte orange. Ce sont d\u00e9sormais deux d\u00e9partements qui restent en vigilance orange. Il s&rsquo;agit de l&rsquo;Aveyron et de la Meuse.\u00a0Fin de suivi pour\u00a0: Aisne (02), Ardennes (08), Haute-Marne (52) et Nord (59).\u00a0 Le point sur la situation ce matin Vent, chutes de neige, [&hellip;]<\/p>\n","protected":false},"author":2,"featured_media":11371,"comment_status":"open","ping_status":"open","sticky":false,"template":"","format":"standard","meta":{"_jetpack_memberships_contains_paid_content":false,"footnotes":"","jetpack_publicize_message":"","jetpack_publicize_feature_enabled":true,"jetpack_social_post_already_shared":true,"jetpack_social_options":{"image_generator_settings":{"template":"highway","default_image_id":0,"font":"","enabled":false},"version":2},"_wpas_customize_per_network":false},"categories":[14],"tags":[],"class_list":["post-11370","post","type-post","status-publish","format-standard","has-post-thumbnail","hentry","category-actu-meteo"],"jetpack_publicize_connections":[],"jetpack_featured_media_url":"https:\/\/i0.wp.com\/www.iceagetv.com\/radiosite\/wp-content\/uploads\/2019\/01\/Temp%C3%AAte-Gabriel.jpg?fit=750%2C324&ssl=1","jetpack_sharing_enabled":true,"_links":{"self":[{"href":"https:\/\/www.iceagetv.com\/radiosite\/wp-json\/wp\/v2\/posts\/11370","targetHints":{"allow":["GET"]}}],"collection":[{"href":"https:\/\/www.iceagetv.com\/radiosite\/wp-json\/wp\/v2\/posts"}],"about":[{"href":"https:\/\/www.iceagetv.com\/radiosite\/wp-json\/wp\/v2\/types\/post"}],"author":[{"embeddable":true,"href":"https:\/\/www.iceagetv.com\/radiosite\/wp-json\/wp\/v2\/users\/2"}],"replies":[{"embeddable":true,"href":"https:\/\/www.iceagetv.com\/radiosite\/wp-json\/wp\/v2\/comments?post=11370"}],"version-history":[{"count":1,"href":"https:\/\/www.iceagetv.com\/radiosite\/wp-json\/wp\/v2\/posts\/11370\/revisions"}],"predecessor-version":[{"id":11372,"href":"https:\/\/www.iceagetv.com\/radiosite\/wp-json\/wp\/v2\/posts\/11370\/revisions\/11372"}],"wp:featuredmedia":[{"embeddable":true,"href":"https:\/\/www.iceagetv.com\/radiosite\/wp-json\/wp\/v2\/media\/11371"}],"wp:attachment":[{"href":"https:\/\/www.iceagetv.com\/radiosite\/wp-json\/wp\/v2\/media?parent=11370"}],"wp:term":[{"taxonomy":"category","embeddable":true,"href":"https:\/\/www.iceagetv.com\/radiosite\/wp-json\/wp\/v2\/categories?post=11370"},{"taxonomy":"post_tag","embeddable":true,"href":"https:\/\/www.iceagetv.com\/radiosite\/wp-json\/wp\/v2\/tags?post=11370"}],"curies":[{"name":"wp","href":"https:\/\/api.w.org\/{rel}","templated":true}]}}