{"id":11382,"date":"2019-01-30T12:07:03","date_gmt":"2019-01-30T12:07:03","guid":{"rendered":"http:\/\/www.iceagetv.com\/radiosite\/?p=11382"},"modified":"2019-01-30T12:07:11","modified_gmt":"2019-01-30T12:07:11","slug":"au-venezuela-maduro-refuse-de-remettre-son-mandat-en-jeu","status":"publish","type":"post","link":"https:\/\/www.iceagetv.com\/radiosite\/au-venezuela-maduro-refuse-de-remettre-son-mandat-en-jeu\/","title":{"rendered":"Au Venezuela, Maduro refuse de remettre son mandat en jeu"},"content":{"rendered":"\n<p>Nicolas Maduro avait d\u00e9j\u00e0&nbsp;<a href=\"https:\/\/www.lemonde.fr\/international\/article\/2019\/01\/28\/venezuela-maduro-rejette-l-ultimatum-europeen-exigeant-des-elections_5415618_3210.html\">rejet\u00e9, la veille, l\u2019ultimatum europ\u00e9en qui lui enjoignait, sous huit jours, d\u2019organiser une \u00e9lection pr\u00e9sidentielle<\/a>&nbsp;pour sortir de la crise. Le pr\u00e9sident v\u00e9n\u00e9zu\u00e9lien, r\u00e9\u00e9lu en mai 2018 au terme d\u2019un scrutin boycott\u00e9 par les principaux partis de l\u2019opposition, vient d\u2019enfoncer le clou, devant les micros de l\u2019agence de presse russe RIA Novosti, mercredi 30 janvier, \u00e0 l\u2019aube d\u2019une nouvelle journ\u00e9e de manifestations.<\/p>\n\n\n\n<p><em>\u00ab Nous n\u2019acceptons les ultimatums de personne dans le monde, nous n\u2019acceptons pas le chantage<\/em>, a-t-il insist\u00e9.<em>L\u2019\u00e9lection pr\u00e9sidentielle a eu lieu il y a moins d\u2019un an, il y a dix mois. Elle a eu lieu selon toutes les r\u00e8gles constitutionnelles et l\u00e9gales, et si les imp\u00e9rialistes veulent de nouvelles \u00e9lections, qu\u2019ils attendent 2025. \u00bb<\/em><\/p>\n\n\n\n<h2 class=\"wp-block-heading\">\u00ab Je suis pr\u00eat \u00e0 m\u2019asseoir \u00e0 la table des n\u00e9gociations&nbsp;\u00bb<\/h2>\n\n\n\n<p>L\u2019h\u00e9ritier d\u2019Hugo Chavez a toutefois laiss\u00e9 entendre qu\u2019il \u00e9tait dispos\u00e9 \u00e0 organiser des l\u00e9gislatives anticip\u00e9es :&nbsp;<em>\u00ab Ce serait tr\u00e8s bien d\u2019organiser des \u00e9lections l\u00e9gislatives plus t\u00f4t, cela constituerait une tr\u00e8s bonne forme de discussion politique, une bonne solution par le vote populaire. \u00bb&nbsp;<\/em>Et d\u2019ajouter :<\/p>\n\n\n\n<p><em>\u00ab Je suis pr\u00eat \u00e0 m\u2019asseoir \u00e0 la table des n\u00e9gociations avec l\u2019opposition pour parler pour le bien du Venezuela, pour la paix et son avenir. \u00bb<\/em><\/p>\n\n\n\n<p>Interrog\u00e9 sur une possible m\u00e9diation internationale, Nicolas Maduro a assur\u00e9 qu\u2019il y avait&nbsp;<em>\u00ab plusieurs gouvernements et organisations dans le monde qui&nbsp;<\/em>[montraient]&nbsp;<em>une pr\u00e9occupation sinc\u00e8re \u00bb<\/em>, et a souhait\u00e9 qu\u2019<em>\u00ab ils soutiennent le dialogue \u00bb<\/em>.<\/p>\n\n\n\n<p>Il s\u2019est \u00e9galement dit<em>&nbsp;\u00ab pr\u00eat \u00e0 discuter personnellement avec Donald Trump, en public, aux Etats-Unis, au Venezuela, o\u00f9 il voudra, quel que soit le programme \u00bb.&nbsp;<\/em>Il a \u00adcependant estim\u00e9 que c\u2019\u00e9tait&nbsp;<em>\u00ab difficile aujourd\u2019hui \u00bb<\/em>, notamment en raison des agissements, selon lui, du conseiller \u00e0 la s\u00e9curit\u00e9 nationale, John Bolton, qui&nbsp;<em>\u00ab a interdit \u00e0 Trump de mener ce dialogue \u00bb<\/em>.<\/p>\n\n\n\n<p><em>\u00ab Toutes ces ann\u00e9es<\/em>, a-t-il ajout\u00e9,&nbsp;<em>j\u2019ai fait plusieurs tentatives, j\u2019ai essay\u00e9 \u00e0 titre personnel d\u2019envoyer des messages \u00e0 Trump, ou publiquement par les m\u00e9dias, pour \u00e9tablir une communication, un respect et un dialogue avec le gouvernement am\u00e9ricain malgr\u00e9 les diff\u00e9rences politiques, culturelles et id\u00e9ologiques. \u00bb<\/em><\/p>\n\n\n\n<blockquote class=\"wp-block-quote is-layout-flow wp-block-quote-is-layout-flow\"><p>\u00ab Donald Trump a donn\u00e9 l\u2019ordre de me tuer, et dit au gouvernement colombien, \u00e0 la mafia colombienne, de me tuer. \u00bb<\/p><\/blockquote>\n\n\n\n<p><em>\u00ab Mon destin est entre les mains de Dieu, je suis chr\u00e9tien, je crois en la protection du Seigneur. Je suis toujours prot\u00e9g\u00e9 par le peuple du Venezuela, nous avons un bon service de renseignement \u00bb<\/em>, a-t-il d\u00e9clar\u00e9.&nbsp;<em>\u00ab Mais sans aucun doute, Donald Trump a donn\u00e9 l\u2019ordre de me tuer, et dit au gouvernement colombien, \u00e0 la mafia colombienne, de me tuer. Si quelque chose m\u2019arrive un jour, Donald Trump et le pr\u00e9sident colombien, Ivan Duque, seront responsables de tout ce qui m\u2019arrive. \u00bb<\/em><\/p>\n\n\n\n<h2 class=\"wp-block-heading\">Un avion russe venu embarquer l\u2019or de la banque v\u00e9n\u00e9zu\u00e9lienne ?<\/h2>\n\n\n\n<p>Le pr\u00e9sident v\u00e9n\u00e9zu\u00e9lien a ensuite exprim\u00e9 sa&nbsp;<em>\u00ab reconnaissance \u00bb<\/em>&nbsp;au pr\u00e9sident russe Vladimir Poutine. Il a affirm\u00e9 que le Venezuela continuait de recevoir&nbsp;<em>\u00ab chaque mois \u00bb<\/em>&nbsp;de l\u2019armement russe,&nbsp;<em>\u00ab le plus moderne au monde \u00bb<\/em>, dans le cadre des contrats en vigueur. Interrog\u00e9 sur la pr\u00e9sence de Russes charg\u00e9s de sa protection, M. Maduro a toutefois r\u00e9pondu d\u2019un ton \u00e9vasif :&nbsp;<em>\u00ab Je ne peux rien dire.&nbsp;<\/em>No comment.<em>&nbsp;\u00bb<\/em><\/p>\n\n\n\n<p>Le pr\u00e9sident v\u00e9n\u00e9zu\u00e9lien a assur\u00e9 que, malgr\u00e9 la situation \u00e9conomique du pays, Caracas continuerait de payer ses dettes \u00e0 la Chine et \u00e0 la Russie, ses principaux cr\u00e9anciers :&nbsp;<em>\u00ab Le Venezuela paye, toujours dans les temps. \u00bb<\/em>&nbsp;En revanche, il n\u2019a pas dit un mot sur l\u2019avion Boeing 777 de la compagnie russe Nordwind qui a d\u00e9coll\u00e9 \u00e0 vide, lundi, de Moscou pour Caracas, o\u00f9 il est arriv\u00e9 dans la soir\u00e9e. L\u2019Assembl\u00e9e nationale v\u00e9n\u00e9zu\u00e9lienne s\u2019est alarm\u00e9e de sa pr\u00e9sence et soup\u00e7onne qu\u2019il serait l\u00e0 pour embarquer l\u2019or de la banque v\u00e9n\u00e9zu\u00e9lienne.<\/p>\n\n\n\n<blockquote class=\"wp-block-quote is-layout-flow wp-block-quote-is-layout-flow\"><p>\u00ab En tant que chef d\u2019Etat, j\u2019estime qu\u2019un coup d\u2019Etat est en cours et que la Constitution est viol\u00e9e. \u00bb<\/p><\/blockquote>\n\n\n\n<p>A la question de savoir si Juan Guaido, autoproclam\u00e9 pr\u00e9sident par int\u00e9rim le 23 janvier, risquait d\u2019\u00eatre arr\u00eat\u00e9, Nicolas Maduro affirme qu\u2019<em>\u00ab \u00e0&nbsp;<\/em>[sa]<em>connaissance, cette mesure n\u2019<\/em>[avait]<em>pas encore \u00e9t\u00e9 prise \u00bb<\/em>.<\/p>\n\n\n\n<p>Et d\u2019ajouter :&nbsp;<em>\u00ab Attendons de voir le d\u00e9roulement du processus judiciaire et constitutionnel pour voir les cons\u00e9quences. Ne nous pressons pas. \u00bb<\/em>Tout en pr\u00e9cisant :&nbsp;<em>\u00ab En tant que chef d\u2019Etat, j\u2019estime qu\u2019un coup d\u2019Etat est en cours et que la Constitution est viol\u00e9e&nbsp;<\/em>(\u2026)&nbsp;<em>Le procureur g\u00e9n\u00e9ral doit agir<\/em>&nbsp;[puis]&nbsp;<em>la Cour supr\u00eame. Elle agit d\u00e9j\u00e0. \u00bb<\/em><\/p>\n\n\n\n<h2 class=\"wp-block-heading\">Nouvelle journ\u00e9e de manifestations de l\u2019opposition<\/h2>\n\n\n\n<p>Mercredi,&nbsp;<a href=\"https:\/\/www.lemonde.fr\/international\/article\/2019\/01\/29\/venezuela-washington-accentue-la-pression-sur-nicolas-maduro_5416319_3210.html\">l\u2019opposition va manifester pour tenter de convaincre l\u2019arm\u00e9e de tourner le dos au pr\u00e9sident Maduro&nbsp;<\/a>et reconna\u00eetre \u00e0 sa place l\u2019opposant Juan Guaido, autoproclam\u00e9 chef d\u2019Etat par int\u00e9rim. Le pr\u00e9sident de l\u2019Assembl\u00e9e nationale, qui conteste la l\u00e9gitimit\u00e9 de Maduro et r\u00e9clame de nouvelles \u00e9lections, a appel\u00e9 \u00e0 la tenue de nouvelles manifestations en milieu de journ\u00e9e (17 heures \u00e0 19 heures en France) pour paralyser le pays, en frappant dans des casseroles ou en brandissant des pancartes. M. Guaido r\u00e9clame aussi la mise en place d\u2019un gouvernement de transition et de nouvelles \u00e9lections.<\/p>\n\n\n\n<p><a href=\"https:\/\/www.bild.de\/politik\/ausland\/politik-ausland\/maduro-widersacher-juan-guaid-bild-trifft-die-hoffnung-von-venezuela-59836282.bild.html\">Dans un entretien au quotidien allemand&nbsp;<em>Bild<\/em><\/a><em>,&nbsp;<\/em>il r\u00e9clame par ailleurs&nbsp;<em>\u00ab plus de sanctions \u00bb<\/em>&nbsp;de la part de l\u2019Union europ\u00e9enne,&nbsp;<em>\u00ab comme l\u2019ont d\u00e9cid\u00e9 les Etats-Unis. \u00bb&nbsp;<\/em><a href=\"https:\/\/www.lemonde.fr\/international\/article\/2019\/01\/29\/venezuela-les-etats-unis-durcissent-les-sanctions-contre-maduro_5416029_3210.html\">Lundi, les Etats-Unis avaient d\u00e9j\u00e0 serr\u00e9 la vis du secteur p\u00e9trolier v\u00e9n\u00e9zu\u00e9lien en visant la compagnie p\u00e9troli\u00e8re PDVSA<\/a>, \u00e0 laquelle ils ont interdit de faire du commerce avec des entit\u00e9s am\u00e9ricaines et dont ils ont gel\u00e9 les avoirs \u00e0 l\u2019\u00e9tranger.&nbsp;<em>\u00ab<\/em>&nbsp;<em>Il n\u2019y a pas de doute que nous essayons de couper les fonds au r\u00e9gime \u00bb,<\/em>&nbsp;a r\u00e9sum\u00e9le secr\u00e9taire au Tr\u00e9sor, Steven Mnuchin. Les Etats-Unis ont aussi formellement donn\u00e9 \u00e0 M. Guaido, dont ils ont reconnu l\u2019autorit\u00e9, le contr\u00f4le des comptes bancaires de son pays sur leur territoire.<\/p>\n\n\n\n<p>Le risque de troubles civils est \u00e9lev\u00e9 dans ce pays de 32&nbsp;millions d\u2019habitants, l\u2019un des plus violents au monde, en plein naufrage \u00e9conomique et d\u00e9chir\u00e9 par une crise politique qui se cristallise autour de deux camps&nbsp;: les chavistes et les opposants. Neuf jours de mobilisations se sont sold\u00e9s par une quarantaine de morts et plus de 850 arrestations, selon l\u2019ONU.<\/p>\n\n\n\n<p><\/p>\n","protected":false},"excerpt":{"rendered":"<p>Nicolas Maduro avait d\u00e9j\u00e0&nbsp;rejet\u00e9, la veille, l\u2019ultimatum europ\u00e9en qui lui enjoignait, sous huit jours, d\u2019organiser une \u00e9lection pr\u00e9sidentielle&nbsp;pour sortir de la crise. Le pr\u00e9sident v\u00e9n\u00e9zu\u00e9lien, r\u00e9\u00e9lu en mai 2018 au terme d\u2019un scrutin boycott\u00e9 par les principaux partis de l\u2019opposition, vient d\u2019enfoncer le clou, devant les micros de l\u2019agence de presse russe RIA Novosti, mercredi [&hellip;]<\/p>\n","protected":false},"author":2,"featured_media":11383,"comment_status":"open","ping_status":"open","sticky":false,"template":"","format":"standard","meta":{"_jetpack_memberships_contains_paid_content":false,"footnotes":"","jetpack_publicize_message":"","jetpack_publicize_feature_enabled":true,"jetpack_social_post_already_shared":true,"jetpack_social_options":{"image_generator_settings":{"template":"highway","default_image_id":0,"font":"","enabled":false},"version":2},"_wpas_customize_per_network":false},"categories":[405],"tags":[],"class_list":["post-11382","post","type-post","status-publish","format-standard","has-post-thumbnail","hentry","category-actu-france-monde"],"jetpack_publicize_connections":[],"jetpack_featured_media_url":"https:\/\/i0.wp.com\/www.iceagetv.com\/radiosite\/wp-content\/uploads\/2019\/01\/Maduro.jpg?fit=688%2C455&ssl=1","jetpack_sharing_enabled":true,"_links":{"self":[{"href":"https:\/\/www.iceagetv.com\/radiosite\/wp-json\/wp\/v2\/posts\/11382","targetHints":{"allow":["GET"]}}],"collection":[{"href":"https:\/\/www.iceagetv.com\/radiosite\/wp-json\/wp\/v2\/posts"}],"about":[{"href":"https:\/\/www.iceagetv.com\/radiosite\/wp-json\/wp\/v2\/types\/post"}],"author":[{"embeddable":true,"href":"https:\/\/www.iceagetv.com\/radiosite\/wp-json\/wp\/v2\/users\/2"}],"replies":[{"embeddable":true,"href":"https:\/\/www.iceagetv.com\/radiosite\/wp-json\/wp\/v2\/comments?post=11382"}],"version-history":[{"count":1,"href":"https:\/\/www.iceagetv.com\/radiosite\/wp-json\/wp\/v2\/posts\/11382\/revisions"}],"predecessor-version":[{"id":11384,"href":"https:\/\/www.iceagetv.com\/radiosite\/wp-json\/wp\/v2\/posts\/11382\/revisions\/11384"}],"wp:featuredmedia":[{"embeddable":true,"href":"https:\/\/www.iceagetv.com\/radiosite\/wp-json\/wp\/v2\/media\/11383"}],"wp:attachment":[{"href":"https:\/\/www.iceagetv.com\/radiosite\/wp-json\/wp\/v2\/media?parent=11382"}],"wp:term":[{"taxonomy":"category","embeddable":true,"href":"https:\/\/www.iceagetv.com\/radiosite\/wp-json\/wp\/v2\/categories?post=11382"},{"taxonomy":"post_tag","embeddable":true,"href":"https:\/\/www.iceagetv.com\/radiosite\/wp-json\/wp\/v2\/tags?post=11382"}],"curies":[{"name":"wp","href":"https:\/\/api.w.org\/{rel}","templated":true}]}}