{"id":11402,"date":"2019-02-01T15:32:49","date_gmt":"2019-02-01T15:32:49","guid":{"rendered":"http:\/\/www.iceagetv.com\/radiosite\/?p=11402"},"modified":"2019-02-01T15:32:56","modified_gmt":"2019-02-01T15:32:56","slug":"scandale-des-vaches-malades-800-kilos-de-viande-polonaise-retrouves-en-france","status":"publish","type":"post","link":"https:\/\/www.iceagetv.com\/radiosite\/scandale-des-vaches-malades-800-kilos-de-viande-polonaise-retrouves-en-france\/","title":{"rendered":"Scandale des vaches malades: 800 kilos de viande polonaise retrouv\u00e9s en France"},"content":{"rendered":"\n<p>Le ministre de l&rsquo;Agriculture, Didier Guillaume, a annonc\u00e9 ce matin que les services sanitaires fran\u00e7ais avaient retrouv\u00e9 la trace de 795 kilos de viande bovine avari\u00e9e. Cette affaire fait suite \u00e0 la r\u00e9v\u00e9lation de pratiques frauduleuses dans un abattoir polonais.<\/p>\n\n\n\n<p>La fraude est \u00abterrible, \u00e9conomique et sanitaire\u00bb. C&rsquo;est ainsi que Didier Guillaume, le ministre de l&rsquo;Agriculture, a pr\u00e9sent\u00e9 ce matin l&rsquo;affaire qui a d\u00e9pass\u00e9 les fronti\u00e8res polonaises: les services sanitaires du minist\u00e8re ont retrouv\u00e9 \u00ab795\u00bb kilos de viande avari\u00e9e, r\u00e9partis dans \u00abneuf entreprises\u00bb du secteur agroalimentaire fran\u00e7ais. On ignore l&rsquo;identit\u00e9 de ces entreprises.<\/p>\n\n\n\n<p>\u00c0 la mi-journ\u00e9e, \u00abplus de 500 kilos\u00bb ont \u00e9t\u00e9 retrouv\u00e9s dans les entreprises de transformation \u00abdup\u00e9es\u00bb, par les services sanitaires du minist\u00e8re, et d\u00e9truits, a pr\u00e9cis\u00e9 la Direction g\u00e9n\u00e9rale de l&rsquo;alimentation (DGAL). Le ministre n&rsquo;a cependant pas pu pr\u00e9ciser si la viande \u00e9tait partie dans le commerce ou non. \u00abCela a pu rester dans les frigos\u00bb, a-t-il pr\u00e9sum\u00e9. \u00abToutes nos \u00e9quipes de la DGAL (Direction g\u00e9n\u00e9rale de l&rsquo;alimentation, ndlr) sont sur le coup\u00bb, a-t-il tenu \u00e0 rassurer. Sur ce point, le ministre a rappel\u00e9 que \u00abla tra\u00e7abilit\u00e9 des produits lorsqu&rsquo;ils arrivent en France marche plut\u00f4t bien\u00bb.<\/p>\n\n\n\n<p>Plusieurs autres pays de l&rsquo;Union Europ\u00e9enne, notamment le Portugal, la Roumanie et la Slovaquie, ont annonc\u00e9 avoir identifi\u00e9, r\u00e9cup\u00e9r\u00e9 et commenc\u00e9 \u00e0 d\u00e9truire la viande de boeuf provenant de l&rsquo;abattage ill\u00e9gal.<\/p>\n\n\n\n<h2 class=\"wp-block-heading\">Des animaux tu\u00e9s clandestinement<\/h2>\n\n\n\n<p>Cette annonce survient au surlendemain de l&rsquo;ouverture d&rsquo;une enqu\u00eate en Pologne par le parquet d&rsquo;Ostroleka, dans le nord-est du pays, au sujet de l&rsquo;abattage et la commercialisation de bovins malades par un abattoir local, \u00e0 Kalinowo. Ce dernier a \u00e9t\u00e9 ferm\u00e9 et une enqu\u00eate ouverte sur son propri\u00e9taire. \u00c0 l&rsquo;origine du scandale se trouve un journaliste, Patryk Szczepaniak, qui pour le compte de la cha\u00eene de t\u00e9l\u00e9vision TVN24 s&rsquo;est fait embaucher dans l&rsquo;abattoir. Apr\u00e8s trois semaines d&rsquo;immersion, ses images tourn\u00e9es en cam\u00e9ra cach\u00e9e ont \u00e9t\u00e9 diffus\u00e9es: on y voit des bovins tra\u00een\u00e9s au sol, la corde au cou, manifestement malades. D&rsquo;apr\u00e8s le journaliste les animaux sont tu\u00e9s clandestinement, de nuit, sans aucun contr\u00f4le v\u00e9t\u00e9rinaire. Sur les images, les travailleurs de l&rsquo;abattoir retirent les preuves du mauvais \u00e9tat des vaches, comme des plaies de pression ou des tumeurs indiquant qu&rsquo;elles \u00e9taient souffrantes et couch\u00e9es sur le c\u00f4t\u00e9 pendant des jours.<\/p>\n\n\n\n<blockquote class=\"wp-block-quote is-layout-flow wp-block-quote-is-layout-flow\"><p>\u00ab2,7 tonnes de viande avari\u00e9e ont \u00e9t\u00e9 vendues \u00e0 des pays de l&rsquo;UE\u00bb<\/p><p>Pawel Niemczuk, responsable des services v\u00e9t\u00e9rinaires polonais<\/p><\/blockquote>\n\n\n\n<p>L&rsquo;affaire est d&rsquo;autant plus grave qu&rsquo;elle touche toute l&rsquo;Europe, la Pologne \u00e9tant un grand exportateur de viande sur le continent. Sur les quelque 560.000 tonnes de b\u0153uf produites dans le pays chaque ann\u00e9e, 85% sont export\u00e9s, pour une valeur sup\u00e9rieure \u00e0 1,5 milliard de dollars.<\/p>\n\n\n\n<p>Le responsable des services v\u00e9t\u00e9rinaires polonais, Pawel Niemczuk, a annonc\u00e9 que \u00ab<a href=\"http:\/\/www.lefigaro.fr\/flash-eco\/pologne-2-7-tonnes-de-viande-de-boeuf-malade-exportees-vers-10-pays-20190131\">2,7 tonnes de viande avari\u00e9e<\/a>&nbsp;ont \u00e9t\u00e9 vendues \u00e0 des pays membres de l&rsquo;UE\u00bb, \u00e0 savoir la Finlande, la Hongrie, l&rsquo;Estonie, la Roumanie, la Su\u00e8de, l&rsquo;Espagne, la Lituanie, le Portugal, la Slovaquie, l&rsquo;Allemagne, la Lettonie, la R\u00e9publique Tch\u00e8que et la France. \u00abLes listes de distribution sont \u00e9tablies\u00bb, a-t-il assur\u00e9 en pr\u00e9cisant que la viande allait \u00eatre rapidement retir\u00e9e du circuit commercial, et que dans certains pays les lots avaient d\u00e9j\u00e0 \u00e9t\u00e9 d\u00e9truits.<\/p>\n\n\n\n<p>Le pr\u00e9sident de l&rsquo;Association polonaise de producteurs de b\u00e9tail \u00e0 viande Jerzy Wierzbicki reconna\u00eet que \u00able march\u00e9 polonais est inquiet, sur toute la cha\u00eene\u00bb, et que les prix du boeuf \u00abont baiss\u00e9 d&rsquo;environ 7% par rapport au d\u00e9but de la semaine\u00bb. En revanche, il nie que ces vaches \u00e9taient malades. Selon lui, \u00e0 regarder les images, \u00abc&rsquo;\u00e9taient des vaches contusionn\u00e9es, qui n&rsquo;\u00e9taient pas en mesure de quitter le camion toutes seules. De telles vaches ne doivent pas \u00eatre conduites \u00e0 l&rsquo;abattoir mais doivent \u00eatre tu\u00e9es chez l&rsquo;\u00e9leveur par une personne qualifi\u00e9e pour le faire.\u00bb<strong>LIRE AUSSI &#8211;&nbsp;<a href=\"http:\/\/www.lefigaro.fr\/conso\/2016\/02\/08\/05007-20160208ARTFIG00232-la-viande-un-produit-au-coeur-de-plusieurs-scandales-alimentaires-dans-le-monde.php\">La viande, un produit au c\u0153ur de plusieurs scandales alimentaires dans le monde<\/a><\/strong><\/p>\n\n\n\n<p>En Pologne m\u00eame, 7 tonnes de cette viande avari\u00e9e ont \u00e9t\u00e9 distribu\u00e9es dans une vingtaine de points de vente. Le ministre de l&rsquo;Agriculture polonais a de son c\u00f4t\u00e9 reconnu qu&rsquo;une fraude avait bien \u00e9t\u00e9 commise, tout en insistant sur son caract\u00e8re \u00abisol\u00e9\u00bb. \u00abNous avons affaire \u00e0 une pathologie: sur un site, des vaches malades \u00e9taient abattues \u00e0 l&rsquo;insu et sans le feu vert des v\u00e9t\u00e9rinaires\u00bb, a-t-il r\u00e9sum\u00e9. Le commissaire europ\u00e9en \u00e0 la Sant\u00e9 et \u00e0 la S\u00e9curit\u00e9 alimentaire, Vytenis Andriukaitis, a pour sa part fait savoir qu&rsquo;une \u00e9quipe d&rsquo;inspecteurs se rendrait sur place lundi et y resterait jusqu&rsquo;au vendredi, tout en appelant les autorit\u00e9s polonaises \u00e0 assurer le respect des normes europ\u00e9ennes.<\/p>\n\n\n\n<h2 class=\"wp-block-heading\">Un \u00e9ni\u00e8me scandale sanitaire<\/h2>\n\n\n\n<p>Ce scandale sanitaire est loin d&rsquo;\u00eatre le premier en Europe. Parmi les plus connus se trouve&nbsp;<a href=\"http:\/\/www.lefigaro.fr\/conso\/2019\/01\/21\/20010-20190121ARTFIG00213-apres-le-scandale-des-lasagnes-au-cheval-les-consommateurs-restent-mefiants.php\">l&rsquo;affaire de la viande de cheval en 2013, dont le proc\u00e8s s&rsquo;est r\u00e9cemment ouvert<\/a>en France. Dans ce scandale alimentaire, 4,5 millions de plats cuisin\u00e9s, dont ceux de l&rsquo;entreprise&nbsp;<a href=\"http:\/\/www.lefigaro.fr\/conso\/2019\/01\/19\/20010-20190119ARTFIG00001-affaire-spanghero-le-proces-du-scandale-de-la-viande-de-cheval-s-ouvre-ce-lundi.php\">Spanghero<\/a>&nbsp;en France, cens\u00e9s contenir de la viande de b\u0153uf, \u00e9taient en r\u00e9alit\u00e9 con\u00e7us \u00e0 partir de viande de cheval. Une affaire qui avait mis au jour la complexit\u00e9 et l&rsquo;opacit\u00e9 des circuits d&rsquo;approvisionnement et de transformation des produits carn\u00e9s sur le continent. En effet, la viande avait \u00e9t\u00e9 achet\u00e9e en Roumanie, stock\u00e9e aux Pays-Bas par un interm\u00e9diaire chypriote puis redistribu\u00e9e en Europe.<\/p>\n\n\n\n<p>On retient \u00e9galement le scandale plus ancien dit de la \u00ab<a href=\"http:\/\/sante.lefigaro.fr\/article\/vache-folle-le-prion-detectable-dans-le-sang\">vache folle<\/a>\u00bb, apparu en 1986 au Royaume-Uni. Dix ans plus tard, l&rsquo;Union europ\u00e9enne avait d\u00e9cr\u00e9t\u00e9 un embargo sur la viande britannique, finalement lev\u00e9 \u00e0 l&rsquo;\u00e9chelon europ\u00e9en en 1999 et par la France en 2002. Cette \u00e9pid\u00e9mie avait entra\u00een\u00e9 224 d\u00e9c\u00e8s dans le monde, les vaches malades transmettant \u00e0 l&rsquo;homme une maladie neurod\u00e9g\u00e9n\u00e9rative,dite \u00abde Creutzfeldt-Jakob\u00bb.<\/p>\n","protected":false},"excerpt":{"rendered":"<p>Le ministre de l&rsquo;Agriculture, Didier Guillaume, a annonc\u00e9 ce matin que les services sanitaires fran\u00e7ais avaient retrouv\u00e9 la trace de 795 kilos de viande bovine avari\u00e9e. Cette affaire fait suite \u00e0 la r\u00e9v\u00e9lation de pratiques frauduleuses dans un abattoir polonais. La fraude est \u00abterrible, \u00e9conomique et sanitaire\u00bb. C&rsquo;est ainsi que Didier Guillaume, le ministre de [&hellip;]<\/p>\n","protected":false},"author":2,"featured_media":11403,"comment_status":"open","ping_status":"open","sticky":false,"template":"","format":"standard","meta":{"_jetpack_memberships_contains_paid_content":false,"footnotes":"","jetpack_publicize_message":"","jetpack_publicize_feature_enabled":true,"jetpack_social_post_already_shared":true,"jetpack_social_options":{"image_generator_settings":{"template":"highway","default_image_id":0,"font":"","enabled":false},"version":2},"_wpas_customize_per_network":false},"categories":[405],"tags":[],"class_list":["post-11402","post","type-post","status-publish","format-standard","has-post-thumbnail","hentry","category-actu-france-monde"],"jetpack_publicize_connections":[],"jetpack_featured_media_url":"https:\/\/i0.wp.com\/www.iceagetv.com\/radiosite\/wp-content\/uploads\/2019\/02\/viande-polonaise.jpeg?fit=1000%2C600&ssl=1","jetpack_sharing_enabled":true,"_links":{"self":[{"href":"https:\/\/www.iceagetv.com\/radiosite\/wp-json\/wp\/v2\/posts\/11402","targetHints":{"allow":["GET"]}}],"collection":[{"href":"https:\/\/www.iceagetv.com\/radiosite\/wp-json\/wp\/v2\/posts"}],"about":[{"href":"https:\/\/www.iceagetv.com\/radiosite\/wp-json\/wp\/v2\/types\/post"}],"author":[{"embeddable":true,"href":"https:\/\/www.iceagetv.com\/radiosite\/wp-json\/wp\/v2\/users\/2"}],"replies":[{"embeddable":true,"href":"https:\/\/www.iceagetv.com\/radiosite\/wp-json\/wp\/v2\/comments?post=11402"}],"version-history":[{"count":1,"href":"https:\/\/www.iceagetv.com\/radiosite\/wp-json\/wp\/v2\/posts\/11402\/revisions"}],"predecessor-version":[{"id":11404,"href":"https:\/\/www.iceagetv.com\/radiosite\/wp-json\/wp\/v2\/posts\/11402\/revisions\/11404"}],"wp:featuredmedia":[{"embeddable":true,"href":"https:\/\/www.iceagetv.com\/radiosite\/wp-json\/wp\/v2\/media\/11403"}],"wp:attachment":[{"href":"https:\/\/www.iceagetv.com\/radiosite\/wp-json\/wp\/v2\/media?parent=11402"}],"wp:term":[{"taxonomy":"category","embeddable":true,"href":"https:\/\/www.iceagetv.com\/radiosite\/wp-json\/wp\/v2\/categories?post=11402"},{"taxonomy":"post_tag","embeddable":true,"href":"https:\/\/www.iceagetv.com\/radiosite\/wp-json\/wp\/v2\/tags?post=11402"}],"curies":[{"name":"wp","href":"https:\/\/api.w.org\/{rel}","templated":true}]}}