{"id":11421,"date":"2019-02-03T10:52:16","date_gmt":"2019-02-03T10:52:16","guid":{"rendered":"http:\/\/www.iceagetv.com\/radiosite\/?p=11421"},"modified":"2019-02-03T10:52:21","modified_gmt":"2019-02-03T10:52:21","slug":"venezuela-nicolas-maduro-se-dit-favorable-a-des-legislatives-anticipees-en-2019","status":"publish","type":"post","link":"https:\/\/www.iceagetv.com\/radiosite\/venezuela-nicolas-maduro-se-dit-favorable-a-des-legislatives-anticipees-en-2019\/","title":{"rendered":"Venezuela : Nicolas Maduro se dit favorable \u00e0 des l\u00e9gislatives anticip\u00e9es en 2019"},"content":{"rendered":"\n<p>Un bras de fer \u00e0 distance, dans les rues de Caracas. Samedi 2&nbsp;f\u00e9vrier, les deux camps qui s\u2019affrontent au Venezuela ont pu compter leurs soutiens et mesurer le rapport de force. Des dizaines de milliers de manifestants ont d\u00e9fil\u00e9 dans la capitale, les uns pour exiger le d\u00e9part de Nicolas Maduro, les autres pour c\u00e9l\u00e9brer le vingti\u00e8me anniversaire de la r\u00e9volution bolivarienne et r\u00e9affirmer leur soutien au dirigeant socialiste. Des deux c\u00f4t\u00e9s, les photos montrent des rues et des avenues noires de monde, mais aucun chiffre fiable ne circule g\u00e9n\u00e9ralement apr\u00e8s les manifestations au Venezuela.<\/p>\n\n\n\n<p>C\u00f4t\u00e9 opposition, Juan Guaido,&nbsp;<a href=\"https:\/\/www.lemonde.fr\/international\/article\/2019\/01\/23\/venezuela-plusieurs-morts-dans-des-emeutes-precedant-les-manifestations-pro-et-antigouvernementales_5413427_3210.html\">autoproclam\u00e9 \u00ab&nbsp;pr\u00e9sident&nbsp;\u00bb<\/a>, a annonc\u00e9 que le mois de f\u00e9vrier serait&nbsp;<em>\u00ab&nbsp;d\u00e9terminant&nbsp;\u00bb<\/em>&nbsp;pour chasser du pouvoir Nicolas Maduro. Depuis une estrade devant la repr\u00e9sentation de l\u2019Union europ\u00e9enne (UE) \u00e0 Caracas, dans le quartier de Las Mercedes, le chef de l\u2019opposition a annonc\u00e9 l\u2019arriv\u00e9e dans les prochains jours d\u2019une aide humanitaire destin\u00e9e au pays \u00e0 la fronti\u00e8re colombienne, au Br\u00e9sil et sur une&nbsp;<em>\u00ab&nbsp;\u00eele des Cara\u00efbes&nbsp;\u00bb<\/em>, en demandant \u00e0 l\u2019arm\u00e9e de la laisser entrer.<\/p>\n\n\n\n<p><em>\u00ab\u00a0Nous allons continuer dans la rue jusqu\u2019\u00e0 ce que nous soyons libres, jusqu\u2019\u00e0 la fin de l\u2019usurpation\u00a0\u00bb<\/em>, a d\u00e9clar\u00e9, la voix enrou\u00e9e, Juan Guaido, 35\u00a0ans, en costume sombre et chemise blanche.\u00a0<em>\u00ab\u00a0Oui, c\u2019est possible\u00a0!\u00a0\u00bb<\/em>, lui r\u00e9pondait la foule.<br>Poussant l\u2019avantage qu\u2019il a acquis d\u2019un soutien sans faille d\u2019une grande partie de la communaut\u00e9 internationale, il a appel\u00e9 ses partisans \u00e0 ne pas rel\u00e2cher la pression, lors d\u2019une nouvelle manifestation, le 12\u00a0f\u00e9vrier, \u00ab\u00a0jour de la jeunesse\u00a0\u00bb au Venezuela. Une autre mobilisation, li\u00e9e \u00e0 la distribution de l\u2019aide humanitaire, est pr\u00e9vue dans les prochains jours, a-t-il lanc\u00e9, sans plus de pr\u00e9cision.<\/p>\n\n\n\n<h2 class=\"wp-block-heading\">Nous ne serons pas un pays de mendiants&nbsp;\u00bb<\/h2>\n\n\n\n<p>Sur son compte Twitter, le pr\u00e9sident colombien Ivan Duque a annonc\u00e9 l\u2019ouverture dans son pays de trois centres de collecte d\u2019aide humanitaire, dont des m\u00e9dicaments et des aliments, pour\u00a0<em>\u00ab\u00a0la nation s\u0153ur\u00a0\u00bb<\/em>\u00a0du Venezuela.<\/p>\n\n\n\n<p><em>Nous n\u2019avons pas \u00e9t\u00e9 et ne serons pas un pays de mendiants&nbsp;\u00bb<\/em>, a r\u00e9torqu\u00e9 Nicolas Maduro. En revanche,&nbsp;<em>\u00ab&nbsp;il y a en a certains qui se sentent mendiants de l\u2019imp\u00e9rialisme et vendent leur patrie pour 20&nbsp;millions de dollars&nbsp;\u00bb<\/em>, a-t-il poursuivi en r\u00e9f\u00e9rence au montant de l\u2019aide humanitaire (17,5&nbsp;millions d\u2019euros) promise par les Etats-Unis \u00e0 Juan Guaido, mais qui ne peut pas \u00eatre achemin\u00e9e sans l\u2019accord des autorit\u00e9s et de l\u2019arm\u00e9e.<\/p>\n\n\n\n<p>A une dizaine de kilom\u00e8tres de la foule r\u00e9clamant sa d\u00e9mission, le pr\u00e9sident v\u00e9n\u00e9zu\u00e9lien est en effet r\u00e9apparu en public pour la premi\u00e8re fois depuis six mois. V\u00eatu d\u2019une chemise rouge, il a pris la parole devant un parterre de supporters r\u00e9unis sur l\u2019avenue Bolivar, o\u00f9 il y a six mois des drones charg\u00e9s d\u2019explosifs avaient explos\u00e9 pr\u00e8s de la tribune o\u00f9 il se trouvait.<\/p>\n\n\n\n<p>Il s\u2019est d\u00e9clar\u00e9 favorable \u00e0 la tenue d\u2019\u00e9lections l\u00e9gislatives anticip\u00e9es dans le courant de l\u2019ann\u00e9e, alors que le Parlement est justement la seule institution contr\u00f4l\u00e9e par l\u2019opposition. Le mandat actuel des d\u00e9put\u00e9s, \u00e9lus fin 2015, court de janvier&nbsp;2016 \u00e0 janvier&nbsp;2021. Et les prochaines l\u00e9gislatives doivent normalement avoir lieu fin 2020.<\/p>\n\n\n\n<p>Pour faire face \u00e0 ce qu\u2019il a qualifi\u00e9 de\u00a0<em>\u00ab\u00a0plan macabre\u00a0\u00bb<\/em>\u00a0des Etats-Unis, il a aussi annonc\u00e9 une augmentation du nombre de soldats, en appelant les miliciens, un corps compos\u00e9 de civils, \u00e0\u00a0rejoindre l\u2019arm\u00e9e.\u00a0<em>\u00ab\u00a0Gringo hors de ma patrie\u00a0\u00bb<\/em>, pouvait-on lire sur le panneau d\u2019un des manifestants.\u00a0<em>\u00ab\u00a0Allez au diable, Yankees de merde\u00a0!\u00a0\u00bb<\/em>, disait une autre pancarte.<\/p>\n\n\n\n<h2 class=\"wp-block-heading\">Premi\u00e8re d\u00e9fection de poids dans l\u2019arm\u00e9e<\/h2>\n\n\n\n<p>La tension monte \u00e0 chaque appel \u00e0 manifester au Venezuela. Une quarantaine de personnes ont \u00e9t\u00e9 tu\u00e9es et plus de 850 ont \u00e9t\u00e9 arr\u00eat\u00e9es selon les Nations unies (ONU) depuis le d\u00e9but des mobilisations, le 21&nbsp;janvier. Quelques heures avant le d\u00e9but de ces manifestations, qui se&nbsp;sont d\u00e9roul\u00e9es \u00e9galement \u00e0 travers le Venezuela et \u00e0 l\u2019\u00e9tranger, un g\u00e9n\u00e9ral de division de l\u2019arm\u00e9e de l\u2019air a annonc\u00e9 faire all\u00e9geance \u00e0 M.&nbsp;Guaido, alors que M.&nbsp;Maduro compte sur le soutien d\u00e9terminant des forces arm\u00e9es pour se maintenir au pouvoir.<\/p>\n\n\n\n<p>Dans une vid\u00e9o diffus\u00e9e sur les r\u00e9seaux sociaux, o\u00f9 il appara\u00eet en uniforme, le g\u00e9n\u00e9ral Francisco Yanez rejette\u00a0<em>\u00ab\u00a0l\u2019autorit\u00e9 dictatoriale\u00a0\u00bb<\/em>\u00a0de M.\u00a0Maduro et\u00a0<em>\u00ab\u00a0reconna\u00eet le d\u00e9put\u00e9 Juan Guaido comme pr\u00e9sident\u00a0\u00bb<\/em>. Se pr\u00e9sentant comme directeur de la planification strat\u00e9gique de l\u2019arm\u00e9e de l\u2019air, il est le militaire de plus haut rang \u00e0 se rallier publiquement \u00e0\u00a0M.\u00a0Guaido. Jusqu\u2019ici, seul un colonel, attach\u00e9 de d\u00e9fense aux Etats-Unis, avait franchi le pas.<\/p>\n\n\n\n<p>Le g\u00e9n\u00e9ral Yanes a \u00e9t\u00e9 imm\u00e9diatement qualifi\u00e9 de&nbsp;<em>\u00ab&nbsp;tra\u00eetre&nbsp;\u00bb<\/em>&nbsp;par l\u2019arm\u00e9e de l\u2019air.&nbsp;<em>\u00ab&nbsp;Les Etats-Unis appellent tous les membres de l\u2019arm\u00e9e \u00e0 suivre l\u2019exemple du g\u00e9n\u00e9ral Yanez, et \u00e0 prot\u00e9ger les manifestants pacifiques qui soutiennent la d\u00e9mocratie&nbsp;\u00bb<\/em>, a tweet\u00e9 dans la foul\u00e9e le conseiller de la Maison Blanche \u00e0 la s\u00e9curit\u00e9 nationale, John Bolton.<\/p>\n\n\n\n<p>Alors que le Parlement europ\u00e9en a appel\u00e9 jeudi, en reconnaissant l\u2019autorit\u00e9 de M.&nbsp;Guaido, tous les pays de l\u2019UE \u00e0 faire de m\u00eame, six d\u2019entre eux (Espagne, France, Allemagne, Royaume-Uni, Portugal, Pays-Bas) ont donn\u00e9 \u00e0 M.&nbsp;Maduro jusqu\u2019\u00e0 dimanche pour convoquer des \u00e9lections, faute de quoi ils reconna\u00eetront Juan Guaido comme pr\u00e9sident. Soutenu par la Russie, la Chine, la Cor\u00e9e du Nord, la Turquie ou encore Cuba, M.&nbsp;Maduro, 56&nbsp;ans, rejette l\u2019ultimatum europ\u00e9en et accuse les Etats-Unis d\u2019orchestrer un coup d\u2019Etat.<\/p>\n","protected":false},"excerpt":{"rendered":"<p>Un bras de fer \u00e0 distance, dans les rues de Caracas. Samedi 2&nbsp;f\u00e9vrier, les deux camps qui s\u2019affrontent au Venezuela ont pu compter leurs soutiens et mesurer le rapport de force. Des dizaines de milliers de manifestants ont d\u00e9fil\u00e9 dans la capitale, les uns pour exiger le d\u00e9part de Nicolas Maduro, les autres pour c\u00e9l\u00e9brer [&hellip;]<\/p>\n","protected":false},"author":2,"featured_media":11422,"comment_status":"open","ping_status":"open","sticky":false,"template":"","format":"standard","meta":{"_jetpack_memberships_contains_paid_content":false,"footnotes":"","jetpack_publicize_message":"","jetpack_publicize_feature_enabled":true,"jetpack_social_post_already_shared":true,"jetpack_social_options":{"image_generator_settings":{"template":"highway","default_image_id":0,"font":"","enabled":false},"version":2},"_wpas_customize_per_network":false},"categories":[405],"tags":[],"class_list":["post-11421","post","type-post","status-publish","format-standard","has-post-thumbnail","hentry","category-actu-france-monde"],"jetpack_publicize_connections":[],"jetpack_featured_media_url":"https:\/\/i0.wp.com\/www.iceagetv.com\/radiosite\/wp-content\/uploads\/2019\/02\/Nicolas-Maduro.jpg?fit=688%2C459&ssl=1","jetpack_sharing_enabled":true,"_links":{"self":[{"href":"https:\/\/www.iceagetv.com\/radiosite\/wp-json\/wp\/v2\/posts\/11421","targetHints":{"allow":["GET"]}}],"collection":[{"href":"https:\/\/www.iceagetv.com\/radiosite\/wp-json\/wp\/v2\/posts"}],"about":[{"href":"https:\/\/www.iceagetv.com\/radiosite\/wp-json\/wp\/v2\/types\/post"}],"author":[{"embeddable":true,"href":"https:\/\/www.iceagetv.com\/radiosite\/wp-json\/wp\/v2\/users\/2"}],"replies":[{"embeddable":true,"href":"https:\/\/www.iceagetv.com\/radiosite\/wp-json\/wp\/v2\/comments?post=11421"}],"version-history":[{"count":1,"href":"https:\/\/www.iceagetv.com\/radiosite\/wp-json\/wp\/v2\/posts\/11421\/revisions"}],"predecessor-version":[{"id":11423,"href":"https:\/\/www.iceagetv.com\/radiosite\/wp-json\/wp\/v2\/posts\/11421\/revisions\/11423"}],"wp:featuredmedia":[{"embeddable":true,"href":"https:\/\/www.iceagetv.com\/radiosite\/wp-json\/wp\/v2\/media\/11422"}],"wp:attachment":[{"href":"https:\/\/www.iceagetv.com\/radiosite\/wp-json\/wp\/v2\/media?parent=11421"}],"wp:term":[{"taxonomy":"category","embeddable":true,"href":"https:\/\/www.iceagetv.com\/radiosite\/wp-json\/wp\/v2\/categories?post=11421"},{"taxonomy":"post_tag","embeddable":true,"href":"https:\/\/www.iceagetv.com\/radiosite\/wp-json\/wp\/v2\/tags?post=11421"}],"curies":[{"name":"wp","href":"https:\/\/api.w.org\/{rel}","templated":true}]}}