{"id":11427,"date":"2019-02-04T19:09:41","date_gmt":"2019-02-04T19:09:41","guid":{"rendered":"http:\/\/www.iceagetv.com\/radiosite\/?p=11427"},"modified":"2019-02-04T19:09:46","modified_gmt":"2019-02-04T19:09:46","slug":"greve-generale-demain-a-lappel-de-la-cgt-sncf-bus-ecole-cantine-poste-a-quelles-perturbations-faut-ils-sattendre","status":"publish","type":"post","link":"https:\/\/www.iceagetv.com\/radiosite\/greve-generale-demain-a-lappel-de-la-cgt-sncf-bus-ecole-cantine-poste-a-quelles-perturbations-faut-ils-sattendre\/","title":{"rendered":"Gr\u00e8ve g\u00e9n\u00e9rale demain \u00e0 l&rsquo;appel de la CGT &#8211; SNCF, Bus, Ecole, Cantine, Poste&#8230; A quelles perturbations faut-ils s&rsquo;attendre ?"},"content":{"rendered":"\n<p><strong>Voici le point des perturbations pr\u00e9vues \u00e0 cette heure<\/strong><\/p>\n\n\n\n<p><strong>La SNCF ne pr\u00e9voit que quelques trains supprim\u00e9s<\/strong>&nbsp;: les Intercit\u00e9s 4752 et 4669 entre Marseille et Bordeaux, les Intercit\u00e9s 15943 et 15942 entre Clermont-Ferrand et B\u00e9ziers, les Intercit\u00e9s 3675 et 3604 entre Paris et Toulouse, les Intercit\u00e9s 3754 et 3755 entre Paris et Rodez.&nbsp;Le r\u00e9seau annonce \u00e0 ses voyageurs que \u00ab\u00a0des retards seront fort probables\u00a0\u00bb. Aucune perturbation pr\u00e9vue pour l&rsquo;Eurostar.<\/p>\n\n\n\n<p>A Paris et en banlieue, la&nbsp;<strong>RATP<\/strong>&nbsp;annonce \u00e0 franceinfo pr\u00e9voir un \u00ab\u00a0trafic normal sur l&rsquo;ensemble du r\u00e9seau\u00a0\u00bb (m\u00e9tro, tramways et bus).<\/p>\n\n\n\n<p>France 3 Auvergne-Rh\u00f4ne-Alpes rapporte qu&rsquo;\u00e0 Clermont-Ferrand, \u00ab\u00a0la journ\u00e9e de mobilisation sera suivie par des agents du r\u00e9seau de transport en commun T2C\u00a0\u00bb, qui \u00e9voque des services \u00ab\u00a0tr\u00e8s perturb\u00e9s\u00a0\u00bb.<\/p>\n\n\n\n<p>A Nice, \u00ab\u00a0une forte perturbation sur le r\u00e9seau de transports publics\u00a0\u00bb est pr\u00e9vue, annonce la mairie sur Twitter. En Seine-Maritime, les transports seront perturb\u00e9s et 73% du trafic sera garanti dans l&rsquo;agglom\u00e9ration rouennaise, selon Actu.fr.<\/p>\n\n\n\n<p><strong>Les chauffeurs de VTC vont \u00e0 nouveau se mobiliser \u00e0 Paris,<\/strong>&nbsp;\u00e0 l&rsquo;appel de deux organisations, FO-CAPA VTC et CFDT VTC. Ils r\u00e9clament, notamment, l&rsquo;instauration d&rsquo;un tarif minimum de course. Le rendez-vous est fix\u00e9 mardi \u00e0 6h30 porte Dauphine, les chauffeurs devraient ensuite prendre la direction de Bercy.<\/p>\n\n\n\n<p><strong>Ecoles et cantines :<\/strong>&nbsp;Selon les villes et les \u00e9tablissements, des classes peuvent \u00eatre ferm\u00e9s, l&rsquo;accueil du matin ou du soir peut \u00eatre supprim\u00e9 et la cantine non assur\u00e9e. A Rennes, par exemple, la restauration du midi ne sera assur\u00e9e que dans la moiti\u00e9 des \u00e9coles, selon ce document (PDF). A Bergerac (Dordogne), l&rsquo;une des six \u00e9coles maternelles sera ferm\u00e9e. A Colombes (Hauts-de-Seine), \u00ab\u00a0de fortes perturbations sont \u00e0 pr\u00e9voir dans les \u00e9coles\u00a0\u00bb.<\/p>\n\n\n\n<p><strong>Pour les \u00e9tudiants, les universit\u00e9s pourraient \u00eatre paralys\u00e9es<\/strong>&nbsp;puisque l\u2019intersyndicale de l\u2019Enseignement sup\u00e9rieur et de la recherche appelle ses adh\u00e9rents \u00e0 se mobiliser. La mobilisation pourrait fortement toucher la fonction publique puisque l\u2019Union syndicale Solidaires a d\u00e9pos\u00e9 un pr\u00e9avis courant jusqu\u2019au 28 f\u00e9vrier.<\/p>\n\n\n\n<p><strong>La CGT Sant\u00e9 Action sociale<\/strong>&nbsp;appelle ses personnels des collectivit\u00e9s territoriales, de la fonction publique hospitali\u00e8re et des \u00e9tablissements m\u00e9dico-sociaux \u00e0 se mettre en gr\u00e8ve. CGT Fapt et Sud PTT ont \u00e9galement lanc\u00e9 un appel \u00e0 se mobiliser pour les agents de&nbsp;<strong>La Poste<\/strong>.<\/p>\n","protected":false},"excerpt":{"rendered":"<p>Voici le point des perturbations pr\u00e9vues \u00e0 cette heure La SNCF ne pr\u00e9voit que quelques trains supprim\u00e9s&nbsp;: les Intercit\u00e9s 4752 et 4669 entre Marseille et Bordeaux, les Intercit\u00e9s 15943 et 15942 entre Clermont-Ferrand et B\u00e9ziers, les Intercit\u00e9s 3675 et 3604 entre Paris et Toulouse, les Intercit\u00e9s 3754 et 3755 entre Paris et Rodez.&nbsp;Le r\u00e9seau annonce [&hellip;]<\/p>\n","protected":false},"author":2,"featured_media":11428,"comment_status":"open","ping_status":"open","sticky":false,"template":"","format":"standard","meta":{"_jetpack_memberships_contains_paid_content":false,"footnotes":"","jetpack_publicize_message":"","jetpack_publicize_feature_enabled":true,"jetpack_social_post_already_shared":true,"jetpack_social_options":{"image_generator_settings":{"template":"highway","default_image_id":0,"font":"","enabled":false},"version":2},"_wpas_customize_per_network":false},"categories":[405],"tags":[],"class_list":["post-11427","post","type-post","status-publish","format-standard","has-post-thumbnail","hentry","category-actu-france-monde"],"jetpack_publicize_connections":[],"jetpack_featured_media_url":"https:\/\/i0.wp.com\/www.iceagetv.com\/radiosite\/wp-content\/uploads\/2019\/02\/Gr%C3%A8ve-g%C3%A9n%C3%A9rale-demain-%C3%A0-lappel-de-la-CGT.jpg?fit=750%2C324&ssl=1","jetpack_sharing_enabled":true,"_links":{"self":[{"href":"https:\/\/www.iceagetv.com\/radiosite\/wp-json\/wp\/v2\/posts\/11427","targetHints":{"allow":["GET"]}}],"collection":[{"href":"https:\/\/www.iceagetv.com\/radiosite\/wp-json\/wp\/v2\/posts"}],"about":[{"href":"https:\/\/www.iceagetv.com\/radiosite\/wp-json\/wp\/v2\/types\/post"}],"author":[{"embeddable":true,"href":"https:\/\/www.iceagetv.com\/radiosite\/wp-json\/wp\/v2\/users\/2"}],"replies":[{"embeddable":true,"href":"https:\/\/www.iceagetv.com\/radiosite\/wp-json\/wp\/v2\/comments?post=11427"}],"version-history":[{"count":1,"href":"https:\/\/www.iceagetv.com\/radiosite\/wp-json\/wp\/v2\/posts\/11427\/revisions"}],"predecessor-version":[{"id":11429,"href":"https:\/\/www.iceagetv.com\/radiosite\/wp-json\/wp\/v2\/posts\/11427\/revisions\/11429"}],"wp:featuredmedia":[{"embeddable":true,"href":"https:\/\/www.iceagetv.com\/radiosite\/wp-json\/wp\/v2\/media\/11428"}],"wp:attachment":[{"href":"https:\/\/www.iceagetv.com\/radiosite\/wp-json\/wp\/v2\/media?parent=11427"}],"wp:term":[{"taxonomy":"category","embeddable":true,"href":"https:\/\/www.iceagetv.com\/radiosite\/wp-json\/wp\/v2\/categories?post=11427"},{"taxonomy":"post_tag","embeddable":true,"href":"https:\/\/www.iceagetv.com\/radiosite\/wp-json\/wp\/v2\/tags?post=11427"}],"curies":[{"name":"wp","href":"https:\/\/api.w.org\/{rel}","templated":true}]}}