{"id":11437,"date":"2019-02-05T16:57:45","date_gmt":"2019-02-05T16:57:45","guid":{"rendered":"http:\/\/www.iceagetv.com\/radiosite\/?p=11437"},"modified":"2019-02-05T16:57:51","modified_gmt":"2019-02-05T16:57:51","slug":"incendie-cette-nuit-a-paris-la-suspecte-admise-a-linfirmerie-psychiatrique-de-la-prefecture-de-police-sa-garde-a-vue-levee-au-moins-10-morts-et-37-blesses","status":"publish","type":"post","link":"https:\/\/www.iceagetv.com\/radiosite\/incendie-cette-nuit-a-paris-la-suspecte-admise-a-linfirmerie-psychiatrique-de-la-prefecture-de-police-sa-garde-a-vue-levee-au-moins-10-morts-et-37-blesses\/","title":{"rendered":"Incendie cette nuit \u00e0 Paris: La suspecte admise \u00e0 l&rsquo;infirmerie psychiatrique de la pr\u00e9fecture de police &#8211; Sa garde \u00e0 vue lev\u00e9e &#8211; Au moins 10 morts et 37 bless\u00e9s"},"content":{"rendered":"\n<p><strong>La garde \u00e0 vue de la personne soup\u00e7onn\u00e9e d&rsquo;\u00eatre \u00e0 l&rsquo;origine de l&rsquo;incendie mortel survenu cette nuit \u00e0 Paris a \u00e9t\u00e9 lev\u00e9e, indique le parquet de Paris.\u00a0A l&rsquo;issue d&rsquo;un examen m\u00e9dical et d&rsquo;un examen de comportement, cette personne a \u00e9t\u00e9 admise \u00e0 l&rsquo;infirmerie psychiatrique de la pr\u00e9fecture de police (IPPP), pr\u00e9cise le parquet.<\/strong><br>Selon france Info, une messe en hommage aux victimes aura lieu ce soir dans l&rsquo;\u00e9glise Notre-Dame-d&rsquo;Auteuil, dans le 16e arrondissement, a appris franceinfo.<br>L&rsquo;Assembl\u00e9e nationale a observ\u00e9 cet apr\u00e8s-midi une minute de silence\u00a0et son pr\u00e9sident Richard Ferrand (LREM) a pr\u00e9sent\u00e9 les \u00ab condol\u00e9ances \u00bb de la repr\u00e9sentation nationale aux familles des victimes, et salu\u00e9 \u00ab le d\u00e9vouement exceptionnel des forces de s\u00e9curit\u00e9 et de secours \u00bb.<br>Six immeubles d&rsquo;habitation et trois h\u00f4tels\u00a0\u00bb ne peuvent pas \u00eatre r\u00e9occup\u00e9s pour le moment, indique le ministre Julien Denormandie lors des questions au gouvernement \u00e0 l&rsquo;Assembl\u00e9e nationale<\/p>\n\n\n\n<p>Val\u00e9rien Fuet, porte-parole des pompiers de Paris, explique au Parisien les difficult\u00e9s rencontr\u00e9es lors de cette intervention. \u00ab Nos engins ont \u00e9t\u00e9 inutiles dans le sens o\u00f9 on n&rsquo;a pas pu utiliser nos moyens \u00e9l\u00e9vatoires a\u00e9riens, les grandes \u00e9chelles de 30 m\u00e8tres qui nous permettent d&rsquo;acc\u00e9der beaucoup plus haut, parce que le sinistre \u00e9tait un immeuble dans une cour \u00e0 l&rsquo;int\u00e9rieur. On a \u00e9t\u00e9 oblig\u00e9s de rentrer sapeur par sapeur, avec l&rsquo;\u00e9chelle et de dresser l&rsquo;\u00e9chelle \u00e0 l&rsquo;int\u00e9rieur de la courette, c&rsquo;est compliqu\u00e9 \u00bb.<\/p>\n\n\n\n<p>Etd &lsquo;ajouter: \u00ab Pour atteindre les \u00e9tages, il fafut crocheter l&rsquo;\u00e9chelle au balcon sup\u00e9rieur, vous grimpez et ensuite vous encha\u00eenez. C&rsquo;est tr\u00e8s \u00e9prouvant d&rsquo;escalader des \u00e9tages \u00e0 la force des bras, au moyen d&rsquo;\u00e9chelles \u00e0 coulisses et accroch\u00e9es, pour sauver des personnes, avec des flammes qui crachent par les fen\u00eatres \u00bb.<\/p>\n\n\n\n<p><strong>Le point \u00e0 la mi-journ\u00e9e<br><\/strong><\/p>\n\n\n\n<p>Au moins dix personnes sont mortes et une autre a \u00e9t\u00e9 gri\u00e8vement bless\u00e9e dans un violent incendie, dans la nuit de lundi \u00e0 mardi, d\u2019un immeuble \u00e0 Paris, dont une habitante, pr\u00e9sentant des \u00abant\u00e9c\u00e9dents psychiatriques\u00bb, a \u00e9t\u00e9 plac\u00e9e en garde \u00e0 vue. Il s\u2019agit de l\u2019incendie le plus meurtrier \u00e0 Paris depuis pr\u00e8s de 14 ans.<\/p>\n\n\n\n<p>Il a fallu plus de cinq heures aux pompiers pour ma\u00eetriser le feu qui a \u00e9galement fait 37 bless\u00e9s dont huit pompiers. Plus d\u2019une cinquantaine de personnes ont d\u00fb \u00eatre \u00e9vacu\u00e9es en urgence, \u00e0 l\u2019aide de grandes \u00e9chelles notamment.<\/p>\n\n\n\n<p>Arriv\u00e9 sur place au petit matin, le procureur de la R\u00e9publique de Paris R\u00e9my Heitz a annonc\u00e9 le placement en garde \u00e0 vue d\u2019une habitante de l\u2019immeuble, situ\u00e9 dans le XVIe arrondissement.<\/p>\n\n\n\n<p>\u00abCette femme a \u00e9t\u00e9 interpell\u00e9e dans la rue imm\u00e9diatement apr\u00e8s l\u2019incendie. Elle se trouve en garde \u00e0 vue\u00bb, a-t-il d\u00e9clar\u00e9 avant de pr\u00e9ciser plus tard qu\u2019elle avait des \u00abant\u00e9c\u00e9dents psychiatriques\u00bb. Selon le parquet de Paris, les premiers \u00e9l\u00e9ments de l\u2019enqu\u00eate tendent \u00e0 privil\u00e9gier la piste criminelle.<\/p>\n\n\n\n<p>La femme, \u00e2g\u00e9e d\u2019une quarantaine d\u2019ann\u00e9es, a \u00e9t\u00e9 \u00abarr\u00eat\u00e9e en \u00e9tat d\u2019alcool\u00e9mie alors qu\u2019elle tentait de mettre le feu \u00e0 une voiture\u00bb, a indiqu\u00e9 \u00e0 l\u2019AFP une source polici\u00e8re. En conflit r\u00e9current avec son voisin pompier, elle s\u2019\u00e9tait disput\u00e9e avec lui dans la soir\u00e9e et la police s\u2019\u00e9tait d\u00e9plac\u00e9e pour un trouble de voisinage, a indiqu\u00e9 une autre source polici\u00e8re.<\/p>\n\n\n\n<p>Une enqu\u00eate a \u00e9t\u00e9 ouverte pour \u00abdestruction volontaire par incendie ayant entra\u00een\u00e9 la mort\u00bb et confi\u00e9e \u00e0 la police judiciaire.<\/p>\n\n\n\n<p>Sur des images tourn\u00e9es par les pompiers, on peut voir d\u2019immenses flammes s\u2019\u00e9chapper des fen\u00eatres aux vitres explos\u00e9es, notamment au niveau des deux derniers \u00e9tages de l\u2019immeuble, dont la cage d\u2019escalier est \u00e9galement en feu.<\/p>\n\n\n\n<p>\u00abLa France se r\u00e9veille dans l\u2019\u00e9motion apr\u00e8s l\u2019incendie rue Erlanger \u00e0 Paris cette nuit. Pens\u00e9es pour les victimes. Merci aux pompiers dont le courage a permis de sauver de nombreuses vies\u00bb, a \u00e9crit le chef de l\u2019Etat sur son compte Twitter.<\/p>\n\n\n\n<p>Le bilan restait provisoire, d\u2019apr\u00e8s les pompiers qui ont d\u00e9couvert en fin de matin\u00e9e un dixi\u00e8me corps \u00abcarbonis\u00e9\u00bb dans les d\u00e9combres.<\/p>\n\n\n\n<p>Il \u00abpourrait encore s\u2019alourdir car les op\u00e9rations de reconnaissance ne sont pas encore termin\u00e9es dans les derniers \u00e9tages de l\u2019immeuble, l\u00e0 o\u00f9 le feu \u00e9tait le plus violent\u00bb, avait expliqu\u00e9 \u00e0 l\u2019AFP le capitaine Cl\u00e9ment Cognon, porte-parole des pompiers.<\/p>\n\n\n\n<p>Le feu a d\u00e9marr\u00e9 vers 01H00 du matin dans ce quartier chic de l\u2019ouest parisien, selon les pompiers qui \u00e9voquent une \u00absc\u00e8ne d\u2019une incroyable violence\u00bb. Certains habitants de cet immeuble des ann\u00e9es 70 se sont r\u00e9fugi\u00e9s sur le toit pour \u00e9chapper aux flammes, alors que de nombreux r\u00e9sidents ont appel\u00e9 au secours depuis leurs fen\u00eatres.<\/p>\n\n\n\n<p>Au total, une cinquantaine de personnes ont \u00e9t\u00e9 \u00e9vacu\u00e9es par les pompiers, gr\u00e2ce \u00e0 l\u2019installation d\u2019\u00e9chelles et de cordes.<br>Un num\u00e9ro d&rsquo;information vient d&rsquo;\u00eatre mis en place par la mairie de Paris : 08.05.20.04.50<br><strong>Les pompiers revoient \u00e0 la hausse le bilan : il est d\u00e9sormais de 10 morts et 30 bless\u00e9s en urgence relative et une personne en urgence absolue<\/strong><\/p>\n\n\n\n<p>Selon LCI, la femme suspect\u00e9e avait re\u00e7u la visite de la police quelques minutes avant le d\u00e9part du feu. \u00ab\u00a0Un habitant de l&rsquo;immeuble avait appel\u00e9 le 17 un peu avant minuit, pour se plaindre de son comportement agit\u00e9 et de ses hurlements\u00a0\u00bb, pr\u00e9cisent nos confr\u00e8res.<\/p>\n\n\n\n<p>Sur place, les forces de l&rsquo;ordre ont fait face \u00e0 une femme ayant des propos confus, mais non violente. Elles sont donc reparties dans l&rsquo;interpeller.\u00a0<\/p>\n\n\n\n<p>a femme interpell\u00e9e dans le cadre de l&rsquo;enqu\u00eate&nbsp;sur l&rsquo;incendie probablement criminel qui a fait au moins huit morts cette nuit dans l&rsquo;ouest de Paris, pr\u00e9sentait des \u00ab\u00a0ant\u00e9c\u00e9dents psychiatriques\u00a0\u00bb, a annonc\u00e9 le procureur de Paris.<\/p>\n\n\n\n<p>\u00ab\u00a0Une personne qui habite l&rsquo;immeuble a \u00e9t\u00e9 interpell\u00e9e. Il s&rsquo;agit d&rsquo;une femme de 40 ans qui pr\u00e9sentait des ant\u00e9c\u00e9dents psychiatriques\u00a0\u00bb, a indiqu\u00e9 R\u00e9my Heitz, le procureur de la R\u00e9publique de Paris lors d&rsquo;un point presse pr\u00e8s de l&rsquo;endroit o\u00f9 l&rsquo;incendie a eu lieu.<\/p>\n\n\n\n<p>\u00ab\u00a0Cette femme a \u00e9t\u00e9 interpell\u00e9e dans la rue imm\u00e9diatement apr\u00e8s l&rsquo;incendie. Elle se trouve en garde \u00e0 vue\u00a0\u00bb, a-t-il pr\u00e9cis\u00e9, ajoutant qu&rsquo;une enqu\u00eate avait \u00e9t\u00e9 ouverte pour \u00ab\u00a0incendie volontaire ayant entra\u00een\u00e9 la mort et des blessures\u00a0\u00bb et confi\u00e9e au premier district de police judiciaire de Paris.&nbsp;\u00ab\u00a0L&rsquo;enqu\u00eate se poursuit pour conna\u00eetre les conditions dans lesquelles le feu se serait propag\u00e9\u00a0\u00bb, a-t-il encore d\u00e9clar\u00e9.<\/p>\n\n\n\n<p>Au moins huit personnes sont mortes et une autre a \u00e9t\u00e9 gri\u00e8vement bless\u00e9e dans cet incendie d&rsquo;une \u00ab\u00a0incroyable violence\u00a0\u00bb selon les pompiers qui ont mis six heures \u00e0 ma\u00eetriser le feu.<\/p>\n","protected":false},"excerpt":{"rendered":"<p>La garde \u00e0 vue de la personne soup\u00e7onn\u00e9e d&rsquo;\u00eatre \u00e0 l&rsquo;origine de l&rsquo;incendie mortel survenu cette nuit \u00e0 Paris a \u00e9t\u00e9 lev\u00e9e, indique le parquet de Paris.\u00a0A l&rsquo;issue d&rsquo;un examen m\u00e9dical et d&rsquo;un examen de comportement, cette personne a \u00e9t\u00e9 admise \u00e0 l&rsquo;infirmerie psychiatrique de la pr\u00e9fecture de police (IPPP), pr\u00e9cise le parquet.Selon france Info, [&hellip;]<\/p>\n","protected":false},"author":2,"featured_media":11438,"comment_status":"open","ping_status":"open","sticky":false,"template":"","format":"standard","meta":{"_jetpack_memberships_contains_paid_content":false,"footnotes":"","jetpack_publicize_message":"","jetpack_publicize_feature_enabled":true,"jetpack_social_post_already_shared":true,"jetpack_social_options":{"image_generator_settings":{"template":"highway","default_image_id":0,"font":"","enabled":false},"version":2},"_wpas_customize_per_network":false},"categories":[405],"tags":[],"class_list":["post-11437","post","type-post","status-publish","format-standard","has-post-thumbnail","hentry","category-actu-france-monde"],"jetpack_publicize_connections":[],"jetpack_featured_media_url":"https:\/\/i0.wp.com\/www.iceagetv.com\/radiosite\/wp-content\/uploads\/2019\/02\/Incendie-cette-nuit-%C3%A0-Paris.jpg?fit=750%2C324&ssl=1","jetpack_sharing_enabled":true,"_links":{"self":[{"href":"https:\/\/www.iceagetv.com\/radiosite\/wp-json\/wp\/v2\/posts\/11437","targetHints":{"allow":["GET"]}}],"collection":[{"href":"https:\/\/www.iceagetv.com\/radiosite\/wp-json\/wp\/v2\/posts"}],"about":[{"href":"https:\/\/www.iceagetv.com\/radiosite\/wp-json\/wp\/v2\/types\/post"}],"author":[{"embeddable":true,"href":"https:\/\/www.iceagetv.com\/radiosite\/wp-json\/wp\/v2\/users\/2"}],"replies":[{"embeddable":true,"href":"https:\/\/www.iceagetv.com\/radiosite\/wp-json\/wp\/v2\/comments?post=11437"}],"version-history":[{"count":1,"href":"https:\/\/www.iceagetv.com\/radiosite\/wp-json\/wp\/v2\/posts\/11437\/revisions"}],"predecessor-version":[{"id":11439,"href":"https:\/\/www.iceagetv.com\/radiosite\/wp-json\/wp\/v2\/posts\/11437\/revisions\/11439"}],"wp:featuredmedia":[{"embeddable":true,"href":"https:\/\/www.iceagetv.com\/radiosite\/wp-json\/wp\/v2\/media\/11438"}],"wp:attachment":[{"href":"https:\/\/www.iceagetv.com\/radiosite\/wp-json\/wp\/v2\/media?parent=11437"}],"wp:term":[{"taxonomy":"category","embeddable":true,"href":"https:\/\/www.iceagetv.com\/radiosite\/wp-json\/wp\/v2\/categories?post=11437"},{"taxonomy":"post_tag","embeddable":true,"href":"https:\/\/www.iceagetv.com\/radiosite\/wp-json\/wp\/v2\/tags?post=11437"}],"curies":[{"name":"wp","href":"https:\/\/api.w.org\/{rel}","templated":true}]}}