{"id":11440,"date":"2019-02-05T17:00:26","date_gmt":"2019-02-05T17:00:26","guid":{"rendered":"http:\/\/www.iceagetv.com\/radiosite\/?p=11440"},"modified":"2019-02-05T17:00:33","modified_gmt":"2019-02-05T17:00:33","slug":"greve-nationale-le-point-sur-les-manifestations-et-blocages-en-france","status":"publish","type":"post","link":"https:\/\/www.iceagetv.com\/radiosite\/greve-nationale-le-point-sur-les-manifestations-et-blocages-en-france\/","title":{"rendered":"Gr\u00e8ve nationale : le point sur les manifestations et blocages en France"},"content":{"rendered":"\n<p>Des gr\u00e8ves et manifestations se d\u00e9roulent partout en France, mardi 5 f\u00e9vrier, \u00e0 l&rsquo;appel de la CGT, Solidaires et d&rsquo;organisations de jeunesse, pour r\u00e9clamer hausse des salaires et justice fiscale, avec \u00e0 leur c\u00f4t\u00e9 pour la premi\u00e8re fois des \u00ab\u00a0gilets jaunes\u00a0\u00bb. Le point sur la mobilisation \u00e0 15 heures, r\u00e9gion par r\u00e9gion, avec le r\u00e9seau France Bleu.<\/p>\n\n\n\n<h2 class=\"wp-block-heading\">Auvergne-Rh\u00f4ne-Alpes<\/h2>\n\n\n\n<p>\u00c0<strong>&nbsp;Clermont-Ferrand<\/strong>, 2&nbsp;300&nbsp;personnes ont battu le pav\u00e9 selon la police, plus de 4&nbsp;000&nbsp;selon les organisateurs, rapporte France Bleu Pays d&rsquo;Auvergne. De nombreux \u00ab\u00a0gilets jaunes\u00a0\u00bb ont rejoint le cort\u00e8ge place du 1er-Mai, cort\u00e8ge qui s&rsquo;est ensuite rendu \u00e0 la pr\u00e9fecture o\u00f9 une d\u00e9l\u00e9gation a \u00e9t\u00e9 re\u00e7ue par le directeur de cabinet. En Auvergne, d&rsquo;autres rassemblements ont eu lieu \u00e0&nbsp;<strong>Aurillac<\/strong>,&nbsp;<strong>Moulins<\/strong>&nbsp;ou&nbsp;<strong>Vichy<\/strong>.<\/p>\n\n\n\n<p>\u00c0<strong>&nbsp;Valence<\/strong>, au moins 300&nbsp;manifestants se sont rassembl\u00e9s pr\u00e8s du Champ de Mars pour d\u00e9filer \u00e0 l\u2019appel de la CGT, dont une bonne moiti\u00e9 de \u00ab\u00a0gilets jaunes\u00a0\u00bb, a constat\u00e9 France Bleu Dr\u00f4me Ard\u00e8che.&nbsp;<\/p>\n\n\n\n<h2 class=\"wp-block-heading\">Bourgogne-Franche-Comt\u00e9<\/h2>\n\n\n\n<p>\u00c0<strong>&nbsp;Belfort<\/strong>, plusieurs dizaines de \u00ab\u00a0gilets jaunes\u00a0\u00bb ont mis en place mardi matin un barrage filtrant devant les trois acc\u00e8s du site de General Electric, rapporte France Bleu Belfort-Montb\u00e9liard. Des pneus et des palettes en bois ont \u00e9t\u00e9 br\u00fbl\u00e9s devant l&rsquo;entr\u00e9e de l&rsquo;usine, des barri\u00e8res ont \u00e9t\u00e9 \u00e9galement interpos\u00e9es pour bloquer l&rsquo;acc\u00e8s aux camions de livraison. La direction de General Electric n&rsquo;a pas souhait\u00e9 commenter ce blocage, mais pr\u00e9cise \u00e0 France Bleu qu&rsquo;une dizaine de poids lourds n&rsquo;ont pas pu acc\u00e9der \u00e0 l&rsquo;usine \u00e0 la mi-journ\u00e9e.<\/p>\n\n\n\n<h2 class=\"wp-block-heading\">Centre-Val de Loire<\/h2>\n\n\n\n<p>500&nbsp;personnes ont sillonn\u00e9&nbsp;<strong>Ch\u00e2teauroux<\/strong>&nbsp;mardi matin, au d\u00e9part de la place de la R\u00e9publique, fait savoir France Bleu Berry. Une manifestation organis\u00e9e par la CGT et l\u00e0 aussi rejointe par des \u00ab\u00a0gilets jaunes\u00a0\u00bb.&nbsp;<\/p>\n\n\n\n<h2 class=\"wp-block-heading\">Hauts-de-France<\/h2>\n\n\n\n<p>\u00c0&nbsp;<strong>Lille<\/strong>, une trentaine de \u00ab\u00a0gilets jaunes\u00a0\u00bb ont tent\u00e9 de p\u00e9n\u00e9trer dans le conseil r\u00e9gional des Hauts-de-France, selon les informations de France Bleu Nord. Les manifestants ont demand\u00e9 \u00e0 rencontrer les \u00e9lus mais ont \u00e9t\u00e9 bloqu\u00e9s \u00e0 l&rsquo;entr\u00e9e. Contact\u00e9e par France Bleu Nord, la r\u00e9gion affirme qu&rsquo;une rencontre leur a \u00e9t\u00e9 propos\u00e9e pour&nbsp;mercredi matin, avec le vice-pr\u00e9sident charg\u00e9 des transports.&nbsp;<\/p>\n\n\n\n<h2 class=\"wp-block-heading\">Normandie<\/h2>\n\n\n\n<p>En Seine-Maritime, \u00e0 la mi-journ\u00e9e, les manifestants \u00e9taient plus de 2&nbsp;000 selon la police et plus de 5&nbsp;000 selon la CGT \u00e0 d\u00e9filer&nbsp;<strong>au Havre<\/strong>, relate France Bleu Normandie, un cort\u00e8ge aussi compos\u00e9 de \u00ab\u00a0gilets jaunes\u00a0\u00bb. Des \u00ab\u00a0gilets jaunes\u00a0\u00bb et des syndicalistes qui se sont aussi mobilis\u00e9s sur le rond-point des Vaches \u00e0&nbsp;<strong>Saint-\u00c9tienne du Rouvray<\/strong>&nbsp;dans la matin\u00e9e, et sur le rond-point de la Motte \u00e0&nbsp;<strong>Rouen<\/strong>.&nbsp;<\/p>\n\n\n\n<h2 class=\"wp-block-heading\">Nouvelle-Aquitaine<\/h2>\n\n\n\n<p>Au Pays Basque, environ 250&nbsp;manifestants \u00e0 Tarnos ont bloqu\u00e9 le port de&nbsp;<strong>Bayonne<\/strong>&nbsp;\u00e0 partir de 10&nbsp;heures et jusqu&rsquo;\u00e0 la mi-journ\u00e9e, a rapport\u00e9 France Bleu Pays Basque.<\/p>\n\n\n\n<p>\u00c0<strong>&nbsp;P\u00e9rigueux<\/strong>, plus d&rsquo;un millier de personnes ont d\u00e9fil\u00e9, avec \u00e0 la fois des \u00ab\u00a0gilets jaunes\u00a0\u00bb et des drapeaux de la CGT, a constat\u00e9 France Bleu P\u00e9rigord.<\/p>\n\n\n\n<p>\u00c0<strong>&nbsp;Limoges<\/strong>, la CGT et les \u00ab\u00a0gilets jaunes\u00a0\u00bb ont d\u00e9fil\u00e9 c\u00f4te-\u00e0-c\u00f4te, selon les informations de France Bleu Limousin, avec pr\u00e8s de 1&nbsp;500 personnes dans les rues. \u00c0&nbsp;<strong>Poitiers<\/strong>&nbsp;dans la Vienne, plusieurs centaines de militants de la CGT et de \u00ab\u00a0gilets jaunes\u00a0\u00bb&nbsp;ont quitt\u00e9 la gare&nbsp;pour prendre la direction du centre-ville, a observ\u00e9 France Bleu Poitou.<\/p>\n\n\n\n<p>Dans les Landes, environ 300&nbsp;personnes ont march\u00e9 sous la pluie dans les rues de&nbsp;<strong>Mont-de-Marsan<\/strong>&nbsp;\u00e0 l&rsquo;appel de la CGT, Force Ouvri\u00e8re et l&rsquo;Unsa, selon France Bleu Gascogne. Les manifestants sont partis de la place Saint-Roch, direction la pr\u00e9fecture, avant de revenir en centre-ville. Un d\u00e9fil\u00e9 dans le calme avec dans le cort\u00e8ge quelques gilets jaunes.&nbsp;<\/p>\n\n\n\n<h2 class=\"wp-block-heading\">Occitanie<\/h2>\n\n\n\n<p>En Haute-Garonne, l\u2019une des manifestations a occasionn\u00e9 des difficult\u00e9s tr\u00e8s importantes sur l\u2019autoroute A62 au niveau de la barri\u00e8re de p\u00e9age de&nbsp;<strong>Toulouse<\/strong>&nbsp;Nord. Plusieurs kilom\u00e8tres de bouchons se sont form\u00e9s sur le p\u00e9riph\u00e9rique toulousain en chauss\u00e9e int\u00e9rieure comme ext\u00e9rieure, ainsi que sur l\u2019A62 en provenance de&nbsp;<strong>Montauban<\/strong>.<\/p>\n\n\n\n<p>\u00c0&nbsp;<strong>Perpignan<\/strong>, les actions se sont multipli\u00e9es depuis le lever du jour, avec des barrages filtrants et des manifestations, relate France Bleu Roussillon. Les manifestants ont d&rsquo;abord bloqu\u00e9 le secteur de Saint-Charles et le p\u00e9age sud de Perpignan, avant de rejoindre le centre-ville. Trois cort\u00e8ges se sont \u00e9lanc\u00e9s de diff\u00e9rents points, pour converger vers 11&nbsp;heures place de Catalogne, puis de se diriger vers le palais de justice.<\/p>\n\n\n\n<p>Dans le Gard, 1&nbsp;500 personnes, 1&nbsp;350 selon la police, ont d\u00e9fil\u00e9 dans les rues d&rsquo;<strong>Al\u00e8s<\/strong>, rapporte France Bleu Gard-Loz\u00e8re. Beaucoup de membres de la CGT et quelques \u00ab\u00a0gilets jaunes\u00a0\u00bb. Une partie d&rsquo;entre-eux ont tent\u00e9 d&rsquo;occuper le rond-point de la RN106 avant d&rsquo;\u00eatre expuls\u00e9s par 80 gardes mobiles. Deux \u00ab\u00a0gilets jaunes\u00a0\u00bb ont \u00e9t\u00e9 plac\u00e9s en garde \u00e0 vue. Autre point de blocage d\u00e9gag\u00e9, selon la pr\u00e9fecture du Gard, le barrage de&nbsp;<strong>Dions<\/strong>. Restent occup\u00e9s les deux ronds-points de la rocade est, toujours tenus par une cinquantaine de gilets jaunes.&nbsp;<\/p>\n\n\n\n<h2 class=\"wp-block-heading\">Pays de la Loire<\/h2>\n\n\n\n<p>\u00c0<strong>&nbsp;Nantes<\/strong>, plusieurs dizaines de militants CGT et de \u00ab\u00a0gilets jaunes\u00a0\u00bb ont bloqu\u00e9 ce mardi matin les acc\u00e8s \u00e0 l&rsquo;a\u00e9roport, rapporte France Bleu Loire Oc\u00e9an. Ils ont emp\u00each\u00e9 les camions de p\u00e9n\u00e9trer dans cette importante zone d&rsquo;activit\u00e9 \u00e9conomique. Les voyageurs devaient ensuite marcher pr\u00e8s de 3&nbsp;km pour rejoindre l&rsquo;a\u00e9rogare.<\/p>\n\n\n\n<h2 class=\"wp-block-heading\">Provence-Alpes-C\u00f4te-d&rsquo;Azur&nbsp;<\/h2>\n\n\n\n<p>Entre 1&nbsp;500 et 2&nbsp;000 manifestants dont 400 \u00ab\u00a0gilets jaunes\u00a0\u00bb ont fait le tour des remparts d&rsquo;<strong>Avignon<\/strong>&nbsp;et devaient ensuite se rassembler&nbsp;devant la pr\u00e9fecture \u00e0 la suite de l&rsquo;appel \u00e0 la gr\u00e8ve de CGT et Solidaires, rapporte France Bleu Vaucluse.<\/p>\n","protected":false},"excerpt":{"rendered":"<p>Des gr\u00e8ves et manifestations se d\u00e9roulent partout en France, mardi 5 f\u00e9vrier, \u00e0 l&rsquo;appel de la CGT, Solidaires et d&rsquo;organisations de jeunesse, pour r\u00e9clamer hausse des salaires et justice fiscale, avec \u00e0 leur c\u00f4t\u00e9 pour la premi\u00e8re fois des \u00ab\u00a0gilets jaunes\u00a0\u00bb. Le point sur la mobilisation \u00e0 15 heures, r\u00e9gion par r\u00e9gion, avec le r\u00e9seau [&hellip;]<\/p>\n","protected":false},"author":2,"featured_media":11441,"comment_status":"open","ping_status":"open","sticky":false,"template":"","format":"standard","meta":{"_jetpack_memberships_contains_paid_content":false,"footnotes":"","jetpack_publicize_message":"","jetpack_publicize_feature_enabled":true,"jetpack_social_post_already_shared":true,"jetpack_social_options":{"image_generator_settings":{"template":"highway","default_image_id":0,"font":"","enabled":false},"version":2},"_wpas_customize_per_network":false},"categories":[405],"tags":[],"class_list":["post-11440","post","type-post","status-publish","format-standard","has-post-thumbnail","hentry","category-actu-france-monde"],"jetpack_publicize_connections":[],"jetpack_featured_media_url":"https:\/\/i0.wp.com\/www.iceagetv.com\/radiosite\/wp-content\/uploads\/2019\/02\/Gr%C3%A8ve-nationale.jpg?fit=1197%2C450&ssl=1","jetpack_sharing_enabled":true,"_links":{"self":[{"href":"https:\/\/www.iceagetv.com\/radiosite\/wp-json\/wp\/v2\/posts\/11440","targetHints":{"allow":["GET"]}}],"collection":[{"href":"https:\/\/www.iceagetv.com\/radiosite\/wp-json\/wp\/v2\/posts"}],"about":[{"href":"https:\/\/www.iceagetv.com\/radiosite\/wp-json\/wp\/v2\/types\/post"}],"author":[{"embeddable":true,"href":"https:\/\/www.iceagetv.com\/radiosite\/wp-json\/wp\/v2\/users\/2"}],"replies":[{"embeddable":true,"href":"https:\/\/www.iceagetv.com\/radiosite\/wp-json\/wp\/v2\/comments?post=11440"}],"version-history":[{"count":1,"href":"https:\/\/www.iceagetv.com\/radiosite\/wp-json\/wp\/v2\/posts\/11440\/revisions"}],"predecessor-version":[{"id":11442,"href":"https:\/\/www.iceagetv.com\/radiosite\/wp-json\/wp\/v2\/posts\/11440\/revisions\/11442"}],"wp:featuredmedia":[{"embeddable":true,"href":"https:\/\/www.iceagetv.com\/radiosite\/wp-json\/wp\/v2\/media\/11441"}],"wp:attachment":[{"href":"https:\/\/www.iceagetv.com\/radiosite\/wp-json\/wp\/v2\/media?parent=11440"}],"wp:term":[{"taxonomy":"category","embeddable":true,"href":"https:\/\/www.iceagetv.com\/radiosite\/wp-json\/wp\/v2\/categories?post=11440"},{"taxonomy":"post_tag","embeddable":true,"href":"https:\/\/www.iceagetv.com\/radiosite\/wp-json\/wp\/v2\/tags?post=11440"}],"curies":[{"name":"wp","href":"https:\/\/api.w.org\/{rel}","templated":true}]}}