{"id":11443,"date":"2019-02-05T17:05:48","date_gmt":"2019-02-05T17:05:48","guid":{"rendered":"http:\/\/www.iceagetv.com\/radiosite\/?p=11443"},"modified":"2019-02-05T17:05:57","modified_gmt":"2019-02-05T17:05:57","slug":"le-geant-americain-apple-trouve-un-accord-avec-ladministration-fiscale-francaise-afin-de-solder-dix-ans-darrieres-dimpots-soit-pres-de-500-millions-deuros","status":"publish","type":"post","link":"https:\/\/www.iceagetv.com\/radiosite\/le-geant-americain-apple-trouve-un-accord-avec-ladministration-fiscale-francaise-afin-de-solder-dix-ans-darrieres-dimpots-soit-pres-de-500-millions-deuros\/","title":{"rendered":"Le g\u00e9ant am\u00e9ricain Apple trouve un accord avec l&rsquo;administration fiscale fran\u00e7aise afin de solder dix ans d&rsquo;arri\u00e9r\u00e9s d&rsquo;imp\u00f4ts, soit pr\u00e8s de 500 millions d&rsquo;euros"},"content":{"rendered":"\n<p>Le g\u00e9ant am\u00e9ricain Apple a trouv\u00e9 r\u00e9cemment un&nbsp;accord avec l&rsquo;administration fiscale fran\u00e7aise afin de solder dix ans&nbsp;d&rsquo;arri\u00e9r\u00e9s d&rsquo;imp\u00f4ts, a indiqu\u00e9 l&rsquo;entreprise \u00e0 l&rsquo;AFP, confirmant une&nbsp;information du site de L&rsquo;Express.<\/p>\n\n\n\n<p>Selon L&rsquo;Express, pr\u00e8s de 500 millions d&rsquo;euros auraient \u00e9t\u00e9 r\u00e9gl\u00e9s par la&nbsp;firme am\u00e9ricaine dans le cadre de cet accord confidentiel, sign\u00e9 fin d\u00e9cembre.&nbsp;Ce montant a \u00e9t\u00e9 confirm\u00e9 \u00e0 l&rsquo;AFP par une source proche du dossier.&nbsp;\u00ab\u00a0L&rsquo;administration fiscale fran\u00e7aise a r\u00e9cemment conclu un audit pluriannuel&nbsp;sur les comptes fran\u00e7ais de la soci\u00e9t\u00e9 et l&rsquo;ajustement sera communiqu\u00e9 dans&nbsp;nos comptes publics\u00a0\u00bb, a assur\u00e9 Apple \u00e0 l&rsquo;AFP, sans pr\u00e9ciser le montant de&nbsp;l&rsquo;accord.&nbsp;\u00ab\u00a0Nous savons le r\u00f4le important que jouent les imp\u00f4ts dans la soci\u00e9t\u00e9 et&nbsp;nous payons nos imp\u00f4ts dans tous les pays o\u00f9 nous op\u00e9rons, en pleine&nbsp;conformit\u00e9 avec les lois et pratiques en vigueur au niveau local\u00a0\u00bb, a ajout\u00e9&nbsp;l&rsquo;entreprise, se disant \u00ab\u00a0fi\u00e8re\u00a0\u00bb de sa \u00ab\u00a0contribution\u00a0\u00bb \u00e0 l&rsquo;\u00e9conomie fran\u00e7aise.<\/p>\n\n\n\n<p>Interrog\u00e9s par l&rsquo;AFP, ni la Direction g\u00e9n\u00e9rale des finances publiques&nbsp;(DGFIP) ni le minist\u00e8re des Comptes publics n&rsquo;ont souhait\u00e9 confirmer cette&nbsp;information, invoquant le \u00ab\u00a0secret fiscal\u00a0\u00bb.&nbsp;D&rsquo;apr\u00e8s L&rsquo;Express, les n\u00e9gociations entre Apple et la Direction des&nbsp;v\u00e9rifications nationales et internationales (DVNI) de Bercy, charg\u00e9e du&nbsp;contr\u00f4le fiscal des grandes entreprises, avaient \u00e9t\u00e9 engag\u00e9es voil\u00e0 plusieurs&nbsp;mois.<\/p>\n","protected":false},"excerpt":{"rendered":"<p>Le g\u00e9ant am\u00e9ricain Apple a trouv\u00e9 r\u00e9cemment un&nbsp;accord avec l&rsquo;administration fiscale fran\u00e7aise afin de solder dix ans&nbsp;d&rsquo;arri\u00e9r\u00e9s d&rsquo;imp\u00f4ts, a indiqu\u00e9 l&rsquo;entreprise \u00e0 l&rsquo;AFP, confirmant une&nbsp;information du site de L&rsquo;Express. Selon L&rsquo;Express, pr\u00e8s de 500 millions d&rsquo;euros auraient \u00e9t\u00e9 r\u00e9gl\u00e9s par la&nbsp;firme am\u00e9ricaine dans le cadre de cet accord confidentiel, sign\u00e9 fin d\u00e9cembre.&nbsp;Ce montant a \u00e9t\u00e9 [&hellip;]<\/p>\n","protected":false},"author":2,"featured_media":11444,"comment_status":"open","ping_status":"open","sticky":false,"template":"","format":"standard","meta":{"_jetpack_memberships_contains_paid_content":false,"footnotes":"","jetpack_publicize_message":"","jetpack_publicize_feature_enabled":true,"jetpack_social_post_already_shared":true,"jetpack_social_options":{"image_generator_settings":{"template":"highway","default_image_id":0,"font":"","enabled":false},"version":2},"_wpas_customize_per_network":false},"categories":[16],"tags":[],"class_list":["post-11443","post","type-post","status-publish","format-standard","has-post-thumbnail","hentry","category-actu-high-tech"],"jetpack_publicize_connections":[],"jetpack_featured_media_url":"https:\/\/i0.wp.com\/www.iceagetv.com\/radiosite\/wp-content\/uploads\/2019\/02\/Le-g%C3%A9ant-am%C3%A9ricain-Apple.jpg?fit=750%2C324&ssl=1","jetpack_sharing_enabled":true,"_links":{"self":[{"href":"https:\/\/www.iceagetv.com\/radiosite\/wp-json\/wp\/v2\/posts\/11443","targetHints":{"allow":["GET"]}}],"collection":[{"href":"https:\/\/www.iceagetv.com\/radiosite\/wp-json\/wp\/v2\/posts"}],"about":[{"href":"https:\/\/www.iceagetv.com\/radiosite\/wp-json\/wp\/v2\/types\/post"}],"author":[{"embeddable":true,"href":"https:\/\/www.iceagetv.com\/radiosite\/wp-json\/wp\/v2\/users\/2"}],"replies":[{"embeddable":true,"href":"https:\/\/www.iceagetv.com\/radiosite\/wp-json\/wp\/v2\/comments?post=11443"}],"version-history":[{"count":1,"href":"https:\/\/www.iceagetv.com\/radiosite\/wp-json\/wp\/v2\/posts\/11443\/revisions"}],"predecessor-version":[{"id":11445,"href":"https:\/\/www.iceagetv.com\/radiosite\/wp-json\/wp\/v2\/posts\/11443\/revisions\/11445"}],"wp:featuredmedia":[{"embeddable":true,"href":"https:\/\/www.iceagetv.com\/radiosite\/wp-json\/wp\/v2\/media\/11444"}],"wp:attachment":[{"href":"https:\/\/www.iceagetv.com\/radiosite\/wp-json\/wp\/v2\/media?parent=11443"}],"wp:term":[{"taxonomy":"category","embeddable":true,"href":"https:\/\/www.iceagetv.com\/radiosite\/wp-json\/wp\/v2\/categories?post=11443"},{"taxonomy":"post_tag","embeddable":true,"href":"https:\/\/www.iceagetv.com\/radiosite\/wp-json\/wp\/v2\/tags?post=11443"}],"curies":[{"name":"wp","href":"https:\/\/api.w.org\/{rel}","templated":true}]}}