{"id":11447,"date":"2019-02-06T14:12:58","date_gmt":"2019-02-06T14:12:58","guid":{"rendered":"http:\/\/www.iceagetv.com\/radiosite\/?p=11447"},"modified":"2019-02-06T14:13:04","modified_gmt":"2019-02-06T14:13:04","slug":"johan-clarey-vice-champion-du-monde-du-super-g-dominik-paris-en-or","status":"publish","type":"post","link":"https:\/\/www.iceagetv.com\/radiosite\/johan-clarey-vice-champion-du-monde-du-super-g-dominik-paris-en-or\/","title":{"rendered":"Johan Clarey vice-champion du monde du super-G, Dominik Paris en or"},"content":{"rendered":"\n<h2 class=\"wp-block-heading\">MONDIAUX 2019 &#8211; Dix jours apr\u00e8s son premier podium en Coupe du monde, Johan Clarey a remis \u00e7a mercredi \u00e0 Are. A 38 ans, le Fran\u00e7ais a d\u00e9croch\u00e9 une fabuleuse m\u00e9daille d&rsquo;argent lors du super-G des championnats du monde ! Il partage la deuxi\u00e8me place avec Vincent Kriechmayr. Les deux hommes ont \u00e9chou\u00e9 \u00e0 neuf centi\u00e8mes de Dominik Paris, sacr\u00e9 pour la premi\u00e8re fois de sa carri\u00e8re.<\/h2>\n\n\n\n<p>Johan Clarey l&rsquo;a fait. Dix jours apr\u00e8s avoir sign\u00e9 son premier podium en super-G en Coupe du monde, \u00e0 Kitzb\u00fchel, le Fran\u00e7ais de 38 ans est mont\u00e9 sur la bo\u00eete aux Mondiaux dans cette m\u00eame discipline. Il a d\u00e9croch\u00e9 la m\u00e9daille d&rsquo;argent, mercredi \u00e0 Are, battu pour neuf centi\u00e8mes de secondes par l&rsquo;Italien Dominik Paris, qui conquiert quant \u00e0 lui son premier titre plan\u00e9taire, \u00e0 l&rsquo;\u00e2ge de 29 ans. L&rsquo;Autrichien Vincent Kriechmayr, leader du classement mondial de la sp\u00e9cialit\u00e9, partage la deuxi\u00e8me place du podium avec Clarey.<br>Principalement r\u00e9put\u00e9 bon descendeur depuis son arriv\u00e9e sur le circuit en 2004, Clarey se d\u00e9couvre une vocation, sur le tard, pour le super-G. Vocation qui lui a permis de r\u00e9aliser le meilleur r\u00e9sultat de sa carri\u00e8re, et de d\u00e9bloquer le compteur de m\u00e9daille de la d\u00e9l\u00e9gation fran\u00e7aise, d\u00e8s le deuxi\u00e8me jour des championnats du monde en Su\u00e8de, ce mercredi. La satisfaction prime donc, dans le clan tricolore, m\u00eame si Clarey est pass\u00e9 tout pr\u00e8s du sacre.<\/p>\n\n\n\n<h2 class=\"wp-block-heading\">La porte du sacre \u00e9tait entrouverte<\/h2>\n\n\n\n<p>Dominik Paris, dossard 3, a frapp\u00e9 fort. Mais il a fait une faute en bas de piste. Alors que tous les autres candidats aux places d&rsquo;honneur lui ont ainsi repris du temps sur le dernier secteur, Johan Clarey (dossard 14) n&rsquo;a fait que jeu \u00e9gal avec l&rsquo;Italien sur cette partie de course. La faute, peut-\u00eatre, au d\u00e9collement de l&rsquo;une de ses protections, qui lui a fait perdre en a\u00e9rodynamisme. D&rsquo;o\u00f9 ce paradoxe : Paris et Clarey, m\u00e9daill\u00e9s d&rsquo;or et d&rsquo;argent, ont respectivement sign\u00e9 les 37e et 36e temps lors de l&rsquo;ultime section.<\/p>\n\n\n\n<p>Vincent Kriechmayr (dossard 9) a r\u00e9alis\u00e9 une course plus r\u00e9guli\u00e8re que les deux hommes qu&rsquo;il accompagne sur le podium, pour s&rsquo;offrir sa premi\u00e8re m\u00e9daille en grand championnat. Une breloque \u00e0 laquelle Adrien Th\u00e9aux n&rsquo;a pas pu pr\u00e9tendre, \u00e0 cause d&rsquo;un d\u00e9but de parcours rat\u00e9 (6 dixi\u00e8mes de retard d\u00e8s le premier interm\u00e9diaire), et ce malgr\u00e9 une belle deuxi\u00e8me partie de course. Le m\u00e9daill\u00e9 de bronze du super-G des Mondiaux 2015 a tout de m\u00eame termin\u00e9 5e (+0&Prime;37), contribuant avec Brice Roger (7e, +0&Prime;41) et Nils All\u00e8gre (14e, +0&Prime;64) \u00e0 l&rsquo;excellent tir group\u00e9 des Fran\u00e7ais.<\/p>\n","protected":false},"excerpt":{"rendered":"<p>MONDIAUX 2019 &#8211; Dix jours apr\u00e8s son premier podium en Coupe du monde, Johan Clarey a remis \u00e7a mercredi \u00e0 Are. A 38 ans, le Fran\u00e7ais a d\u00e9croch\u00e9 une fabuleuse m\u00e9daille d&rsquo;argent lors du super-G des championnats du monde ! Il partage la deuxi\u00e8me place avec Vincent Kriechmayr. Les deux hommes ont \u00e9chou\u00e9 \u00e0 neuf [&hellip;]<\/p>\n","protected":false},"author":2,"featured_media":11448,"comment_status":"open","ping_status":"open","sticky":false,"template":"","format":"standard","meta":{"_jetpack_memberships_contains_paid_content":false,"footnotes":"","jetpack_publicize_message":"","jetpack_publicize_feature_enabled":true,"jetpack_social_post_already_shared":true,"jetpack_social_options":{"image_generator_settings":{"template":"highway","default_image_id":0,"font":"","enabled":false},"version":2},"_wpas_customize_per_network":false},"categories":[18],"tags":[],"class_list":["post-11447","post","type-post","status-publish","format-standard","has-post-thumbnail","hentry","category-actu-sport"],"jetpack_publicize_connections":[],"jetpack_featured_media_url":"https:\/\/i0.wp.com\/www.iceagetv.com\/radiosite\/wp-content\/uploads\/2019\/02\/Johan-Clarey.jpg?fit=1950%2C1096&ssl=1","jetpack_sharing_enabled":true,"_links":{"self":[{"href":"https:\/\/www.iceagetv.com\/radiosite\/wp-json\/wp\/v2\/posts\/11447","targetHints":{"allow":["GET"]}}],"collection":[{"href":"https:\/\/www.iceagetv.com\/radiosite\/wp-json\/wp\/v2\/posts"}],"about":[{"href":"https:\/\/www.iceagetv.com\/radiosite\/wp-json\/wp\/v2\/types\/post"}],"author":[{"embeddable":true,"href":"https:\/\/www.iceagetv.com\/radiosite\/wp-json\/wp\/v2\/users\/2"}],"replies":[{"embeddable":true,"href":"https:\/\/www.iceagetv.com\/radiosite\/wp-json\/wp\/v2\/comments?post=11447"}],"version-history":[{"count":1,"href":"https:\/\/www.iceagetv.com\/radiosite\/wp-json\/wp\/v2\/posts\/11447\/revisions"}],"predecessor-version":[{"id":11449,"href":"https:\/\/www.iceagetv.com\/radiosite\/wp-json\/wp\/v2\/posts\/11447\/revisions\/11449"}],"wp:featuredmedia":[{"embeddable":true,"href":"https:\/\/www.iceagetv.com\/radiosite\/wp-json\/wp\/v2\/media\/11448"}],"wp:attachment":[{"href":"https:\/\/www.iceagetv.com\/radiosite\/wp-json\/wp\/v2\/media?parent=11447"}],"wp:term":[{"taxonomy":"category","embeddable":true,"href":"https:\/\/www.iceagetv.com\/radiosite\/wp-json\/wp\/v2\/categories?post=11447"},{"taxonomy":"post_tag","embeddable":true,"href":"https:\/\/www.iceagetv.com\/radiosite\/wp-json\/wp\/v2\/tags?post=11447"}],"curies":[{"name":"wp","href":"https:\/\/api.w.org\/{rel}","templated":true}]}}