{"id":11451,"date":"2019-02-06T14:18:53","date_gmt":"2019-02-06T14:18:53","guid":{"rendered":"http:\/\/www.iceagetv.com\/radiosite\/?p=11451"},"modified":"2019-02-06T14:19:01","modified_gmt":"2019-02-06T14:19:01","slug":"belgique-un-homme-disparu-en-1999-a-lage-de-14-ans-a-ete-retrouve-vivant","status":"publish","type":"post","link":"https:\/\/www.iceagetv.com\/radiosite\/belgique-un-homme-disparu-en-1999-a-lage-de-14-ans-a-ete-retrouve-vivant\/","title":{"rendered":"Belgique : un homme, disparu en 1999 \u00e0 l&rsquo;\u00e2ge de 14 ans, a \u00e9t\u00e9 retrouv\u00e9 vivant"},"content":{"rendered":"\n<p>D\u00e9nouement heureux. C&rsquo;est l&rsquo;un des dossiers de disparition de mineurs en\u00a0<strong>Belgique<\/strong>\u00a0les plus anciens qui vient ainsi d&rsquo;\u00eatre r\u00e9solu. Ce mercredi, le parquet de Bruxelles a tenu une conf\u00e9rence de presse pour \u00e9clairer cette histoire peu banale. Une affaire qui prouve selon la justice belge que \u00ab\u00a0<em>les dossiers de disparition ne sont jamais cl\u00f4tur\u00e9s, tant au niveau du parquet que de la police\u00a0\u00bb.<\/em><\/p>\n\n\n\n<p><\/p>\n\n\n\n<h2 class=\"wp-block-heading\">Qui est Simon Lembi ?&nbsp;<\/h2>\n\n\n\n<p>Un jeune adolescent de 14 ans signal\u00e9 disparu le 12 novembre 1999. Il avait \u00e9t\u00e9 vu pour la derni\u00e8re fois \u00e0\u00a0<strong>Bruxelles<\/strong>. A\u00een\u00e9 de trois enfants, il \u00e9tait arriv\u00e9 d&rsquo;Angola avec sa famille quelques jours seulement avant sa disparition. Un avis de recherche avait \u00e9t\u00e9 lanc\u00e9 par la police belge. A l&rsquo;\u00e9poque, la piste criminelle est envisag\u00e9e par la police, celle de la fugue jug\u00e9e\u00a0<strong><em>\u00ab\u00a0peu probable\u00a0\u00bb<\/em><\/strong>.<\/p>\n\n\n\n<p>\n\nLe dossier n&rsquo;a jamais \u00e9t\u00e9 referm\u00e9,<a href=\"https:\/\/www.rtbf.be\/info\/regions\/detail_simon-lembi-disparu-en-1999-a-l-age-de-14-ans-a-ete-retrouve-vivant?id=10138230\">&nbsp;explique la RTBF<\/a>.&nbsp;En 2015, la maman de l&rsquo;adolescent avait rappel\u00e9 (<a href=\"https:\/\/www.dhnet.be\/actu\/faits\/son-fils-a-disparu-depuis-15-ans-le-calvaire-de-marie-jeanne-55a7279935708aa436fd798d\">entretien \u00e0 Ladh.be<\/a>) que son fils \u00e9tait un gar\u00e7on timide qui ne connaissait rien ni personne \u00e0&nbsp;<strong>Bruxelles<\/strong>, \u00ab\u00a0<em>ne parlait quasiment pas fran\u00e7ais, n&rsquo;avait pas d&rsquo;argent, pas de papier et pas de GSM<\/em>.\u00a0\u00bb<br><\/p>\n\n\n\n<h2 class=\"wp-block-heading\">Comment a-t-il \u00e9t\u00e9 retrouv\u00e9 ?<\/h2>\n\n\n\n<p>En novembre 2018, la cellule des personnes disparues de la police f\u00e9d\u00e9rale est contact\u00e9e par une personne qui indique \u00eatre un proche de Simon Lembi. Elle affirme que l&rsquo;homme, qui a aujourd&rsquo;hui 34 ans, vit \u00e0 l&rsquo;\u00e9tranger. Le t\u00e9moignage est pris au s\u00e9rieux.&nbsp;\u00ab\u00a0<em>Diff\u00e9rents devoirs d&rsquo;enqu\u00eate ont \u00e9t\u00e9 men\u00e9s, pour v\u00e9rifier les dires.&nbsp;<strong>Comparaison des portraits, de la photo actuelle et de celle de 1999, recoupement des date et lieu de naissance, etc<\/strong>. Ces devoirs ont \u00e9t\u00e9 concluants, donc il y a eu un interrogatoire de l&rsquo;int\u00e9ress\u00e9\u00a0\u00bb, a expliqu\u00e9 le parquet de Bruxelles.<\/em><\/p>\n","protected":false},"excerpt":{"rendered":"<p>D\u00e9nouement heureux. C&rsquo;est l&rsquo;un des dossiers de disparition de mineurs en\u00a0Belgique\u00a0les plus anciens qui vient ainsi d&rsquo;\u00eatre r\u00e9solu. Ce mercredi, le parquet de Bruxelles a tenu une conf\u00e9rence de presse pour \u00e9clairer cette histoire peu banale. Une affaire qui prouve selon la justice belge que \u00ab\u00a0les dossiers de disparition ne sont jamais cl\u00f4tur\u00e9s, tant au [&hellip;]<\/p>\n","protected":false},"author":2,"featured_media":11452,"comment_status":"open","ping_status":"open","sticky":false,"template":"","format":"standard","meta":{"_jetpack_memberships_contains_paid_content":false,"footnotes":"","jetpack_publicize_message":"","jetpack_publicize_feature_enabled":true,"jetpack_social_post_already_shared":true,"jetpack_social_options":{"image_generator_settings":{"template":"highway","default_image_id":0,"font":"","enabled":false},"version":2},"_wpas_customize_per_network":false},"categories":[17],"tags":[],"class_list":["post-11451","post","type-post","status-publish","format-standard","has-post-thumbnail","hentry","category-actu-regions"],"jetpack_publicize_connections":[],"jetpack_featured_media_url":"https:\/\/i0.wp.com\/www.iceagetv.com\/radiosite\/wp-content\/uploads\/2019\/02\/un-homme-disparu-en-1999-%C3%A0-l%C3%A2ge-de-14-ans.jpg?fit=1200%2C675&ssl=1","jetpack_sharing_enabled":true,"_links":{"self":[{"href":"https:\/\/www.iceagetv.com\/radiosite\/wp-json\/wp\/v2\/posts\/11451","targetHints":{"allow":["GET"]}}],"collection":[{"href":"https:\/\/www.iceagetv.com\/radiosite\/wp-json\/wp\/v2\/posts"}],"about":[{"href":"https:\/\/www.iceagetv.com\/radiosite\/wp-json\/wp\/v2\/types\/post"}],"author":[{"embeddable":true,"href":"https:\/\/www.iceagetv.com\/radiosite\/wp-json\/wp\/v2\/users\/2"}],"replies":[{"embeddable":true,"href":"https:\/\/www.iceagetv.com\/radiosite\/wp-json\/wp\/v2\/comments?post=11451"}],"version-history":[{"count":1,"href":"https:\/\/www.iceagetv.com\/radiosite\/wp-json\/wp\/v2\/posts\/11451\/revisions"}],"predecessor-version":[{"id":11453,"href":"https:\/\/www.iceagetv.com\/radiosite\/wp-json\/wp\/v2\/posts\/11451\/revisions\/11453"}],"wp:featuredmedia":[{"embeddable":true,"href":"https:\/\/www.iceagetv.com\/radiosite\/wp-json\/wp\/v2\/media\/11452"}],"wp:attachment":[{"href":"https:\/\/www.iceagetv.com\/radiosite\/wp-json\/wp\/v2\/media?parent=11451"}],"wp:term":[{"taxonomy":"category","embeddable":true,"href":"https:\/\/www.iceagetv.com\/radiosite\/wp-json\/wp\/v2\/categories?post=11451"},{"taxonomy":"post_tag","embeddable":true,"href":"https:\/\/www.iceagetv.com\/radiosite\/wp-json\/wp\/v2\/tags?post=11451"}],"curies":[{"name":"wp","href":"https:\/\/api.w.org\/{rel}","templated":true}]}}