{"id":11454,"date":"2019-02-06T14:23:20","date_gmt":"2019-02-06T14:23:20","guid":{"rendered":"http:\/\/www.iceagetv.com\/radiosite\/?p=11454"},"modified":"2019-02-06T14:23:36","modified_gmt":"2019-02-06T14:23:36","slug":"genocide-armenien-macron-va-faire-du-24-avril-la-journee-nationale-de-commemoration","status":"publish","type":"post","link":"https:\/\/www.iceagetv.com\/radiosite\/genocide-armenien-macron-va-faire-du-24-avril-la-journee-nationale-de-commemoration\/","title":{"rendered":"G\u00e9nocide arm\u00e9nien: Macron va faire du 24 avril la journ\u00e9e nationale de comm\u00e9moration"},"content":{"rendered":"\n<h1 class=\"wp-block-heading\"><\/h1>\n\n\n\n<p>Le pr\u00e9sident fran\u00e7ais Emmanuel Macron a annonc\u00e9 mardi soir devant la communaut\u00e9 arm\u00e9nienne que la France allait faire du 24 avril, dans les prochaines semaines, une \u00ab\u00a0journ\u00e9e nationale de comm\u00e9moration du g\u00e9nocide arm\u00e9nien\u00a0\u00bb.<\/p>\n\n\n\n<p>S&rsquo;exprimant lors du d\u00eener annuel du Conseil de coordination des organisations arm\u00e9niennes de France (CCAF), le chef de l&rsquo;\u00c9tat a ainsi honor\u00e9 sa promesse de campagne d&rsquo;inscrire au calendrier fran\u00e7ais une journ\u00e9e comm\u00e9morant cet \u00e9v\u00e9nement, un geste que les Arm\u00e9niens de France attendaient avec impatience.<\/p>\n\n\n\n<p>La date du 24 avril est celle qui a d\u00e9j\u00e0 \u00e9t\u00e9 retenue par l&rsquo;Arm\u00e9nie et la r\u00e9gion \u00e0 majorit\u00e9 arm\u00e9nienne du Nagorny-Karabagh pour comm\u00e9morer le g\u00e9nocide de 1915. &nbsp;&nbsp;<\/p>\n\n\n\n<p>\u00ab\u00a0La France, c&rsquo;est d&rsquo;abord et avant tout ce pays qui sait regarder l&rsquo;histoire en face, qui d\u00e9non\u00e7a parmi les premiers la traque assassine du peuple arm\u00e9nien, qui d\u00e8s 1915 nomma le g\u00e9nocide pour ce qu&rsquo;il \u00e9tait, qui en 2001 \u00e0 l&rsquo;issue d&rsquo;un long combat l&rsquo;a reconnu dans la loi et qui fera dans les prochaines semaine du 24 avril une journ\u00e9e nationale de comm\u00e9moration du g\u00e9nocide arm\u00e9nien\u00a0\u00bb, a-t-il d\u00e9clar\u00e9.<\/p>\n\n\n\n<p>Il a&nbsp;plaid\u00e9 pour que \u00ab\u00a0les citoyens de demain soient pleinement conscients des v\u00e9rit\u00e9s du pass\u00e9\u00a0\u00bb et s&rsquo;est \u00e9lev\u00e9 contre toutes les formes de n\u00e9gationnisme.<\/p>\n\n\n\n<p>Le pr\u00e9sident fran\u00e7ais a pr\u00e9cis\u00e9 avoir au pr\u00e9alable inform\u00e9 le pr\u00e9sident turc Recep Tayyip Erdogan de sa d\u00e9cision.&nbsp;<\/p>\n\n\n\n<p>La France a \u00ab\u00a0un dialogue exigeant avec le pr\u00e9sident turc. Nous avons des d\u00e9saccords assum\u00e9s sur la lutte contre Daesh, les libert\u00e9s fondamentales en Turquie, le g\u00e9nocide et le pass\u00e9 et les droits de l&rsquo;homme en Turquie. Nous avons des points de convergence qui justifient le dialogue, &nbsp;comme la n\u00e9cessit\u00e9 d&rsquo;une transition politique en Syrie. A ce titre le dialogue avec la Turquie est indispensable. Je me refuse \u00e0 rompre le fil du dialogue\u00a0\u00bb, a-t-il d\u00e9taill\u00e9.<\/p>\n\n\n\n<p>Les Arm\u00e9niens estiment que 1,5 million des leurs ont \u00e9t\u00e9 tu\u00e9s de mani\u00e8re syst\u00e9matique par les troupes de l&rsquo;Empire ottoman pendant la Premi\u00e8re Guerre mondiale.<\/p>\n\n\n\n<p>La France a \u00e9t\u00e9 en janvier 2001 le premier grand pays europ\u00e9en \u00e0 reconna\u00eetre le g\u00e9nocide arm\u00e9nien, qu&rsquo;une vingtaine d&rsquo;autres \u00c9tats reconnaissent \u00e9galement.<\/p>\n\n\n\n<p>La Turquie r\u00e9cuse le terme de g\u00e9nocide et \u00e9voque pour sa part une guerre civile en Anatolie.<\/p>\n\n\n\n<p>Le pr\u00e9sident Macron a aussi rendu hommage au chanteur fran\u00e7ais d&rsquo;origine arm\u00e9nienne Charles Aznavour, d\u00e9c\u00e9d\u00e9 le 1er octobre. Le fils du chanteur, Nicolas Aznavour, lui a offert un doudouk, une fl\u00fbte traditionnelle arm\u00e9nienne en bois d&rsquo;abricotier. &nbsp;<\/p>\n\n\n\n<p>Parmi les 350 invit\u00e9s, r\u00e9unis dans un h\u00f4tel parisien, figuraient comme chaque ann\u00e9e des personnalit\u00e9s politiques et des c\u00e9l\u00e9brit\u00e9s comme la maire de Paris Anne Hidalgo, la pr\u00e9sidente de la r\u00e9gion Ile-de-France Val\u00e9rie P\u00e9cresse ou encore l&rsquo;ancienne star du foot Youri Djorkaeff.<\/p>\n\n\n\n<p>Interpell\u00e9 sur la question des ventes d&rsquo;armes fran\u00e7aises \u00e0 l&rsquo;Azerba\u00efdjan, qui pourrait \u00eatre utilis\u00e9es dans le conflit de la r\u00e9gion s\u00e9paratiste du Haut-Karabagh, \u00e0 majorit\u00e9 arm\u00e9nienne, il a assur\u00e9 que \u00ab\u00a0la France respecte scrupuleusement des obligations li\u00e9es \u00e0 l&#8217;embargo\u00a0\u00bb. \u00ab\u00a0Nous ne fournissons pas et nous ne fournirons pas d&rsquo;armes susceptibles d&rsquo;\u00eatre utilis\u00e9es dans des op\u00e9rations arm\u00e9es au Haut-Karabagh\u00a0\u00bb a-t-il assur\u00e9.<\/p>\n\n\n\n<p>Emmanuel Macron s&rsquo;est rendu en octobre en Arm\u00e9nie pour le sommet de la francophonie \u00e0 Erevan, o\u00f9 il a assist\u00e9 \u00e0 un hommage \u00e0 Charles Aznavour.<\/p>\n\n\n\n<p><\/p>\n","protected":false},"excerpt":{"rendered":"<p>Le pr\u00e9sident fran\u00e7ais Emmanuel Macron a annonc\u00e9 mardi soir devant la communaut\u00e9 arm\u00e9nienne que la France allait faire du 24 avril, dans les prochaines semaines, une \u00ab\u00a0journ\u00e9e nationale de comm\u00e9moration du g\u00e9nocide arm\u00e9nien\u00a0\u00bb. S&rsquo;exprimant lors du d\u00eener annuel du Conseil de coordination des organisations arm\u00e9niennes de France (CCAF), le chef de l&rsquo;\u00c9tat a ainsi honor\u00e9 [&hellip;]<\/p>\n","protected":false},"author":2,"featured_media":11455,"comment_status":"open","ping_status":"open","sticky":false,"template":"","format":"standard","meta":{"_jetpack_memberships_contains_paid_content":false,"footnotes":"","jetpack_publicize_message":"","jetpack_publicize_feature_enabled":true,"jetpack_social_post_already_shared":true,"jetpack_social_options":{"image_generator_settings":{"template":"highway","default_image_id":0,"font":"","enabled":false},"version":2},"_wpas_customize_per_network":false},"categories":[405],"tags":[],"class_list":["post-11454","post","type-post","status-publish","format-standard","has-post-thumbnail","hentry","category-actu-france-monde"],"jetpack_publicize_connections":[],"jetpack_featured_media_url":"https:\/\/i0.wp.com\/www.iceagetv.com\/radiosite\/wp-content\/uploads\/2019\/02\/genocide-armenien.jpg?fit=648%2C319&ssl=1","jetpack_sharing_enabled":true,"_links":{"self":[{"href":"https:\/\/www.iceagetv.com\/radiosite\/wp-json\/wp\/v2\/posts\/11454","targetHints":{"allow":["GET"]}}],"collection":[{"href":"https:\/\/www.iceagetv.com\/radiosite\/wp-json\/wp\/v2\/posts"}],"about":[{"href":"https:\/\/www.iceagetv.com\/radiosite\/wp-json\/wp\/v2\/types\/post"}],"author":[{"embeddable":true,"href":"https:\/\/www.iceagetv.com\/radiosite\/wp-json\/wp\/v2\/users\/2"}],"replies":[{"embeddable":true,"href":"https:\/\/www.iceagetv.com\/radiosite\/wp-json\/wp\/v2\/comments?post=11454"}],"version-history":[{"count":1,"href":"https:\/\/www.iceagetv.com\/radiosite\/wp-json\/wp\/v2\/posts\/11454\/revisions"}],"predecessor-version":[{"id":11456,"href":"https:\/\/www.iceagetv.com\/radiosite\/wp-json\/wp\/v2\/posts\/11454\/revisions\/11456"}],"wp:featuredmedia":[{"embeddable":true,"href":"https:\/\/www.iceagetv.com\/radiosite\/wp-json\/wp\/v2\/media\/11455"}],"wp:attachment":[{"href":"https:\/\/www.iceagetv.com\/radiosite\/wp-json\/wp\/v2\/media?parent=11454"}],"wp:term":[{"taxonomy":"category","embeddable":true,"href":"https:\/\/www.iceagetv.com\/radiosite\/wp-json\/wp\/v2\/categories?post=11454"},{"taxonomy":"post_tag","embeddable":true,"href":"https:\/\/www.iceagetv.com\/radiosite\/wp-json\/wp\/v2\/tags?post=11454"}],"curies":[{"name":"wp","href":"https:\/\/api.w.org\/{rel}","templated":true}]}}