{"id":11463,"date":"2019-02-07T17:28:05","date_gmt":"2019-02-07T17:28:05","guid":{"rendered":"http:\/\/www.iceagetv.com\/radiosite\/?p=11463"},"modified":"2019-02-07T17:28:12","modified_gmt":"2019-02-07T17:28:12","slug":"affaire-benalla-la-responsable-de-la-securite-du-premier-ministre-a-demissionne-annonce-matignon","status":"publish","type":"post","link":"https:\/\/www.iceagetv.com\/radiosite\/affaire-benalla-la-responsable-de-la-securite-du-premier-ministre-a-demissionne-annonce-matignon\/","title":{"rendered":"Affaire Benalla &#8211; La responsable de la s\u00e9curit\u00e9 du Premier Ministre a d\u00e9missionn\u00e9 annonce Matignon"},"content":{"rendered":"\n<p>La cheffe de la s\u00e9curit\u00e9 du Premier ministre, le GSPM, a d\u00e9missionn\u00e9, a-t-on appris jeudi 7 f\u00e9vrier. La responsable du groupe de s\u00e9curit\u00e9 du Premier Ministre avait \u00e9t\u00e9 entendue mardi dans le cadre de l&rsquo;enqu\u00eate sur les conditions d&rsquo;enregistrement d&rsquo;une conversation controvers\u00e9e entre Alexandre Benalla et Vincent Crase, diffus\u00e9e par Mediapart.<\/p>\n\n\n\n<p>La polici\u00e8re a \u00e9t\u00e9 auditionn\u00e9e par la brigade criminelle, avait pr\u00e9cis\u00e9 cette source, confirmant une information du \u00ab\u00a0Parisien\u00a0\u00bb. Selon le quotidien, la commissaire de police a ni\u00e9 avoir effectu\u00e9 ces enregistrements. L&rsquo;enqu\u00eate sur ces enregistrements a \u00e9t\u00e9 d\u00e9clench\u00e9e apr\u00e8s la transmission d&rsquo;informations par Matignon au parquet de Paris.<\/p>\n\n\n\n<p>C&rsquo;est dans ce cadre que la justice a tent\u00e9 lundi de perquisitionner les bureaux de Mediapart pour se les faire remettre, s&rsquo;attirant les critiques des m\u00e9dias et de l&rsquo;opposition qui ont d\u00e9nonc\u00e9 une atteinte au secret des sources des journalistes.<\/p>\n\n\n\n<p>Apr\u00e8s la diffusion de ces enregistrements le 31 janvier, les services du Premier ministre avaient \u00e9t\u00e9 interrog\u00e9s par des journalistes qui tentaient d'\u00a0\u00bb\u00e9tablir un lien entre la chef du GSPM (Groupe de s\u00e9curit\u00e9 du Premier ministre), son conjoint, et la rupture du contr\u00f4le judiciaire de Alexandre Benalla et Vincent Crase\u00a0\u00bb, ont expliqu\u00e9 les services du Premier ministre.<\/p>\n\n\n\n<p>L&rsquo;ancien charg\u00e9 de mission \u00e0 l&rsquo;\u00c9lys\u00e9e et l&rsquo;ex-employ\u00e9 de La R\u00e9publique en marche n&rsquo;avaient en effet plus le droit de se rencontrer apr\u00e8s leur mise en examen le 22 juillet 2018 pour les violences du 1er mai.<\/p>\n","protected":false},"excerpt":{"rendered":"<p>La cheffe de la s\u00e9curit\u00e9 du Premier ministre, le GSPM, a d\u00e9missionn\u00e9, a-t-on appris jeudi 7 f\u00e9vrier. La responsable du groupe de s\u00e9curit\u00e9 du Premier Ministre avait \u00e9t\u00e9 entendue mardi dans le cadre de l&rsquo;enqu\u00eate sur les conditions d&rsquo;enregistrement d&rsquo;une conversation controvers\u00e9e entre Alexandre Benalla et Vincent Crase, diffus\u00e9e par Mediapart. La polici\u00e8re a \u00e9t\u00e9 [&hellip;]<\/p>\n","protected":false},"author":2,"featured_media":11464,"comment_status":"open","ping_status":"open","sticky":false,"template":"","format":"standard","meta":{"_jetpack_memberships_contains_paid_content":false,"footnotes":"","jetpack_publicize_message":"","jetpack_publicize_feature_enabled":true,"jetpack_social_post_already_shared":true,"jetpack_social_options":{"image_generator_settings":{"template":"highway","default_image_id":0,"font":"","enabled":false},"version":2},"_wpas_customize_per_network":false},"categories":[405],"tags":[],"class_list":["post-11463","post","type-post","status-publish","format-standard","has-post-thumbnail","hentry","category-actu-france-monde"],"jetpack_publicize_connections":[],"jetpack_featured_media_url":"https:\/\/i0.wp.com\/www.iceagetv.com\/radiosite\/wp-content\/uploads\/2019\/02\/Affaire-Benalla.jpg?fit=750%2C324&ssl=1","jetpack_sharing_enabled":true,"_links":{"self":[{"href":"https:\/\/www.iceagetv.com\/radiosite\/wp-json\/wp\/v2\/posts\/11463","targetHints":{"allow":["GET"]}}],"collection":[{"href":"https:\/\/www.iceagetv.com\/radiosite\/wp-json\/wp\/v2\/posts"}],"about":[{"href":"https:\/\/www.iceagetv.com\/radiosite\/wp-json\/wp\/v2\/types\/post"}],"author":[{"embeddable":true,"href":"https:\/\/www.iceagetv.com\/radiosite\/wp-json\/wp\/v2\/users\/2"}],"replies":[{"embeddable":true,"href":"https:\/\/www.iceagetv.com\/radiosite\/wp-json\/wp\/v2\/comments?post=11463"}],"version-history":[{"count":1,"href":"https:\/\/www.iceagetv.com\/radiosite\/wp-json\/wp\/v2\/posts\/11463\/revisions"}],"predecessor-version":[{"id":11465,"href":"https:\/\/www.iceagetv.com\/radiosite\/wp-json\/wp\/v2\/posts\/11463\/revisions\/11465"}],"wp:featuredmedia":[{"embeddable":true,"href":"https:\/\/www.iceagetv.com\/radiosite\/wp-json\/wp\/v2\/media\/11464"}],"wp:attachment":[{"href":"https:\/\/www.iceagetv.com\/radiosite\/wp-json\/wp\/v2\/media?parent=11463"}],"wp:term":[{"taxonomy":"category","embeddable":true,"href":"https:\/\/www.iceagetv.com\/radiosite\/wp-json\/wp\/v2\/categories?post=11463"},{"taxonomy":"post_tag","embeddable":true,"href":"https:\/\/www.iceagetv.com\/radiosite\/wp-json\/wp\/v2\/tags?post=11463"}],"curies":[{"name":"wp","href":"https:\/\/api.w.org\/{rel}","templated":true}]}}