{"id":11471,"date":"2019-02-08T09:22:48","date_gmt":"2019-02-08T09:22:48","guid":{"rendered":"http:\/\/www.iceagetv.com\/radiosite\/?p=11471"},"modified":"2019-02-08T09:22:56","modified_gmt":"2019-02-08T09:22:56","slug":"tensions-diplomatiques-entre-paris-et-rome-la-france-renvoie-une-image-arrogante-en-italie","status":"publish","type":"post","link":"https:\/\/www.iceagetv.com\/radiosite\/tensions-diplomatiques-entre-paris-et-rome-la-france-renvoie-une-image-arrogante-en-italie\/","title":{"rendered":"Tensions diplomatiques entre Paris et Rome : \u00ab\u00a0La France renvoie une image arrogante en Italie\u00a0\u00bb"},"content":{"rendered":"\n<p>La France et l&rsquo;<a href=\"https:\/\/www.francetvinfo.fr\/monde\/italie\/\">Italie<\/a>&nbsp;sont d\u00e9sormais dos \u00e0 dos. Paris a demand\u00e9&nbsp;<a href=\"https:\/\/www.francetvinfo.fr\/monde\/italie\/la-france-rappelle-son-ambassadeur-en-italie-apres-des-declarations-outrancieres-de-la-part-du-gouvernement_3179471.html\">le rappel de son ambassadeur \u00e0 Rome<\/a>, jeudi 7 f\u00e9vrier, sur fond de tensions larv\u00e9es depuis plusieurs mois. La rencontre entre des \u00ab\u00a0gilets jaunes\u00a0\u00bb et le vice-Premier ministre Luigi Di Maio, la veille \u00e0 Montargis (Loiret), a sans doute \u00e9t\u00e9 la goutte de trop. Comment ces deux pays voisins et membres de l&rsquo;UE en sont-ils arriv\u00e9s l\u00e0&nbsp;? Le politologue Herv\u00e9 Rayner, sp\u00e9cialiste de l&rsquo;Italie contemporaine, r\u00e9pond aux questions de franceinfo.<\/p>\n\n\n\n<p><strong>Franceinfo&nbsp;: \u00cates-vous surpris par la d\u00e9cision fran\u00e7aise&nbsp;?<\/strong><\/p>\n\n\n\n<p><strong>Herv\u00e9 Rayner&nbsp;:<\/strong>&nbsp;Pas outre-mesure. C&rsquo;est sans doute une tentative pour arr\u00eater les pol\u00e9miques entre les deux pays, lesquelles sont d&rsquo;ailleurs presque \u00e0 sens unique. Les attaques contre la France adress\u00e9es par plusieurs dirigeants de la Ligue et du M5S pouvaient faire la une en Italie, mais elles rencontraient tr\u00e8s peu d&rsquo;\u00e9cho en France.<\/p>\n\n\n\n<p><strong>Pourquoi Luigi Di Maio est-il venu voir des \u00ab\u00a0gilets jaunes\u00a0\u00bb en France&nbsp;?<br><\/strong><\/p>\n\n\n\n<p>Le M5S a une histoire \u00ab\u00a0mouvementiste\u00a0\u00bb et il n&rsquo;a chang\u00e9 de strat\u00e9gie qu&rsquo;en septembre 2017, en acceptant le principe d&rsquo;alliances post-\u00e9lectorales. Aujourd&rsquo;hui, certains de ses repr\u00e9sentants expliquent que le mouvement a su recueillir les protestations exprim\u00e9es depuis des ann\u00e9es en Italie, raison pour laquelle ce pays ne conna\u00eet pas la m\u00eame situation qu&rsquo;en France. Un rapprochement avec les \u00ab\u00a0gilets jaunes\u00a0\u00bb est \u00e9galement une tentative pour trouver des alli\u00e9s au niveau europ\u00e9en, car le M5S est tr\u00e8s isol\u00e9. Lors de la pr\u00e9c\u00e9dente l\u00e9gislature, il s&rsquo;\u00e9tait alli\u00e9 avec le parti britannique Ukip de Nigel Farage, un choix d&rsquo;ailleurs contest\u00e9 en interne.<\/p>\n\n\n\n<p><strong>Est-ce \u00e9galement une forme de d\u00e9fi adress\u00e9 \u00e0 Emmanuel Macron&nbsp;?<\/strong><\/p>\n\n\n\n<p>En effet, et il existe d&rsquo;ailleurs une forme de surench\u00e8re li\u00e9e \u00e0 la comp\u00e9tition entre les deux partis de coalition, le M5S et la Ligue. Le rapport de force s&rsquo;est en effet invers\u00e9 entre les deux depuis les \u00e9lections, puisque la Ligue est cr\u00e9dit\u00e9e d&rsquo;une avance dans les sondages depuis le mois de septembre. Les m\u00e9dias ont m\u00eame diffus\u00e9 des images du pr\u00e9sident du Conseil italien Giuseppe Conte face \u00e0 Angela Merkel. Il d\u00e9crivait un sentiment de panique au M5S et une forme de cannibalisation par Matteo Salvini. Dans cette comp\u00e9tition interne, les deux composantes jouent \u00e0 qui criera le plus fort ou provoquera le plus. Cela joue aussi dans les relations avec la France.<\/p>\n\n\n\n<p><strong>Au-del\u00e0 des choix politiques, le pr\u00e9sident fran\u00e7ais lui-m\u00eame concentre les critiques des dirigeants italiens&#8230;<\/strong><\/p>\n\n\n\n<p>Cette hostilit\u00e9 est li\u00e9e au parcours du pr\u00e9sident fran\u00e7ais et&nbsp;\u00e0 son exp\u00e9rience de banquier. Cela s&rsquo;ins\u00e8re tr\u00e8s bien dans une certaine rh\u00e9torique du M5S, qui a beaucoup men\u00e9 campagne sur les liens entre dirigeants bancaires et politiques. Le mouvement, par exemple, a particip\u00e9 aux mobilisations en faveur des \u00e9pargnants grug\u00e9s dans l&rsquo;affaire de la banque Monte dei Paschi di Siena. Il existe \u00e9galement une hostilit\u00e9 presque personnelle chez Matteo Salvini, qui multiplie les piques. Son parcours et celui du pr\u00e9sident fran\u00e7ais sont antagonistes, puisque le ministre de l&rsquo;Int\u00e9rieur italien est issu du militantisme de la Ligue du Nord dans les ann\u00e9es 1990.<\/p>\n\n\n\n<p><strong>Quelle est l&rsquo;image de la France en Italie&nbsp;?<\/strong><\/p>\n\n\n\n<p>La France renvoie une image arrogante en Italie, comme dans d&rsquo;autres pays. On cite souvent la&nbsp;<em>\u00ab\u00a0grandeur\u00a0\u00bb<\/em>, en fran\u00e7ais dans le texte, un terme mobilis\u00e9 par le g\u00e9n\u00e9ral de Gaulle pour justifier telle ou telle politique. C&rsquo;est li\u00e9 au poids du capital culturel en France, lui-m\u00eame li\u00e9 \u00e0 la centralit\u00e9 et \u00e0 l&rsquo;anciennet\u00e9 de l&rsquo;\u00c9tat, un ph\u00e9nom\u00e8ne bien \u00e9tudi\u00e9 par le sociologue allemand Norbert Elias.<\/p>\n\n\n\n<p><strong>Quels sont les dossiers qui suscitent le m\u00e9contentement des dirigeants italiens&nbsp;?<\/strong><\/p>\n\n\n\n<p>Il y a notamment la gestion&nbsp;<a href=\"https:\/\/www.francetvinfo.fr\/monde\/europe\/migrants\/l-italie-accuse-des-douaniers-francais-d-etre-entres-sans-permission-dans-un-centre-pour-migrants_2683288.html\">des migrations aux fronti\u00e8res<\/a>, \u00e0 Vintimille ou dans les Alpes, puisque des gendarmes fran\u00e7ais ont m\u00eame ramen\u00e9 des migrants du c\u00f4t\u00e9 italien. En retour, ce m\u00e9contentement suscite \u00e0 son tour d&rsquo;autres critiques. Luigi Di Maio et un autre responsable du M5S ont r\u00e9cemment brandi la responsabilit\u00e9 du franc CFA dans les flux migratoires en Europe et ont affirm\u00e9 que l&rsquo;Italie subissait les cons\u00e9quences d&rsquo;un n\u00e9o-colonialisme fran\u00e7ais. A ce titre, l&rsquo;intervention franco-britannique de 2011 en Libye a \u00e9t\u00e9 mal v\u00e9cue, puisqu&rsquo;une bonne partie des flux migratoires en Sicile ou en Calabre avait pour point de d\u00e9part ce pays.<\/p>\n\n\n\n<p><strong>Quels sont les autres dossiers probl\u00e9matiques&nbsp;?<\/strong><\/p>\n\n\n\n<p>La France a achet\u00e9 beaucoup de marques italiennes depuis quinze ou vingt&nbsp;ans. Ces acquisitions industrielles ont cours dans le secteur de la mode ou de la grande distribution, par exemple, mais ont \u00e9galement donn\u00e9 lieu \u00e0 un bras de fer m\u00e9diatique entre Vincent Bollor\u00e9 et Silvio Berlusconi. D\u00e8s lors, on comprend la col\u00e8re des Italiens face aux r\u00e9serves exprim\u00e9es par la France sur un rachat des chantiers de l&rsquo;Atlantique par l&rsquo;Italien Fincantieri. Ce dossier envenime encore les relations.<\/p>\n\n\n\n<p>La question des&nbsp;<a href=\"https:\/\/www.francetvinfo.fr\/monde\/italie\/le-casse-tete-des-autres-cesare-battisti-refugies-en-france-depuis-les-annees-mitterrand_3151267.html\">anciens terroristes italiens r\u00e9fugi\u00e9s en France<\/a>&nbsp;est \u00e9galement agit\u00e9e par les deux partis de coalition et notamment par le ministre de l&rsquo;Int\u00e9rieur Matteo Salvini (Ligue), qui en a fait une affaire personnelle, au point d&rsquo;attendre Cesare Battisti \u00e0 l&rsquo;a\u00e9roport. Et puis, Rome voit d&rsquo;un mauvais \u0153il la position de la France, qui souhaiterait que l&rsquo;Allemagne dispose d&rsquo;un si\u00e8ge au Conseil de s\u00e9curit\u00e9 de l&rsquo;ONU. M\u00eame chose pour la rencontre organis\u00e9e, il y a quinze jours, \u00e0 Aix-la-Chapelle, pour renforcer l&rsquo;axe franco-allemand. Il y a toujours l&rsquo;id\u00e9e que l&rsquo;Italie est laiss\u00e9e pour compte.<\/p>\n\n\n\n<p><strong>Cela n&rsquo;a&nbsp;<em>\u00ab\u00a0pas de pr\u00e9c\u00e9dent depuis la guerre\u00a0\u00bb<\/em>, estime le Quai d&rsquo;Orsay&#8230; Il y a tout de m\u00eame eu des tensions entre les deux pays&nbsp;?<\/strong><\/p>\n\n\n\n<p>Oui, il y avait d\u00e9j\u00e0 des bisbilles sous les mandats de Silvio Berlusconi. En 2011, lors d&rsquo;un G20 \u00e0 Cannes, Nicolas Sarkozy et Angela Merkel avaient \u00e9t\u00e9 interrog\u00e9s sur la capacit\u00e9 de l&rsquo;Italie \u00e0 respecter les crit\u00e8res europ\u00e9ens. Leur silence avait dur\u00e9 plusieurs secondes, ce qui avait \u00e9t\u00e9 tr\u00e8s mal v\u00e9cu \u00e0 Rome. Apr\u00e8s ce sommet, Silvio Berlusconi avait \u00e9t\u00e9 \u00e9vinc\u00e9 de la pr\u00e9sidence du Conseil. La presse acquise \u00e0 sa cause, comme<em>&nbsp;Il Giornale<\/em>, avait ensuite couvert avec beaucoup d&rsquo;attention les d\u00e9boires judiciaires de Nicolas Sarkozy. Cette hostilit\u00e9 \u00e0 la France se manifeste encore aujourd&rsquo;hui dans le camp berlusconien. \u00c0 l&rsquo;inverse, le Parti d\u00e9mocrate condamne fermement ces attaques contre la France depuis deux ou trois mois.<\/p>\n\n\n\n<p><strong>&gt;&gt;&nbsp;<a href=\"https:\/\/www.francetvinfo.fr\/monde\/italie\/crise-diplomatique-entre-la-france-et-l-italie-le-rappel-des-ambassadeurs-est-symbolique-mais-ne-signifie-pas-qu-on-ne-se-parle-plus_3179767.html\">Crise diplomatique entre la France et l&rsquo;Italie : \u00ab\u00a0Le rappel des ambassadeurs est symbolique mais ne signifie pas qu&rsquo;on ne se parle plus\u00a0\u00bb<\/a><\/strong><\/p>\n\n\n\n<p><strong>Ces tensions entre l&rsquo;Italie et la France peuvent-elles durer&nbsp;?<\/strong><\/p>\n\n\n\n<p>Tout d\u00e9pendra des joutes entre les deux pays les prochains jours. Mais les dirigeants de la Confindustria (le Medef italien) ont \u00e9t\u00e9 tr\u00e8s critiques vis-\u00e0-vis de la d\u00e9t\u00e9rioration&nbsp;de ces relations, car la France est le deuxi\u00e8me partenaire commercial de l&rsquo;Italie. Il y a deux mois, le gouvernement tablait de mani\u00e8re irr\u00e9aliste sur une croissance sup\u00e9rieure \u00e0 1% en 2019 et le chiffre fourni par la Commission europ\u00e9enne est de 0,2%. \u00c0 en croire les pr\u00e9visions, l&rsquo;Italie est le pays qui conna\u00eetra la plus faible croissance en Europe, et de loin.<\/p>\n","protected":false},"excerpt":{"rendered":"<p>La France et l&rsquo;Italie&nbsp;sont d\u00e9sormais dos \u00e0 dos. Paris a demand\u00e9&nbsp;le rappel de son ambassadeur \u00e0 Rome, jeudi 7 f\u00e9vrier, sur fond de tensions larv\u00e9es depuis plusieurs mois. La rencontre entre des \u00ab\u00a0gilets jaunes\u00a0\u00bb et le vice-Premier ministre Luigi Di Maio, la veille \u00e0 Montargis (Loiret), a sans doute \u00e9t\u00e9 la goutte de trop. Comment [&hellip;]<\/p>\n","protected":false},"author":2,"featured_media":11472,"comment_status":"open","ping_status":"open","sticky":false,"template":"","format":"standard","meta":{"_jetpack_memberships_contains_paid_content":false,"footnotes":"","jetpack_publicize_message":"","jetpack_publicize_feature_enabled":true,"jetpack_social_post_already_shared":true,"jetpack_social_options":{"image_generator_settings":{"template":"highway","default_image_id":0,"font":"","enabled":false},"version":2},"_wpas_customize_per_network":false},"categories":[405],"tags":[],"class_list":["post-11471","post","type-post","status-publish","format-standard","has-post-thumbnail","hentry","category-actu-france-monde"],"jetpack_publicize_connections":[],"jetpack_featured_media_url":"https:\/\/i0.wp.com\/www.iceagetv.com\/radiosite\/wp-content\/uploads\/2019\/02\/Tensions-diplomatiques-entre-Paris-et-Rome.jpg?fit=1200%2C450&ssl=1","jetpack_sharing_enabled":true,"_links":{"self":[{"href":"https:\/\/www.iceagetv.com\/radiosite\/wp-json\/wp\/v2\/posts\/11471","targetHints":{"allow":["GET"]}}],"collection":[{"href":"https:\/\/www.iceagetv.com\/radiosite\/wp-json\/wp\/v2\/posts"}],"about":[{"href":"https:\/\/www.iceagetv.com\/radiosite\/wp-json\/wp\/v2\/types\/post"}],"author":[{"embeddable":true,"href":"https:\/\/www.iceagetv.com\/radiosite\/wp-json\/wp\/v2\/users\/2"}],"replies":[{"embeddable":true,"href":"https:\/\/www.iceagetv.com\/radiosite\/wp-json\/wp\/v2\/comments?post=11471"}],"version-history":[{"count":1,"href":"https:\/\/www.iceagetv.com\/radiosite\/wp-json\/wp\/v2\/posts\/11471\/revisions"}],"predecessor-version":[{"id":11473,"href":"https:\/\/www.iceagetv.com\/radiosite\/wp-json\/wp\/v2\/posts\/11471\/revisions\/11473"}],"wp:featuredmedia":[{"embeddable":true,"href":"https:\/\/www.iceagetv.com\/radiosite\/wp-json\/wp\/v2\/media\/11472"}],"wp:attachment":[{"href":"https:\/\/www.iceagetv.com\/radiosite\/wp-json\/wp\/v2\/media?parent=11471"}],"wp:term":[{"taxonomy":"category","embeddable":true,"href":"https:\/\/www.iceagetv.com\/radiosite\/wp-json\/wp\/v2\/categories?post=11471"},{"taxonomy":"post_tag","embeddable":true,"href":"https:\/\/www.iceagetv.com\/radiosite\/wp-json\/wp\/v2\/tags?post=11471"}],"curies":[{"name":"wp","href":"https:\/\/api.w.org\/{rel}","templated":true}]}}