{"id":11479,"date":"2019-02-09T09:03:48","date_gmt":"2019-02-09T09:03:48","guid":{"rendered":"http:\/\/www.iceagetv.com\/radiosite\/?p=11479"},"modified":"2019-02-09T09:03:54","modified_gmt":"2019-02-09T09:03:54","slug":"ce-que-lon-sait-ce-matin-de-la-tentative-dincendie-du-domicile-prive-du-president-de-lassemblee-nationale-richard-ferrand","status":"publish","type":"post","link":"https:\/\/www.iceagetv.com\/radiosite\/ce-que-lon-sait-ce-matin-de-la-tentative-dincendie-du-domicile-prive-du-president-de-lassemblee-nationale-richard-ferrand\/","title":{"rendered":"Ce que l&rsquo;on sait ce matin de la tentative d&rsquo;incendie du domicile priv\u00e9 du Pr\u00e9sident de l&rsquo;Assembl\u00e9e nationale, Richard Ferrand"},"content":{"rendered":"\n<p><strong>Ce que l&rsquo;on sait ce matin<\/strong><\/p>\n\n\n\n<p>D\u00e9non\u00e7ant \u00ab\u00a0un acte grave\u00a0\u00bb, le pr\u00e9sident LREM de l&rsquo;Assembl\u00e9e nationale, Richard Ferrand, a dit porter plainte vendredi soir apr\u00e8s une tentative d&rsquo;incendie \u00ab\u00a0volontaire\u00a0\u00bb \u00e0 son domicile priv\u00e9 dans le Finist\u00e8re, dont \u00ab\u00a0l&rsquo;origine criminelle ne semble pas faire de doute\u00a0\u00bb. \u00ab\u00a0Rien ne l\u00e9gitime la violence ou l&rsquo;intimidation \u00e0 l&rsquo;\u00e9gard d&rsquo;un \u00e9lu de la R\u00e9publique. Toute ma solidarit\u00e9 envers @RichardFerrand et ses proches\u00a0\u00bb, a r\u00e9agi le pr\u00e9sident Emmanuel Macron.<\/p>\n\n\n\n<p>\u00ab\u00a0Rien ne justifie les intimidations, rien ne justifie les violences et les d\u00e9gradations\u00a0\u00bb, a de son c\u00f4t\u00e9 soulign\u00e9 M. Ferrand en postant deux photos sur Twitter sur lesquelles on peut notamment voir une porte fen\u00eatre incendi\u00e9e.<\/p>\n\n\n\n<p>Alors que le Pr\u00e9sident de l&rsquo;Assembl\u00e9e nationale assistait ce jour \u00e0 Rennes, aux c\u00f4t\u00e9s du Premier ministre, \u00e0 la signature du pacte d&rsquo;accessibilit\u00e9 et du contrat d&rsquo;action publique pour la R\u00e9gion Bretagne, un voisin constatait que son domicile situ\u00e9 \u00e0 Motreff, dans sa circonscription du Finist\u00e8re, avait fait l&rsquo;objet d&rsquo;un incendie volontaire\u00a0\u00bb, a indiqu\u00e9 un communiqu\u00e9 de l&rsquo;Assembl\u00e9e nationale, relay\u00e9 par M. Ferrand.<\/p>\n\n\n\n<p>\u00ab\u00a0La Gendarmerie nationale ayant d\u00e9couvert sur place une couverture, un r\u00e9sidu de pneumatique, et une torche artisanale imbib\u00e9e de carburant, l&rsquo;origine criminelle ne semble pas faire de doute\u00a0\u00bb, ajoute le communiqu\u00e9. \u00ab\u00a0Honte \u00e0 ceux qui commettent de tels actes. Et soutien amical au Pr\u00e9sident de l&rsquo;Assembl\u00e9e nationale et \u00e0 sa famille\u00a0\u00bb, a aussit\u00f4t r\u00e9agi le Premier ministre Edouard Philippe, comme plusieurs autres membres du gouvernement.<\/p>\n\n\n\n<p>Le ministre de l&rsquo;Int\u00e9rieur, Christophe Castaner, a \u00e9galement fait part de sa solidarit\u00e9 en tweetant peu avant minuit: \u00ab\u00a0Intimidations, menaces, incendies&#8230; Des actes indignes et odieux. Soutien \u00e0 @RichardFerrand que je sais solide comme le granit breton\u00a0\u00bb. Le procureur de Brest, Jean-Philippe Recapp\u00e9, a d\u00e9clar\u00e9 \u00e0 l&rsquo;AFP que, selon les premiers \u00e9l\u00e9ments \u00ab\u00a0il s&rsquo;agit d&rsquo;un incendie criminel. Cela ne fait aucun doute. on trouve un reste de pneumatique, visiblement du carburant\u00a0\u00bb.<\/p>\n\n\n\n<p>\u00ab\u00a0C&rsquo;est un voisin qui s&rsquo;est aper\u00e7u que quelqu&rsquo;un a voulu mettre un incendie, il s&rsquo;en est aper\u00e7u vers 14 heures. Ce n&rsquo;est pas une r\u00e9sidence principale, cette maison n&rsquo;\u00e9tait pas habit\u00e9e\u00a0\u00bb, a ajout\u00e9 le procureur qui n&rsquo;\u00e9tait pas en mesure de dire quand les faits ont \u00e9t\u00e9 commis.<\/p>\n\n\n\n<p>\u00ab\u00a0Un volet a explos\u00e9 la vitre, cela s&rsquo;est arr\u00eat\u00e9 l\u00e0. Il n&rsquo;y a pas de tag qui permettrait de mettre en lien avec les gilets jaunes, pas de revendications, pas de p\u00e9n\u00e9tration hostile dans la maison\u00a0\u00bb, a ajout\u00e9 M. Recapp\u00e9 qui a confirm\u00e9 l&rsquo;ouverture d&rsquo;une enqu\u00eate. Plusieurs domiciles et permanences d&rsquo;\u00e9lus de la majorit\u00e9 pr\u00e9sidentielle ont \u00e9t\u00e9 d\u00e9grad\u00e9s depuis le d\u00e9but du mouvement des \u00ab\u00a0gilets jaunes\u00a0\u00bb en novembre et certains d&rsquo;entre eux ont fait l&rsquo;objet de menaces.<\/p>\n\n\n\n<p><strong>Vendredi 8 f\u00e9vrier<\/strong><\/p>\n\n\n\n<p>.<strong>\u00a0Le pr\u00e9sident LREM de l&rsquo;Assembl\u00e9e nationale, Richard Ferrand, d\u00e9nonce une tentative d&rsquo;incendie \u00ab\u00a0volontaire\u00a0\u00bb \u00e0 son domicile priv\u00e9 \u00ab\u00a0<\/strong>Alors que le Pr\u00e9sident de l\u2019Assembl\u00e9e nationale assistait ce jour \u00e0 Rennes, aux c\u00f4t\u00e9s du Premier ministre, \u00e0 la signature du pacte d\u2019accessibilit\u00e9 et du contrat d\u2019action publique pour la R\u00e9gion Bretagne, un voisin constatait que son domicile situ\u00e9 \u00e0 Motreff, dans sa circonscription du Finist\u00e8re, avait fait l\u2019objet d\u2019un incendie volontaire\u00a0\u00bb, indique un communiqu\u00e9 de l&rsquo;Assembl\u00e9e.<\/p>\n\n\n\n<p>\u00ab\u00a0La Gendarmerie nationale ayant d\u00e9couvert sur place une couverture, un r\u00e9sidu de pneumatique, et une torche artisanale imbib\u00e9e de carburant, l\u2019origine criminelle ne semble pas faire de doute\u00a0\u00bb, poursuit ce communiqu\u00e9, tandis que Richard Ferrand a mis en ligne des photos de l&rsquo;incendie sur son compte Twitter.<\/p>\n","protected":false},"excerpt":{"rendered":"<p>Ce que l&rsquo;on sait ce matin D\u00e9non\u00e7ant \u00ab\u00a0un acte grave\u00a0\u00bb, le pr\u00e9sident LREM de l&rsquo;Assembl\u00e9e nationale, Richard Ferrand, a dit porter plainte vendredi soir apr\u00e8s une tentative d&rsquo;incendie \u00ab\u00a0volontaire\u00a0\u00bb \u00e0 son domicile priv\u00e9 dans le Finist\u00e8re, dont \u00ab\u00a0l&rsquo;origine criminelle ne semble pas faire de doute\u00a0\u00bb. \u00ab\u00a0Rien ne l\u00e9gitime la violence ou l&rsquo;intimidation \u00e0 l&rsquo;\u00e9gard d&rsquo;un [&hellip;]<\/p>\n","protected":false},"author":2,"featured_media":11480,"comment_status":"open","ping_status":"open","sticky":false,"template":"","format":"standard","meta":{"_jetpack_memberships_contains_paid_content":false,"footnotes":"","jetpack_publicize_message":"","jetpack_publicize_feature_enabled":true,"jetpack_social_post_already_shared":true,"jetpack_social_options":{"image_generator_settings":{"template":"highway","default_image_id":0,"font":"","enabled":false},"version":2},"_wpas_customize_per_network":false},"categories":[405],"tags":[],"class_list":["post-11479","post","type-post","status-publish","format-standard","has-post-thumbnail","hentry","category-actu-france-monde"],"jetpack_publicize_connections":[],"jetpack_featured_media_url":"https:\/\/i0.wp.com\/www.iceagetv.com\/radiosite\/wp-content\/uploads\/2019\/02\/richardferrand.jpg?fit=752%2C328&ssl=1","jetpack_sharing_enabled":true,"_links":{"self":[{"href":"https:\/\/www.iceagetv.com\/radiosite\/wp-json\/wp\/v2\/posts\/11479","targetHints":{"allow":["GET"]}}],"collection":[{"href":"https:\/\/www.iceagetv.com\/radiosite\/wp-json\/wp\/v2\/posts"}],"about":[{"href":"https:\/\/www.iceagetv.com\/radiosite\/wp-json\/wp\/v2\/types\/post"}],"author":[{"embeddable":true,"href":"https:\/\/www.iceagetv.com\/radiosite\/wp-json\/wp\/v2\/users\/2"}],"replies":[{"embeddable":true,"href":"https:\/\/www.iceagetv.com\/radiosite\/wp-json\/wp\/v2\/comments?post=11479"}],"version-history":[{"count":1,"href":"https:\/\/www.iceagetv.com\/radiosite\/wp-json\/wp\/v2\/posts\/11479\/revisions"}],"predecessor-version":[{"id":11481,"href":"https:\/\/www.iceagetv.com\/radiosite\/wp-json\/wp\/v2\/posts\/11479\/revisions\/11481"}],"wp:featuredmedia":[{"embeddable":true,"href":"https:\/\/www.iceagetv.com\/radiosite\/wp-json\/wp\/v2\/media\/11480"}],"wp:attachment":[{"href":"https:\/\/www.iceagetv.com\/radiosite\/wp-json\/wp\/v2\/media?parent=11479"}],"wp:term":[{"taxonomy":"category","embeddable":true,"href":"https:\/\/www.iceagetv.com\/radiosite\/wp-json\/wp\/v2\/categories?post=11479"},{"taxonomy":"post_tag","embeddable":true,"href":"https:\/\/www.iceagetv.com\/radiosite\/wp-json\/wp\/v2\/tags?post=11479"}],"curies":[{"name":"wp","href":"https:\/\/api.w.org\/{rel}","templated":true}]}}