{"id":11482,"date":"2019-02-09T15:35:09","date_gmt":"2019-02-09T15:35:09","guid":{"rendered":"http:\/\/www.iceagetv.com\/radiosite\/?p=11482"},"modified":"2019-02-09T15:35:13","modified_gmt":"2019-02-09T15:35:13","slug":"double-norvegien-en-descente-kjetil-jansrud-titre-devant-aksel-lund-svindal","status":"publish","type":"post","link":"https:\/\/www.iceagetv.com\/radiosite\/double-norvegien-en-descente-kjetil-jansrud-titre-devant-aksel-lund-svindal\/","title":{"rendered":"Doubl\u00e9 norv\u00e9gien en descente : Kjetil Jansrud titr\u00e9 devant Aksel Lund Svindal"},"content":{"rendered":"\n<h2 class=\"wp-block-heading\">ARE &#8211; Doubl\u00e9 norv\u00e9gien lors de la descente, samedi. Dans des conditions m\u00e9t\u00e9o d\u00e9licates, Kjetil&nbsp;Jansrud a enlev\u00e9 l&rsquo;or pour 0&Prime;02 devant Aksel Lund&nbsp;Svindal, dont c&rsquo;\u00e9tait la derni\u00e8re course. L&rsquo;Autrichien Vincent&nbsp;Kriechmayr troisi\u00e8me, il faut descendre \u00e0 la 15e place pour trouver le premier Fran\u00e7ais, Adrien&nbsp;Th\u00e9aux, \u00e0 1&Prime;25.<\/h2>\n\n\n\n<p>C&rsquo;\u00e9tait la journ\u00e9e des l\u00e9gendes de Norv\u00e8ge. \u00c0 33 ans, Kjetil Jansrud s&rsquo;est offert son tout premier titre de champion du monde en remportant la descente des Mondiaux d&rsquo;Are ce samedi. Pour deux centi\u00e8mes, il a devanc\u00e9 son illustre compatriote Aksel Lund Svindal. Ce dernier s&rsquo;offre une magnifique m\u00e9daille d&rsquo;argent pour la toute derni\u00e8re course de sa carri\u00e8re, \u00e0 36 ans. Un doubl\u00e9 royal au terme d&rsquo;une course perturb\u00e9e et longtemps menac\u00e9e par une m\u00e9t\u00e9o chaotique. L&rsquo;Autrichien Vincent Kriechmayr compl\u00e8te le podium \u00e0 33 centi\u00e8mes. Pas de top 10 c\u00f4t\u00e9 fran\u00e7ais.<\/p>\n\n\n\n<h2 class=\"wp-block-heading\">Svindal sort par la grande porte<\/h2>\n\n\n\n<p>Partir avec un petit dossard n&rsquo;\u00e9tait clairement pas un avantage. La poudreuse qui s&rsquo;est accumul\u00e9e sur la piste a frein\u00e9 les premiers coureurs. Adrien Th\u00e9aux en a fait les frais en partant en ouvreur (15e et meilleur Fran\u00e7ais au final). Jusqu&rsquo;au passage de Jansrud, chaque skieur qui s&rsquo;est \u00e9lanc\u00e9 a fait mieux que son pr\u00e9d\u00e9cesseur. Mais lorsque le Norv\u00e9gien (dossard 6) a franchi la ligne, on a vite compris que la s\u00e9rie allait s&rsquo;arr\u00eater l\u00e0. Son temps de 1&rsquo;19\u00a0\u00bb98 lui octroyait alors une avance de 65 centi\u00e8mes sur Matthias Mayer (finalement 5e). Un chrono digne d&rsquo;une m\u00e9daille d&rsquo;or. Ce temps a finalement tenu le haut de l&rsquo;affiche jusqu&rsquo;au bout m\u00eame si Svindal l&rsquo;a longtemps menac\u00e9. Constamment au contact (+0\u00a0\u00bb01 au 1er inter, +0\u00a0\u00bb02 au 2e inter, +0\u00a0\u00bb10 au 3e inter), le Scandinave (dossard 9) a finalement \u00e9t\u00e9 battu pour deux minuscules centi\u00e8mes.<br>Pour Svindal, la frustration d&rsquo;\u00eatre pass\u00e9e si pr\u00e8s d&rsquo;un troisi\u00e8me titre mondial en descente demeurera peut-\u00eatre. Mais c&rsquo;est surtout pour lui une fin magnifique. Le Norv\u00e9gien avait annonc\u00e9 que cette course \u00e9tait la derni\u00e8re de sa carri\u00e8re. En prenant la m\u00e9daille d&rsquo;argent (le 9e podium de sa carri\u00e8re aux Mondiaux), derri\u00e8re un compatriote et un ami en la personne de Jansrud, Svindal peut \u00eatre combl\u00e9. Il quitte la sc\u00e8ne de tr\u00e8s belle mani\u00e8re. Comme un grand.<\/p>\n\n\n\n<h2 class=\"wp-block-heading\">Les Bleus sont pass\u00e9s \u00e0 c\u00f4t\u00e9<\/h2>\n\n\n\n<p>Personne n&rsquo;a pu s&rsquo;approcher de la marque des Norv\u00e9giens. Dossard 17, Kriechmayr, r\u00e9cent vainqueur \u00e0 Wengen, a gagn\u00e9 le match pour la m\u00e9daille de bronze (+0\u00a0\u00bb33) en devan\u00e7ant Beat Feuz, le tenant du titre, pour onze centi\u00e8mes. L&rsquo;attente pour valider ce podium a \u00e9t\u00e9 longue. La faute \u00e0 Hannes Reichelt, qui a jou\u00e9 avec le r\u00e8glement pour partir avec le dossard 46 plut\u00f4t que le 1. L&rsquo;Autrichien a fait parcourir un \u00e9norme frisson dans la tribune d&rsquo;arriv\u00e9e lorsqu&rsquo;il est pass\u00e9 au premier interm\u00e9diaire. Avec trois centi\u00e8mes de retard, il \u00e9tait alors dans le match pour l&rsquo;or. Mais quelques secondes plus tard, une faute de trajectoire l&rsquo;a envoy\u00e9 dans la poudreuse. Reichelt s&rsquo;est finalement class\u00e9 \u00e0 une anecdotique 29e place. Pour le plus grand soulagement de Jansrud, qui n&rsquo;avait connu que l&rsquo;argent sur les Mondiaux depuis le d\u00e9but de sa carri\u00e8re (2e du combin\u00e9 en 2015, 2e du super-G en 2017). Au regard de sa saison, son sacre est une petite surprise. Il n&rsquo;avait jusque-l\u00e0 pas obtenu le moindre top 10 en descente. On peut dire qu&rsquo;il a le sens du timing. Sacr\u00e9e en super-G mercredi, l&rsquo;Italien\u00a0<a href=\"https:\/\/www.eurosport.fr\/ski-alpin\/dominik-paris_prs108857\/person.shtml\">Dominik Paris<\/a>\u00a0s&rsquo;est lui content\u00e9 du 6e rang.<br>Trois jours apr\u00e8s la m\u00e9daille d&rsquo;argent de Johan Clarey en super-G, les Fran\u00e7ais ont d\u00e9chant\u00e9. Th\u00e9aux a p\u00e2ti de son dossard 2 (il \u00e9tait premier partant) et ne r\u00e9colte qu&rsquo;une 15e place (+1\u00a0\u00bb20). Il est le meilleur tricolore du jour alors que les quatre Fran\u00e7ais engag\u00e9s lors du super-G avaient termin\u00e9 dans le top 14. Deuxi\u00e8me du dernier entra\u00eenement vendredi, Clarey est tomb\u00e9 de son nuage en prenant la 17e place (+1\u00a0\u00bb37). \u00c9galement excellent sur cet ultime entra\u00eenement (3e), Brice Roger est 19e (+1\u00a0\u00bb40). Maxence Muzaton, qui avait obtenu in extremis la derni\u00e8re place dans l&rsquo;\u00e9quipe de France, se contente du 30e rang. Une d\u00e9ception collective qui contrastait, \u00e9videmment, avec la joie immense du clan norv\u00e9gien.<\/p>\n","protected":false},"excerpt":{"rendered":"<p>ARE &#8211; Doubl\u00e9 norv\u00e9gien lors de la descente, samedi. Dans des conditions m\u00e9t\u00e9o d\u00e9licates, Kjetil&nbsp;Jansrud a enlev\u00e9 l&rsquo;or pour 0&Prime;02 devant Aksel Lund&nbsp;Svindal, dont c&rsquo;\u00e9tait la derni\u00e8re course. L&rsquo;Autrichien Vincent&nbsp;Kriechmayr troisi\u00e8me, il faut descendre \u00e0 la 15e place pour trouver le premier Fran\u00e7ais, Adrien&nbsp;Th\u00e9aux, \u00e0 1&Prime;25. C&rsquo;\u00e9tait la journ\u00e9e des l\u00e9gendes de Norv\u00e8ge. \u00c0 33 [&hellip;]<\/p>\n","protected":false},"author":2,"featured_media":11483,"comment_status":"open","ping_status":"open","sticky":false,"template":"","format":"standard","meta":{"_jetpack_memberships_contains_paid_content":false,"footnotes":"","jetpack_publicize_message":"","jetpack_publicize_feature_enabled":true,"jetpack_social_post_already_shared":true,"jetpack_social_options":{"image_generator_settings":{"template":"highway","default_image_id":0,"font":"","enabled":false},"version":2},"_wpas_customize_per_network":false},"categories":[18],"tags":[],"class_list":["post-11482","post","type-post","status-publish","format-standard","has-post-thumbnail","hentry","category-actu-sport"],"jetpack_publicize_connections":[],"jetpack_featured_media_url":"https:\/\/i0.wp.com\/www.iceagetv.com\/radiosite\/wp-content\/uploads\/2019\/02\/Doubl%C3%A9-norv%C3%A9gien-en-descente.jpg?fit=1950%2C1096&ssl=1","jetpack_sharing_enabled":true,"_links":{"self":[{"href":"https:\/\/www.iceagetv.com\/radiosite\/wp-json\/wp\/v2\/posts\/11482","targetHints":{"allow":["GET"]}}],"collection":[{"href":"https:\/\/www.iceagetv.com\/radiosite\/wp-json\/wp\/v2\/posts"}],"about":[{"href":"https:\/\/www.iceagetv.com\/radiosite\/wp-json\/wp\/v2\/types\/post"}],"author":[{"embeddable":true,"href":"https:\/\/www.iceagetv.com\/radiosite\/wp-json\/wp\/v2\/users\/2"}],"replies":[{"embeddable":true,"href":"https:\/\/www.iceagetv.com\/radiosite\/wp-json\/wp\/v2\/comments?post=11482"}],"version-history":[{"count":1,"href":"https:\/\/www.iceagetv.com\/radiosite\/wp-json\/wp\/v2\/posts\/11482\/revisions"}],"predecessor-version":[{"id":11484,"href":"https:\/\/www.iceagetv.com\/radiosite\/wp-json\/wp\/v2\/posts\/11482\/revisions\/11484"}],"wp:featuredmedia":[{"embeddable":true,"href":"https:\/\/www.iceagetv.com\/radiosite\/wp-json\/wp\/v2\/media\/11483"}],"wp:attachment":[{"href":"https:\/\/www.iceagetv.com\/radiosite\/wp-json\/wp\/v2\/media?parent=11482"}],"wp:term":[{"taxonomy":"category","embeddable":true,"href":"https:\/\/www.iceagetv.com\/radiosite\/wp-json\/wp\/v2\/categories?post=11482"},{"taxonomy":"post_tag","embeddable":true,"href":"https:\/\/www.iceagetv.com\/radiosite\/wp-json\/wp\/v2\/tags?post=11482"}],"curies":[{"name":"wp","href":"https:\/\/api.w.org\/{rel}","templated":true}]}}