{"id":11507,"date":"2019-02-10T19:00:49","date_gmt":"2019-02-10T19:00:49","guid":{"rendered":"http:\/\/www.iceagetv.com\/radiosite\/?p=11507"},"modified":"2019-02-10T19:00:55","modified_gmt":"2019-02-10T19:00:55","slug":"algerie-le-president-abdelaziz-bouteflika-officiellement-candidat-a-un-cinquieme-mandat","status":"publish","type":"post","link":"https:\/\/www.iceagetv.com\/radiosite\/algerie-le-president-abdelaziz-bouteflika-officiellement-candidat-a-un-cinquieme-mandat\/","title":{"rendered":"Alg\u00e9rie : le pr\u00e9sident Abdelaziz Bouteflika officiellement candidat \u00e0 un cinqui\u00e8me mandat"},"content":{"rendered":"\n<p>Abdelaziz Bouteflika, 81&nbsp;ans, sera donc bien candidat \u00e0 un cinqui\u00e8me mandat lors de l\u2019\u00e9lection pr\u00e9sidentielle du 18&nbsp;avril. L\u2019annonce a \u00e9t\u00e9 faite, dimanche 10&nbsp;f\u00e9vrier, par l\u2019agence de presse officielle (APS) alg\u00e9rienne. Cette derni\u00e8re indique que le chef de l\u2019Etat sortant a annonc\u00e9 sa candidature dans un message \u00e0 la nation qui sera diffus\u00e9 ult\u00e9rieurement dans la journ\u00e9e.<\/p>\n\n\n\n<p>Peu de doutes subsistaient sur les intentions du pr\u00e9sident. Samedi 9&nbsp;f\u00e9vrier, \u00e0 La Coupole, la grande salle omnisports sur les hauteurs d\u2019Alger, le FLN [Front de lib\u00e9ration nationale, ex-parti unique]&nbsp;avait, lors d\u2019un grand meeting, indiqu\u00e9 que M. Bouteflika serait le candidat du parti en avril. Mouad Bouchareb, pr\u00e9sident de l\u2019Assembl\u00e9e nationale et coordinateur du FLN, y a prononc\u00e9 un discours hagiographique sur&nbsp;<em>\u00ab&nbsp;les r\u00e9alisations&nbsp;\u00bb<\/em>&nbsp;du chef de l\u2019Etat, avant d\u2019appeler les militants du parti \u00e0 se pr\u00e9parer pour la campagne \u00e9lectorale. C\u2019est donc un pr\u00e9sident absent et inaudible qui est d\u00e9sormais candidat \u00e0 sa propre succession.<\/p>\n\n\n\n<h2 class=\"wp-block-heading\">Affaibli depuis un AVC en&nbsp;2013<\/h2>\n\n\n\n<p>Il y a encore quelques semaines, certains Alg\u00e9riens s\u2019accrochaient \u00e0 l\u2019id\u00e9e que la raison finirait par l\u2019emporter et qu\u2019une telle candidature serait \u00e9vit\u00e9e. Au pouvoir depuis 1999, le chef de l\u2019Etat sortant, 81\u00a0ans, est tr\u00e8s affaibli depuis un accident vasculaire c\u00e9r\u00e9bral en\u00a02013 et ne s\u2019est plus adress\u00e9 publiquement \u00e0 la population. Mais l\u2019arm\u00e9e alg\u00e9rienne, dont le poids est d\u00e9cisif, a signifi\u00e9 \u00e0 maintes reprises par la voix de son chef d\u2019\u00e9tat-major, le g\u00e9n\u00e9ral de corps d\u2019arm\u00e9e Ahmed Ga\u00efd Salah, son refus d\u2019intervenir pour emp\u00eacher un cinqui\u00e8me mandat.<\/p>\n\n\n\n<p>Le 2&nbsp;f\u00e9vrier, les dirigeants des partis du pouvoir \u2212 le FLN, le Rassemblement national d\u00e9mocratique (RND), le Mouvement populaire alg\u00e9rien (MPA) et le Tadjamoue Amel El Djazair (TAJ) \u2212&nbsp;<a href=\"https:\/\/www.lemonde.fr\/international\/article\/2019\/02\/03\/algerie-la-coalition-au-pouvoir-souhaite-que-bouteflika-se-presente-a-la-prochaine-election_5418578_3210.html\">avaient annonc\u00e9 que M. Bouteflika serait leur candidat au scrutin d\u2019avril<\/a>. Dans le plus pur style des discours des partis uniques, occultant totalement l\u2019\u00e9tat de sant\u00e9 du chef de l\u2019Etat, les quatre formations ont expliqu\u00e9 choisir Abdelaziz Bouteflika&nbsp;<em>\u00ab&nbsp;en signe de reconnaissance des acquis importants que l\u2019Alg\u00e9rie a r\u00e9alis\u00e9s sous sa direction et en soutien \u00e0 son programme ambitieux de r\u00e9formes et de d\u00e9veloppement pour une Alg\u00e9rie \u00e9panouie, unie, solide et r\u00e9concili\u00e9e&nbsp;\u00bb<\/em>.<\/p>\n\n\n\n<h2 class=\"wp-block-heading\">Une proposition de report de l\u2019\u00e9lection rejet\u00e9e<\/h2>\n\n\n\n<p>Signe toutefois de l\u2019inconfort repr\u00e9sent\u00e9 par la perspective d\u2019un cinqui\u00e8me mandat, l\u2019id\u00e9e d\u2019une prolongation \u00ab&nbsp;consensuelle&nbsp;\u00bb du mandat du pr\u00e9sident et d\u2019un report de l\u2019\u00e9ch\u00e9ance \u00e9lectorale a \u00e9t\u00e9 discut\u00e9e au sein du pouvoir. Le but \u00e9tait d\u2019\u00e9viter de revivre la campagne de 2014 qui avait \u00e9t\u00e9 men\u00e9e avec un candidat absent, incapable de s\u2019adresser aux \u00e9lecteurs. L\u2019option du report, intenable sur le plan constitutionnel, a finalement \u00e9t\u00e9 rejet\u00e9e.<\/p>\n\n\n\n<p>Le Mouvement de la soci\u00e9t\u00e9 pour la paix (MSP, islamiste), auteur de l\u2019offre de report et dont le chef Abderrazak Makri est candidat \u00e0 la pr\u00e9sidentielle, a expliqu\u00e9 que le pr\u00e9sident n\u2019est&nbsp;<em>\u00ab&nbsp;pas en mesure de continuer \u00e0 gouverner en raison de la nature de sa maladie&nbsp;\u00bb,&nbsp;<\/em>poursuivant&nbsp;:<em>&nbsp;s<\/em>a candidature&nbsp;<em>\u00ab&nbsp;n\u2019est pas dans son int\u00e9r\u00eat, mais dans celui de ceux qui tirent profit de cette situation. Ils assumeront l\u2019enti\u00e8re responsabilit\u00e9 de ce qui d\u00e9coulera&nbsp;<\/em>(\u2026)<em>&nbsp;et des dangers qui menacent le pays&nbsp;\u00bb<\/em>.<\/p>\n\n\n\n<p>Le seul danger politique imm\u00e9diat dans un pays o\u00f9 les villes sont quadrill\u00e9es par les services de s\u00e9curit\u00e9 est celui d\u2019un \u00e9ventuel d\u00e9bordement de rue. Le premier ministre, Ahmed Ouyahia, a pris soin \u00e0 cet effet d\u2019envoyer un message mena\u00e7ant ceux qui appellent au boycott. Ces derniers doivent demander l\u2019autorisation d\u2019organiser des r\u00e9unions \u2212 le plus souvent rejet\u00e9e \u2212 dans des salles mais&nbsp;<em>\u00ab&nbsp;ils ne feront pas sortir le peuple dans la rue. Nous les emp\u00eacherons de ma\u00eetriser la rue ou de cr\u00e9er de l\u2019anarchie&nbsp;\u00bb,<\/em>&nbsp;a pr\u00e9venu M. Ouyahia.<\/p>\n\n\n\n<h2 class=\"wp-block-heading\">L\u2019opposition affaiblie et \u00e9miett\u00e9e<\/h2>\n\n\n\n<p>Pour l\u2019heure, la menace de la rue reste tr\u00e8s virtuelle. Dans les rangs des boycotteurs, incarn\u00e9s par le mouvement Mouwatana (\u00ab&nbsp;citoyennet\u00e9-d\u00e9mocratie&nbsp;\u00bb), des fissures apparaissent \u00e0 l\u2019approche de l\u2019\u00e9lection. Zoubida Assoul, porte-parole du mouvement, a choisi avec son petit parti, l\u2019Union pour le changement et le progr\u00e8s (UPC), de soutenir la candidature du g\u00e9n\u00e9ral-major \u00e0 la retraite Ali Ghediri.<\/p>\n\n\n\n<p>Une situation qui illustre le dilemme de l\u2019opposition alg\u00e9rienne, affaiblie et \u00e9miett\u00e9e, oscillant entre l\u2019id\u00e9e de boycotter une \u00e9lection jou\u00e9e d\u2019avance et celle de soutenir un candidat. Le RCD (Rassemblement pour la culture et la d\u00e9mocratie) et le FFS (Front des forces socialistes) ont appel\u00e9 au boycott du scrutin. Tr\u00e8s tardivement, Abdallah Djaballah, du parti Adala (islamiste) a appel\u00e9 \u00e0 une&nbsp;<em>\u00ab&nbsp;candidature unique de l\u2019opposition&nbsp;\u00bb<\/em>&nbsp;qui a peu de chance d\u2019\u00eatre accept\u00e9e.<\/p>\n\n\n\n<p>Plus de 180 dossiers de candidatures ont \u00e9t\u00e9 retir\u00e9s au minist\u00e8re de l\u2019int\u00e9rieur mais seuls quelques-uns pourront passer l\u2019\u00e9preuve de la collecte des 600 signatures d\u2019\u00e9lus locaux ou de 60&nbsp;000 \u00e9lecteurs n\u00e9cessaire \u00e0 la validation de toute candidature. L\u2019islamiste Abderrezak Makri ne devrait pas avoir de difficult\u00e9s \u00e0 \u00eatre dans la course. Ali Benflis, ancien chef du gouvernement, et deux fois candidat face \u00e0 Abdelaziz Bouteflika en&nbsp;2004 et en&nbsp;2014, va devoir trancher. Il pourrait choisir de se retirer, laissant ainsi le r\u00f4le de principal adversaire \u00e0 Ali Ghediri, qui a obtenu le ralliement, encore timide, de quelques figures de l\u2019opposition.<\/p>\n","protected":false},"excerpt":{"rendered":"<p>Abdelaziz Bouteflika, 81&nbsp;ans, sera donc bien candidat \u00e0 un cinqui\u00e8me mandat lors de l\u2019\u00e9lection pr\u00e9sidentielle du 18&nbsp;avril. L\u2019annonce a \u00e9t\u00e9 faite, dimanche 10&nbsp;f\u00e9vrier, par l\u2019agence de presse officielle (APS) alg\u00e9rienne. Cette derni\u00e8re indique que le chef de l\u2019Etat sortant a annonc\u00e9 sa candidature dans un message \u00e0 la nation qui sera diffus\u00e9 ult\u00e9rieurement dans la [&hellip;]<\/p>\n","protected":false},"author":2,"featured_media":11508,"comment_status":"open","ping_status":"open","sticky":false,"template":"","format":"standard","meta":{"_jetpack_memberships_contains_paid_content":false,"footnotes":"","jetpack_publicize_message":"","jetpack_publicize_feature_enabled":true,"jetpack_social_post_already_shared":true,"jetpack_social_options":{"image_generator_settings":{"template":"highway","default_image_id":0,"font":"","enabled":false},"version":2},"_wpas_customize_per_network":false},"categories":[405],"tags":[],"class_list":["post-11507","post","type-post","status-publish","format-standard","has-post-thumbnail","hentry","category-actu-france-monde"],"jetpack_publicize_connections":[],"jetpack_featured_media_url":"https:\/\/i0.wp.com\/www.iceagetv.com\/radiosite\/wp-content\/uploads\/2019\/02\/le-pr%C3%A9sident-Abdelaziz-Bouteflika.jpg?fit=688%2C482&ssl=1","jetpack_sharing_enabled":true,"_links":{"self":[{"href":"https:\/\/www.iceagetv.com\/radiosite\/wp-json\/wp\/v2\/posts\/11507","targetHints":{"allow":["GET"]}}],"collection":[{"href":"https:\/\/www.iceagetv.com\/radiosite\/wp-json\/wp\/v2\/posts"}],"about":[{"href":"https:\/\/www.iceagetv.com\/radiosite\/wp-json\/wp\/v2\/types\/post"}],"author":[{"embeddable":true,"href":"https:\/\/www.iceagetv.com\/radiosite\/wp-json\/wp\/v2\/users\/2"}],"replies":[{"embeddable":true,"href":"https:\/\/www.iceagetv.com\/radiosite\/wp-json\/wp\/v2\/comments?post=11507"}],"version-history":[{"count":1,"href":"https:\/\/www.iceagetv.com\/radiosite\/wp-json\/wp\/v2\/posts\/11507\/revisions"}],"predecessor-version":[{"id":11509,"href":"https:\/\/www.iceagetv.com\/radiosite\/wp-json\/wp\/v2\/posts\/11507\/revisions\/11509"}],"wp:featuredmedia":[{"embeddable":true,"href":"https:\/\/www.iceagetv.com\/radiosite\/wp-json\/wp\/v2\/media\/11508"}],"wp:attachment":[{"href":"https:\/\/www.iceagetv.com\/radiosite\/wp-json\/wp\/v2\/media?parent=11507"}],"wp:term":[{"taxonomy":"category","embeddable":true,"href":"https:\/\/www.iceagetv.com\/radiosite\/wp-json\/wp\/v2\/categories?post=11507"},{"taxonomy":"post_tag","embeddable":true,"href":"https:\/\/www.iceagetv.com\/radiosite\/wp-json\/wp\/v2\/tags?post=11507"}],"curies":[{"name":"wp","href":"https:\/\/api.w.org\/{rel}","templated":true}]}}