{"id":11523,"date":"2019-02-12T16:25:13","date_gmt":"2019-02-12T16:25:13","guid":{"rendered":"http:\/\/www.iceagetv.com\/radiosite\/?p=11523"},"modified":"2019-02-12T16:25:19","modified_gmt":"2019-02-12T16:25:19","slug":"the-voice-gage-deja-celebre-repond-aux-critiques-sur-sa-participation","status":"publish","type":"post","link":"https:\/\/www.iceagetv.com\/radiosite\/the-voice-gage-deja-celebre-repond-aux-critiques-sur-sa-participation\/","title":{"rendered":"The Voice\u00a0\u00bb : Gage, d\u00e9j\u00e0 c\u00e9l\u00e8bre, r\u00e9pond aux critiques sur sa participation"},"content":{"rendered":"\n<p>The Voice\u00a0\u00bb compte bien r\u00e9server son lot de surprises durant cette saison 8. Pour preuve, samedi soir, un chanteur d\u00e9j\u00e0 connu aupr\u00e8s du public a tent\u00e9 les auditions \u00e0 l&rsquo;aveugle : Gage, ami de Corneille et interpr\u00e8te du tube \u00ab\u00a0Pense \u00e0 moi\u00a0\u00bb. Sauf que sa participation ne pla\u00eet \u00e0 tout le monde, alors l&rsquo;artiste a tenu \u00e0 r\u00e9agir.<br><\/p>\n\n\n\n<p>\n\nCe n&rsquo;est pas la premi\u00e8re fois que dans&nbsp;<a href=\"http:\/\/www.chartsinfrance.net\/The-Voice\/news-108882.html\" target=\"_blank\" rel=\"noreferrer noopener\">\u00ab\u00a0The Voice\u00a0\u00bb<\/a>&nbsp;un visage d\u00e9j\u00e0 connu du grand public tente l&rsquo;aventure pour relancer sa carri\u00e8re. Sonia Lacen, Douchka, Cl\u00e9mence, Claire (ex-L5), Chris Keller, ancien membre des G Squad, Kareen Antonn, Ginie Line&#8230; La liste est longue. Pour d\u00e9marrer la saison 8, TF1 a mis en avant le chanteur Gage. N\u00e9 \u00e0 Montr\u00e9al et d&rsquo;origine ha\u00eftienne, cet ami de&nbsp;<strong><a href=\"http:\/\/www.chartsinfrance.net\/Corneille.html\">Corneille<\/a><\/strong>&nbsp;a d\u00e9j\u00e0 une jolie carri\u00e8re \u00e0 son actif avec les tubes \u00ab\u00a0Trop Fresh\u00a0\u00bb ou encore \u00ab\u00a0Pense \u00e0 moi\u00a0\u00bb en 2005, tandis qu&rsquo;il avait m\u00eame enregistr\u00e9 un duo avec&nbsp;<strong><a href=\"http:\/\/www.chartsinfrance.net\/Vitaa.html\">Vitaa<\/a><\/strong>, \u00ab\u00a0Tu peux choisir\u00a0\u00bb. Sauf que Gage s&rsquo;est retir\u00e9 des projecteurs apr\u00e8s le tremblement de terre qui est survenu \u00e0 Ha\u00efti en 2012. \u00ab&nbsp;<em>J&rsquo;ai eu cette urgence de revenir, il fallait que je revienne chez moi. J&rsquo;ai essay\u00e9 d&rsquo;aider ma maman (&#8230;). Du coup, j&rsquo;ai arr\u00eat\u00e9 la musique<\/em>&nbsp;\u00bb a-t-il expliqu\u00e9 samedi soir dans \u00ab\u00a0The Voice\u00a0\u00bb, avant d&rsquo;\u00eatre le premier \u00e0 monter sur sc\u00e8ne pour reprendre \u00ab\u00a0All Night Long (All Night)\u00a0\u00bb de&nbsp;<strong><a href=\"http:\/\/www.chartsinfrance.net\/Lionel-Richie.html\">Lionel Richie<\/a><\/strong>.<\/p>\n\n\n\n<p><\/p>\n\n\n\n<h3 class=\"wp-block-heading\">\u00ab\u00a0Faire carri\u00e8re dans la musique est extr\u00eamement dur\u00a0\u00bb<\/h3>\n\n\n\n<p>Alors qu&rsquo;un autre talent,&nbsp;<a href=\"http:\/\/www.chartsinfrance.net\/The-Voice\/news-109384.html\" target=\"_blank\" rel=\"noreferrer noopener\">Cl\u00e9ment, a fait sensation en reprenant Vianney<\/a>, le pl\u00e9biscite autour de Gage fut total :&nbsp;<strong><a href=\"http:\/\/www.chartsinfrance.net\/Jenifer.html\">Jenifer<\/a><\/strong>,&nbsp;<strong><a href=\"http:\/\/www.chartsinfrance.net\/Soprano.html\">Soprano<\/a><\/strong>,&nbsp;<strong><a href=\"http:\/\/www.chartsinfrance.net\/MIKA.html\">MIKA<\/a><\/strong>&nbsp;et&nbsp;<strong><a href=\"http:\/\/www.chartsinfrance.net\/Julien-Clerc.html\">Julien Clerc<\/a><\/strong>&nbsp;se sont tous retourn\u00e9s pendant sa prestation. En larmes, Gage n&rsquo;a re\u00e7u que des compliments des quatre coachs du t\u00e9l\u00e9-crochet. \u00ab&nbsp;<em>Je me suis dit que j&rsquo;avais d\u00e9j\u00e0 entendu cette voix ! C&rsquo;est \u00e9norme de te voir l\u00e0. C&rsquo;est quelqu&rsquo;un avec un coeur comme \u00e7a, qui chante depuis des ann\u00e9es. Tes larmes l\u00e0, \u00e7a prouve tout le parcours et toute la puissance<\/em>&nbsp;\u00bb lui a lanc\u00e9&nbsp;<strong><a href=\"http:\/\/www.chartsinfrance.net\/Soprano.html\">Soprano<\/a><\/strong>, tandis que Gage, aujourd&rsquo;hui \u00e2g\u00e9 de 42 ans, a choisi de poursuivre l&rsquo;aventure \u00ab\u00a0The Voice\u00a0\u00bb avec&nbsp;<strong><a href=\"http:\/\/www.chartsinfrance.net\/MIKA.html\">MIKA<\/a><\/strong>.&nbsp;<\/p>\n\n\n\n<p>Alors que certains internautes critiquent sa pr\u00e9sence, clamant que l&rsquo;\u00e9mission doit faire d\u00e9couvrir de nouveaux talents et non faire revenir d&rsquo;anciennes gloires, Gage a r\u00e9agi dans une interview \u00e0&nbsp;<em><a href=\"https:\/\/www.programme-tv.net\/news\/evenement\/the-voice-8\/225468-gage-talent-de-the-voice-8-contraint-de-justifier-sa-participation-je-ne-vole-la-place-de-personne\/\" target=\"_blank\" rel=\"noreferrer noopener\">T\u00e9l\u00e9 Loisirs<\/a><\/em>&nbsp;: \u00ab&nbsp;<em>C&rsquo;est un formidable tremplin. Il ne faut pas se mentir, faire carri\u00e8re dans la musique est extr\u00eamement dur, je sais de quoi je parle. On ne tombe pas forc\u00e9ment sur des personnes bienveillantes et on peut sortir un tube un jour et \u00eatre oubli\u00e9 le lendemain (&#8230;) Je re\u00e7ois d\u00e9j\u00e0 des commentaires d&rsquo;internautes qui me demandent ce que je fais dans cette \u00e9mission parce que j&rsquo;ai d\u00e9j\u00e0 eu mon moment de gloire, mais je ne vole la place de personne !<\/em>&nbsp;\u00bb.<\/p>\n\n\n\n<p><\/p>\n\n\n\n<p><br><\/p>\n","protected":false},"excerpt":{"rendered":"<p>The Voice\u00a0\u00bb compte bien r\u00e9server son lot de surprises durant cette saison 8. Pour preuve, samedi soir, un chanteur d\u00e9j\u00e0 connu aupr\u00e8s du public a tent\u00e9 les auditions \u00e0 l&rsquo;aveugle : Gage, ami de Corneille et interpr\u00e8te du tube \u00ab\u00a0Pense \u00e0 moi\u00a0\u00bb. Sauf que sa participation ne pla\u00eet \u00e0 tout le monde, alors l&rsquo;artiste a [&hellip;]<\/p>\n","protected":false},"author":2,"featured_media":11524,"comment_status":"open","ping_status":"open","sticky":false,"template":"","format":"standard","meta":{"_jetpack_memberships_contains_paid_content":false,"footnotes":"","jetpack_publicize_message":"","jetpack_publicize_feature_enabled":true,"jetpack_social_post_already_shared":true,"jetpack_social_options":{"image_generator_settings":{"template":"highway","default_image_id":0,"font":"","enabled":false},"version":2},"_wpas_customize_per_network":false},"categories":[68],"tags":[],"class_list":["post-11523","post","type-post","status-publish","format-standard","has-post-thumbnail","hentry","category-actu-culturelle"],"jetpack_publicize_connections":[],"jetpack_featured_media_url":"https:\/\/i0.wp.com\/www.iceagetv.com\/radiosite\/wp-content\/uploads\/2019\/02\/Gage.jpg?fit=574%2C322&ssl=1","jetpack_sharing_enabled":true,"_links":{"self":[{"href":"https:\/\/www.iceagetv.com\/radiosite\/wp-json\/wp\/v2\/posts\/11523","targetHints":{"allow":["GET"]}}],"collection":[{"href":"https:\/\/www.iceagetv.com\/radiosite\/wp-json\/wp\/v2\/posts"}],"about":[{"href":"https:\/\/www.iceagetv.com\/radiosite\/wp-json\/wp\/v2\/types\/post"}],"author":[{"embeddable":true,"href":"https:\/\/www.iceagetv.com\/radiosite\/wp-json\/wp\/v2\/users\/2"}],"replies":[{"embeddable":true,"href":"https:\/\/www.iceagetv.com\/radiosite\/wp-json\/wp\/v2\/comments?post=11523"}],"version-history":[{"count":1,"href":"https:\/\/www.iceagetv.com\/radiosite\/wp-json\/wp\/v2\/posts\/11523\/revisions"}],"predecessor-version":[{"id":11525,"href":"https:\/\/www.iceagetv.com\/radiosite\/wp-json\/wp\/v2\/posts\/11523\/revisions\/11525"}],"wp:featuredmedia":[{"embeddable":true,"href":"https:\/\/www.iceagetv.com\/radiosite\/wp-json\/wp\/v2\/media\/11524"}],"wp:attachment":[{"href":"https:\/\/www.iceagetv.com\/radiosite\/wp-json\/wp\/v2\/media?parent=11523"}],"wp:term":[{"taxonomy":"category","embeddable":true,"href":"https:\/\/www.iceagetv.com\/radiosite\/wp-json\/wp\/v2\/categories?post=11523"},{"taxonomy":"post_tag","embeddable":true,"href":"https:\/\/www.iceagetv.com\/radiosite\/wp-json\/wp\/v2\/tags?post=11523"}],"curies":[{"name":"wp","href":"https:\/\/api.w.org\/{rel}","templated":true}]}}