{"id":11539,"date":"2019-02-14T08:45:05","date_gmt":"2019-02-14T08:45:05","guid":{"rendered":"http:\/\/www.iceagetv.com\/radiosite\/?p=11539"},"modified":"2019-02-14T08:45:10","modified_gmt":"2019-02-14T08:45:10","slug":"a-son-proces-christophe-dettinger-assure-quil-nest-pas-quelquun-de-mechant-et-nie-avoir-voulu-casser-du-flic","status":"publish","type":"post","link":"https:\/\/www.iceagetv.com\/radiosite\/a-son-proces-christophe-dettinger-assure-quil-nest-pas-quelquun-de-mechant-et-nie-avoir-voulu-casser-du-flic\/","title":{"rendered":"A son proc\u00e8s, Christophe Dettinger assure qu&rsquo;il n&rsquo;est \u00ab\u00a0pas quelqu&rsquo;un de m\u00e9chant\u00a0\u00bb et nie avoir \u00ab\u00a0voulu casser du flic"},"content":{"rendered":"\n<p>il est reparti dormir en prison. L&rsquo;ancien boxeur\u00a0<a href=\"https:\/\/www.francetvinfo.fr\/economie\/transports\/gilets-jaunes\/gilets-jaunes-qui-est-christophe-d-l-ancien-boxeur-accuse-d-avoir-frappe-des-gendarmes_3133277.html\">Christophe Dettinger<\/a>, 37 ans, a \u00e9t\u00e9\u00a0<a href=\"https:\/\/www.francetvinfo.fr\/economie\/transports\/gilets-jaunes\/gilets-jaunes-l-ex-boxeur-christophe-dettinger-condamne-a-un-an-de-prison-ferme-amenageable-en-semi-liberte_3188973.html\">condamn\u00e9 \u00e0 trente mois de prison, dont 18 avec sursis<\/a>, mercredi 13 f\u00e9vrier, par le tribunal correctionnel de Paris. Il comparaissait pour avoir frapp\u00e9 deux gendarmes mobiles lors de la manifestation des\u00a0<a href=\"https:\/\/www.francetvinfo.fr\/economie\/transports\/gilets-jaunes\/gilets-jaunes-l-ex-boxeur-christophe-dettinger-condamne-a-un-an-de-prison-ferme-amenageable-en-semi-liberte_3188973.html\">\u00ab\u00a0gilets jaunes\u00a0\u00bb<\/a>du 5 janvier \u00e0 Paris et encourait sept ans pour \u00ab\u00a0violences volontaires en r\u00e9union sur personnes d\u00e9positaires de l&rsquo;autorit\u00e9 publique\u00a0\u00bb. Ce p\u00e8re de famille b\u00e9n\u00e9ficiera d&rsquo;un r\u00e9gime de semi-libert\u00e9 pour<em>\u00a0\u00ab\u00a0garder sa vie familiale et professionnelle\u00a0\u00bb<\/em>. La d\u00e9cision a \u00e9t\u00e9 accueillie avec soulagement dans la salle d&rsquo;audience surchauff\u00e9e et bond\u00e9e.<\/p>\n\n\n\n<p>Pendant plusieurs heures, le tribunal s&rsquo;est attach\u00e9 \u00e0 comprendre comment ce fonctionnaire de la ville d&rsquo;Arpajon (Essonne), sans ant\u00e9c\u00e9dent judiciaire ni engagement politique, au pass\u00e9&nbsp;<em>\u00ab\u00a0irr\u00e9prochable\u00a0\u00bb<\/em>, a pu basculer dans une violence&nbsp;<em>\u00ab\u00a0d\u00e9termin\u00e9e\u00a0\u00bb<\/em>&nbsp;ce jour-l\u00e0, sur la passerelle Leopold-S\u00e9dar-Senghor. Au fil de l&rsquo;audience, la justice a tent\u00e9&nbsp;<em>\u00ab\u00a0un arr\u00eat sur images\u00a0\u00bb<\/em>, pour&nbsp;comprendre le contexte dans lequel ces coups ont \u00e9t\u00e9 port\u00e9s. Les vid\u00e9os projet\u00e9es sur \u00e9cran g\u00e9ant, celles que l&rsquo;on a vu tourner en boucle sur les r\u00e9seaux sociaux apr\u00e8s les faits, n&rsquo;ont pas jou\u00e9 en faveur du pr\u00e9venu. Dans l&rsquo;un de ces films projet\u00e9 en acc\u00e9l\u00e9r\u00e9, la silhouette de&nbsp;Christophe Dettinger, gesticulant et mena\u00e7ant les forces de l&rsquo;ordre, se d\u00e9tache nettement, comme dans un&nbsp;vieux film muet.<\/p>\n\n\n\n<h2 class=\"wp-block-heading\">\u00ab\u00a0Bam, bam, bam\u00a0\u00bb<\/h2>\n\n\n\n<p>L&rsquo;assistance a pu revoir sous toutes les coutures, au ralenti cette fois-ci, les deux&nbsp;<em>\u00ab\u00a0s\u00e9quences\u00a0\u00bb<\/em>&nbsp;reproch\u00e9es \u00e0 l&rsquo;ancien champion de boxe&nbsp;: celle o\u00f9 il frappe un gendarme mobile au sol, sur la partie haute de la passerelle, puis celle o\u00f9 il boxe un autre militaire au visage, sur la partie basse du pont. Que s&rsquo;est-il pass\u00e9 avant ces deux sc\u00e8nes, s\u00e9par\u00e9es par un peu plus d&rsquo;une minute ? Les vid\u00e9os n&rsquo;apportent pas de r\u00e9ponse claire. Depuis le box, Christophe Dettinger assure avoir port\u00e9 les coups au premier gendarme apr\u00e8s l&rsquo;avoir vu matraquer une femme au sol. Celle-ci, cheveux roses et rangers aux pieds, est venue confirmer cette version \u00e0 la barre. Reste que sur les images disponibles dans la proc\u00e9dure, on ne voit pas&nbsp;ce gendarme la frapper avant d&rsquo;\u00eatre tir\u00e9 au sol par l&rsquo;ancien boxeur.&nbsp;<\/p>\n\n\n\n<p>Quant \u00e0 la deuxi\u00e8me salve de coups de poing, elle ferait \u00e9galement suite \u00e0 la vision d&rsquo;une&nbsp;<em>\u00ab\u00a0ligne de gendarmes en train de matraquer des &lsquo;gilets jaunes&rsquo;, bam, bam, bam\u00a0\u00bb<\/em>, mime le pr\u00e9venu, justifiant ainsi&nbsp;<em>\u00ab\u00a0sa col\u00e8re\u00a0\u00bb<\/em>&nbsp;et son coup de sang.<em>&nbsp;\u00ab\u00a0C&rsquo;est mon \u00e9tat d&rsquo;esprit, madame la pr\u00e9sidente, je peux pas faire autrement.\u00a0\u00bb<\/em>&nbsp;Ces coups de matraque ne sont pas non plus visibles&nbsp;sur la vid\u00e9o en possession de la justice et d\u00e9mentis par la partie civile.<\/p>\n\n\n\n<h2 class=\"wp-block-heading\">\u00ab\u00a0Il a tout simplement voulu casser du flic\u00a0\u00bb<\/h2>\n\n\n\n<p><em>\u00ab\u00a0Vous avez dit que vous aviez une \u00e2me de justicier. Et si vous voyiez un homme \u00e0 terre se faire rouer de coups dans la t\u00eate&#8230;\u00a0\u00bb<\/em>, tacle le procureur.<em>\u00ab\u00a0C&rsquo;est pas une belle image<\/em>, reconna\u00eet Christophe Dettinger.<em>&nbsp;En voulant sauver une dame d&rsquo;une injustice, j&rsquo;en ai cr\u00e9\u00e9 une autre.\u00a0\u00bb&nbsp;<\/em>L&rsquo;homme assis dans le box, v\u00eatu d&rsquo;une chemise blanche et d&rsquo;un gilet gris, semble lui m\u00eame essayer de faire le lien avec celui qu&rsquo;il voit \u00e0 l&rsquo;\u00e9cran, bonnet noir sur la t\u00eate et&nbsp;poings&nbsp;viss\u00e9s aux tempes. Pour la partie civile, cela ne fait aucun doute&nbsp;:&nbsp;<em>\u00ab\u00a0Monsieur Dettinger a tout simplement voulu casser du flic.\u00a0\u00bb<\/em><\/p>\n\n\n\n<p><em>C&rsquo;est un boxeur qui monte sur un ring pour en d\u00e9coudre, il r\u00e9ajuste ses gants, il est chaud, il est pr\u00eat pour le KO final.<\/em>Jean-Philippe Morel, avocat de la partie civile<em>devant le tribunal correctionnel de Paris<\/em><\/p>\n\n\n\n<p><em>\u00ab\u00a0Quand je vois les vid\u00e9os, je me dis que c&rsquo;est n&rsquo;importe quoi\u00a0\u00bb<\/em>, admet le \u00ab\u00a0gilet jaune\u00a0\u00bb.<em>&nbsp;\u00ab\u00a0Mais quand on est au milieu de la foule, quand on est l\u00e0 tous les samedis, c&rsquo;est plus la m\u00eame chanson\u00a0\u00bb<\/em>, souligne-t-il de sa voix sourde. C&rsquo;est justement l&rsquo;un des points qui a occup\u00e9 les d\u00e9bats. Selon la pr\u00e9sidente, les vid\u00e9os, notamment celles de la ville de Paris, qui donnent une vue d&rsquo;ensemble,&nbsp;montrent un&nbsp;cort\u00e8ge peu fourni, qui aurait pu faire demi-tour en voyant que l&rsquo;acc\u00e8s au quai Anatole-France, en face, \u00e9tait bloqu\u00e9 et que l&rsquo;acc\u00e8s \u00e0 la passerelle \u00e9tait entrav\u00e9 \u00e0 mi-chemin par les forces de l&rsquo;ordre. Objectif&nbsp;: emp\u00eacher le trajet de la manifestation, d\u00e9clar\u00e9 pour la premi\u00e8re fois, de d\u00e9vier&nbsp;vers l&rsquo;Assembl\u00e9e nationale.&nbsp;<em>\u00ab\u00a0Les manifestants ont fait le choix, me semble-t-il, de forcer le passage\u00a0\u00bb<\/em>, observe la magistrate.<\/p>\n\n\n\n<p><em>\u00ab\u00a0Derri\u00e8re, y&rsquo;avait du monde, \u00e7a poussait\u00a0\u00bb<\/em>, oppose&nbsp;le pr\u00e9venu, s&rsquo;\u00e9tonnant que les gendarmes ne soient pas pr\u00e9sents d\u00e8s le d\u00e9but de la passerelle.<em>&nbsp;\u00ab\u00a0Ils laissent&nbsp;la foule s&rsquo;engouffrer&nbsp;et apr\u00e8s, ils bloquent.\u00a0\u00bb&nbsp;<\/em>A la barre, l&rsquo;un des deux gendarmes frapp\u00e9s, visage juv\u00e9nile et uniforme de rigueur, a expliqu\u00e9 qu&rsquo;il avait \u00e9t\u00e9 positionn\u00e9 sur le premier tiers de la passerelle et non au bord pour \u00e9viter de devoir utiliser des troupes pour garder un escalier qui menait \u00e0 la passerelle. En clair,&nbsp;<em>\u00ab\u00a0\u00e9conomie d&rsquo;effectifs\u00a0\u00bb.<\/em><\/p>\n\n\n\n<p><em>\u00ab\u00a0Est-ce un dispositif qui pousse \u00e0 la faute&nbsp;?\u00a0\u00bb&nbsp;<\/em>demande la pr\u00e9sidente \u00e0 Christophe Dettinger,&nbsp;cherchant \u00e0 sonder ses opinions politiques.&nbsp;<em>\u00ab\u00a0Avec les vid\u00e9os, je vois que non. Mais quand on est dans le mouvement, on ne le voit pas\u00a0\u00bb<\/em>, r\u00e9pond-il, estimant malgr\u00e9 tout que&nbsp;<em>\u00ab\u00a0s&rsquo;il fallait \u00e9couter les forces de l&rsquo;ordre depuis le d\u00e9but des manifestations, tous les &lsquo;gilets jaunes&rsquo; resteraient chez eux car ils sont maltrait\u00e9s\u00a0\u00bb.&nbsp;<\/em>&nbsp;<\/p>\n\n\n\n<h2 class=\"wp-block-heading\">\u00ab\u00a0L&rsquo;\u00e9l\u00e9ment le plus violent de cette passerelle\u00a0\u00bb<\/h2>\n\n\n\n<p>Un argument balay\u00e9 par Jean-Philippe Morel, l&rsquo;avocat de la partie civile&nbsp;:&nbsp;<em>\u00ab\u00a0Aucune manifestation n&rsquo;est autoris\u00e9e \u00e0 traverser un pont en raison des risques de chute dans l&rsquo;eau.\u00a0\u00bb<\/em>&nbsp;<em>\u00ab\u00a0La premi\u00e8re violence de Monsieur Dettinger, c&rsquo;\u00e9tait de sortir du parcours de la manifestation autoris\u00e9e et d&rsquo;aller au contact. C&rsquo;est l&#8217;embryon de la violence \u00e0 venir\u00a0\u00bb<\/em>, abonde son confr\u00e8re Thibault&nbsp;de Montbrial, qui en profite pour adresser un message aux manifestants. &nbsp;&nbsp;<\/p>\n\n\n\n<p><em>J&rsquo;appelle chacun \u00e0 la responsabilit\u00e9. Reprenez-vous les uns les autres, sinon dans les jours, les semaines qui viennent, il va y avoir quelqu&rsquo;un qui va mourir.<\/em>Thibault de Montbrial, avocat des gendarmes agress\u00e9s<em>devant le tribunal correctionnel de Paris<\/em><\/p>\n\n\n\n<p><em>\u00ab\u00a0Cela fait trois mois que ce type de situation se renouvelle chaque samedi et que Paris devient le chaos, le terrain de jeu de certains, en col\u00e8re, frustr\u00e9s, en difficult\u00e9, qui viennent l\u00e0 pour se d\u00e9fouler\u00a0\u00bb<\/em>, mart\u00e8le le procureur dans son r\u00e9quisitoire, r\u00e9clamant trois ans de prison, dont un avec sursis.&nbsp;<em>\u00ab\u00a0Cette col\u00e8re\u00a0\u00bb<\/em>, chez Christophe Dettinger,&nbsp;<em>\u00ab\u00a0s&rsquo;est d\u00e9cha\u00een\u00e9e \u00e0 l&rsquo;encontre des forces de l&rsquo;ordre\u00a0\u00bb<\/em>,&nbsp;ajoute le magistrat, estimant qu&rsquo;il est alors&nbsp;<em>\u00ab\u00a0dans la toute puissance\u00a0\u00bb<\/em>&nbsp;et&nbsp;<em>\u00ab\u00a0l&rsquo;\u00e9l\u00e9ment le plus violent de cette passerelle\u00a0\u00bb<\/em>.<\/p>\n\n\n\n<h2 class=\"wp-block-heading\">\u00ab\u00a0Quelqu&rsquo;un de bien, de serviable, avec des valeurs\u00a0\u00bb<\/h2>\n\n\n\n<p>L&rsquo;accusation et la partie civile ne croient pas \u00e0&nbsp;la th\u00e8se du<em>&nbsp;\u00ab\u00a0p\u00e9tage de plomb\u00a0\u00bb<\/em>du p\u00e8re de famille et ancien sportif exemplaire, qui&nbsp;<em>\u00ab\u00a0a organis\u00e9 sa fuite\u00a0\u00bb<\/em>pendant un jour et demi pour se choisir une avocate et faire \u00e9tablir un certificat m\u00e9dical.&nbsp;<em>\u00ab\u00a0Il n&rsquo;y a pas de circonstance att\u00e9nuante dans le Code p\u00e9nal pour le p\u00e9tage de plomb\u00a0\u00bb<\/em>, plaide Jean-Philippe Morel.<\/p>\n\n\n\n<p>Il faut bien le reconna\u00eetre, cependant, l&rsquo;examen de sa personnalit\u00e9 ne r\u00e9v\u00e8le aucun \u00e9pisode de violence ant\u00e9rieure. Dans le dossier,&nbsp;<em>\u00ab\u00a0beaucoup de personnes t\u00e9moignent\u00a0\u00bb<\/em>&nbsp;que cet homme mari\u00e9 et p\u00e8re de trois enfants est&nbsp;<em>\u00ab\u00a0quelqu&rsquo;un de bien, de serviable, avec des valeurs, qui n&rsquo;a jamais rien fait de r\u00e9pr\u00e9hensible\u00a0\u00bb<\/em>. Christophe Dettinger ne se reconna\u00eet pas lui-m\u00eame dans ces images qui l&rsquo;ont \u00e9rig\u00e9 en&nbsp;<em>\u00ab\u00a0symbole\u00a0\u00bb<\/em>&nbsp;des \u00ab\u00a0gilets jaunes\u00a0\u00bb<em>. \u00ab\u00a0Je suis grand, je suis costaud, mais je ne suis pas quelqu&rsquo;un de m\u00e9chant\u00a0\u00bb,&nbsp;<\/em>murmure-t-il avec des sanglots \u00e9touff\u00e9s dans la voix.&nbsp;<\/p>\n\n\n\n<p><em>J&rsquo;ai \u00e9t\u00e9 catalogu\u00e9 gitan boxeur, casseur, tueur de flic&#8230; Wahou ! Je ne suis pas cette personne-l\u00e0.<\/em>Christophe Dettinger<em>devant le tribunal correctionnel de Paris<\/em><\/p>\n\n\n\n<p><em>\u00ab\u00a0Toute ma vie, depuis que je suis gamin, j&rsquo;essaie d&rsquo;un \u00eatre un bon fils, un bon fr\u00e8re, un bon p\u00e8re, un bon collaborateur, un bon mari\u00a0\u00bb<\/em>, \u00e9num\u00e8re-t-il alors sous les yeux de sa famille venue le soutenir.&nbsp;<em>\u00ab\u00a0Si je peux donner un coup de main \u00e0 quiconque, je le fais.\u00a0\u00bb<\/em>&nbsp;Alors comment expliquer la m\u00e9tamorphose qui s&rsquo;est op\u00e9r\u00e9e ce 5 janvier, sous les yeux de la France enti\u00e8re&nbsp;?<\/p>\n\n\n\n<h2 class=\"wp-block-heading\">\u00ab\u00a0Monsieur le gendarme, je suis coupable<em>\u00ab\u00a0<\/em><\/h2>\n\n\n\n<p><em>\u00ab\u00a0Si personne ne peut r\u00e9pondre \u00e0 la question, c&rsquo;est que nous manquons d&rsquo;\u00e9l\u00e9ments essentiels\u00a0\u00bb<\/em>, sugg\u00e8re pour la d\u00e9fense Henri Leclerc, regrettant une enqu\u00eate trop rapide. Mais pour le p\u00e9naliste, l&rsquo;explication est aussi \u00e0 chercher du c\u00f4t\u00e9 de l&rsquo;effet de groupe&nbsp;:&nbsp;<em>\u00ab\u00a0Une manifestation est une b\u00eate qu&rsquo;on ne ma\u00eetrise pas aussi facilement\u00a0\u00bb<\/em>,glisse-t-il, allant jusqu&rsquo;\u00e0 \u00e9voquer le drame&nbsp;<a href=\"https:\/\/www.humanite.fr\/ne-pas-oublier-le-massacre-de-charonne-564933\" target=\"_blank\" rel=\"noreferrer noopener\">des neufs morts de la rue de Charonne<\/a>&nbsp;lors d&rsquo;un d\u00e9fil\u00e9 pour la paix en Alg\u00e9rie le 8 f\u00e9vrier 1962.<\/p>\n\n\n\n<p><em>Un homme magnifique peut commettre une faute. Dans une manifestation, on peut perdre le contr\u00f4le. La peur, la col\u00e8re, tout tient ensemble.<\/em>Henri Leclerc, avocat de la d\u00e9fense<em>devant le tribunal correctionnel de Paris<\/em><\/p>\n\n\n\n<p>Son confr\u00e8re, Hugues Vigier, demande \u00e9galement au tribunal de ne&nbsp;<em>\u00ab\u00a0pas r\u00e9duire cet homme \u00e0 ces<\/em>&nbsp;<em>dix minutes de sa vie, il est tellement plus\u00a0\u00bb.<\/em><\/p>\n\n\n\n<p>Christophe Dettinger, qui s&rsquo;est excus\u00e9 tout au long du proc\u00e8s de ne<em>&nbsp;\u00ab\u00a0pas avoir les mots\u00a0\u00bb,&nbsp;<\/em>a su les trouver pour&nbsp;s&rsquo;adresser au seul gendarme assis en face de lui, son coll\u00e8gue, encore en r\u00e9\u00e9ducation, n&rsquo;ayant pas \u00e9t\u00e9 en capacit\u00e9 d&rsquo;assister au proc\u00e8s.<em>&nbsp;\u00ab\u00a0Monsieur le gendarme, je suis coupable de tous les coups que j&rsquo;ai pu vous porter, je suis conscient que \u00e7a a pu vous toucher physiquement et psychologiquement et je n&rsquo;en suis pas fier du tout\u00a0\u00bb,&nbsp;<\/em>a-t-il lanc\u00e9. Et d&rsquo;ajouter, avant la suspension d&rsquo;audience&nbsp;:<em>&nbsp;\u00ab\u00a0Je vais devoir vivre avec \u00e7a toute ma vie et eux aussi.\u00a0\u00bb&nbsp;<\/em><\/p>\n","protected":false},"excerpt":{"rendered":"<p>il est reparti dormir en prison. L&rsquo;ancien boxeur\u00a0Christophe Dettinger, 37 ans, a \u00e9t\u00e9\u00a0condamn\u00e9 \u00e0 trente mois de prison, dont 18 avec sursis, mercredi 13 f\u00e9vrier, par le tribunal correctionnel de Paris. Il comparaissait pour avoir frapp\u00e9 deux gendarmes mobiles lors de la manifestation des\u00a0\u00ab\u00a0gilets jaunes\u00a0\u00bbdu 5 janvier \u00e0 Paris et encourait sept ans pour \u00ab\u00a0violences [&hellip;]<\/p>\n","protected":false},"author":2,"featured_media":11540,"comment_status":"open","ping_status":"open","sticky":false,"template":"","format":"standard","meta":{"_jetpack_memberships_contains_paid_content":false,"footnotes":"","jetpack_publicize_message":"","jetpack_publicize_feature_enabled":true,"jetpack_social_post_already_shared":true,"jetpack_social_options":{"image_generator_settings":{"template":"highway","default_image_id":0,"font":"","enabled":false},"version":2},"_wpas_customize_per_network":false},"categories":[405],"tags":[],"class_list":["post-11539","post","type-post","status-publish","format-standard","has-post-thumbnail","hentry","category-actu-france-monde"],"jetpack_publicize_connections":[],"jetpack_featured_media_url":"https:\/\/i0.wp.com\/www.iceagetv.com\/radiosite\/wp-content\/uploads\/2019\/02\/Christophe-Dettinger.jpg?fit=1196%2C450&ssl=1","jetpack_sharing_enabled":true,"_links":{"self":[{"href":"https:\/\/www.iceagetv.com\/radiosite\/wp-json\/wp\/v2\/posts\/11539","targetHints":{"allow":["GET"]}}],"collection":[{"href":"https:\/\/www.iceagetv.com\/radiosite\/wp-json\/wp\/v2\/posts"}],"about":[{"href":"https:\/\/www.iceagetv.com\/radiosite\/wp-json\/wp\/v2\/types\/post"}],"author":[{"embeddable":true,"href":"https:\/\/www.iceagetv.com\/radiosite\/wp-json\/wp\/v2\/users\/2"}],"replies":[{"embeddable":true,"href":"https:\/\/www.iceagetv.com\/radiosite\/wp-json\/wp\/v2\/comments?post=11539"}],"version-history":[{"count":1,"href":"https:\/\/www.iceagetv.com\/radiosite\/wp-json\/wp\/v2\/posts\/11539\/revisions"}],"predecessor-version":[{"id":11541,"href":"https:\/\/www.iceagetv.com\/radiosite\/wp-json\/wp\/v2\/posts\/11539\/revisions\/11541"}],"wp:featuredmedia":[{"embeddable":true,"href":"https:\/\/www.iceagetv.com\/radiosite\/wp-json\/wp\/v2\/media\/11540"}],"wp:attachment":[{"href":"https:\/\/www.iceagetv.com\/radiosite\/wp-json\/wp\/v2\/media?parent=11539"}],"wp:term":[{"taxonomy":"category","embeddable":true,"href":"https:\/\/www.iceagetv.com\/radiosite\/wp-json\/wp\/v2\/categories?post=11539"},{"taxonomy":"post_tag","embeddable":true,"href":"https:\/\/www.iceagetv.com\/radiosite\/wp-json\/wp\/v2\/tags?post=11539"}],"curies":[{"name":"wp","href":"https:\/\/api.w.org\/{rel}","templated":true}]}}