{"id":11543,"date":"2019-02-14T16:48:46","date_gmt":"2019-02-14T16:48:46","guid":{"rendered":"http:\/\/www.iceagetv.com\/radiosite\/?p=11543"},"modified":"2019-02-14T16:48:53","modified_gmt":"2019-02-14T16:48:53","slug":"le-parlement-europeen-condamne-lusage-des-lbd-par-la-police","status":"publish","type":"post","link":"https:\/\/www.iceagetv.com\/radiosite\/le-parlement-europeen-condamne-lusage-des-lbd-par-la-police\/","title":{"rendered":"Le Parlement europ\u00e9en condamne l\u2019usage des LBD par la police"},"content":{"rendered":"\n<p>En plein mouvement des \u00ab&nbsp;gilets jaunes&nbsp;\u00bb en France et de critiques r\u00e9currentes contre l\u2019usage des lanceurs de balles de d\u00e9fense (LBD) par les forces de l\u2019ordre, le Parlement europ\u00e9en a largement condamn\u00e9, jeudi&nbsp;14&nbsp;f\u00e9vrier,&nbsp;<em>\u00ab&nbsp;le recours \u00e0 certains types d\u2019armes \u00e0 l\u00e9talit\u00e9 r\u00e9duite par les forces de police contre des manifestants pacifiques, comme les projectiles \u00e0 impact cin\u00e9tique&nbsp;\u00bb<\/em>&nbsp;\u2013 dont les LBD font partie. La&nbsp;<a href=\"http:\/\/www.europarl.europa.eu\/sides\/getDoc.do?type=MOTION&amp;reference=P8-RC-2019-0104&amp;format=XML&amp;language=FR\">r\u00e9solution&nbsp;<em>\u00ab&nbsp;sur le droit \u00e0 manifester pacifiquement et&nbsp;l\u2019usage proportionn\u00e9 de la force&nbsp;\u00bb<\/em><\/a>&nbsp;a \u00e9t\u00e9 vot\u00e9e par 438&nbsp;d\u00e9put\u00e9s europ\u00e9ens, 78&nbsp;autres se&nbsp;pronon\u00e7ant contre et 87 s\u2019\u00e9tant abstenus.<\/p>\n\n\n\n<p>Le texte, condamnant plus largement\u00a0<em>\u00ab\u00a0le recours \u00e0 des interventions violentes et disproportionn\u00e9es de la part des autorit\u00e9s publiques lors de protestations et de manifestations pacifiques\u00a0\u00bb<\/em>, ne cible pas un Etat membre en particulier, mais a donn\u00e9 lieu en pr\u00e9ambule dans l\u2019h\u00e9micycle strasbourgeois \u00e0 un d\u00e9bat anim\u00e9 auquel ont pris part plusieurs eurod\u00e9put\u00e9s fran\u00e7ais. Certains, comme le groupe politique de La France insoumise, ont d\u00e9plor\u00e9 que la r\u00e9solution ne demande pas l\u2019interdiction des LBD.<\/p>\n\n\n\n<p>Reconnaissant que<em>&nbsp;\u00ab&nbsp;la police, qui a compt\u00e9 elle aussi de nombreuses victimes dans ses rangs, travaille dans des conditions difficiles, compte tenu notamment de l\u2019hostilit\u00e9 dont font preuve certains manifestants, mais \u00e9galement de la charge de travail excessive&nbsp;\u00bb<\/em>, le texte demande aux Etats membres&nbsp;:<\/p>\n\n\n\n<ul class=\"wp-block-list\"><li>de\u00a0<em>\u00ab\u00a0veiller \u00e0 ce que le recours \u00e0 la force par les services r\u00e9pressifs soit toujours l\u00e9gal, proportionn\u00e9 et n\u00e9cessaire, qu\u2019il ait lieu en ultime recours et qu\u2019il pr\u00e9serve la vie et l\u2019int\u00e9grit\u00e9 physique des personnes\u00a0\u00bb\u00a0<\/em>;<\/li><li>de\u00a0<em>\u00ab\u00a0faire en sorte que toutes les armes fassent l\u2019objet d\u2019\u00e9valuations et d\u2019essais ind\u00e9pendants avant leur mise sur le march\u00e9\u00a0\u00bb<\/em>\u00a0;<\/li><li>de collecter\u00a0<em>\u00ab\u00a0des preuves concernant le recours, le recours abusif, les cons\u00e9quences inattendues, les blessures et les d\u00e9c\u00e8s ainsi que leurs causes\u00a0\u00bb<\/em>\u00a0dus aux armes utilis\u00e9es par les forces de l\u2019ordre\u00a0;<\/li><li>de\u00a0<em>\u00ab\u00a0recourir \u00e0 des pratiques alternatives qui ont d\u00e9j\u00e0 fait leurs preuves, notamment celles qui permettent d\u2019\u00e9viter tout contact physique avec les manifestants et qui font appel \u00e0 des m\u00e9diateurs\u00a0\u00bb.<\/em><\/li><\/ul>\n\n\n\n<h2 class=\"wp-block-heading\">Surench\u00e8re de violence&nbsp;\u00bb<\/h2>\n\n\n\n<p>Le d\u00e9bat, demand\u00e9 par une coalition regroupant l\u2019Alliance progressiste des socialistes et d\u00e9mocrates (S&amp;D), les Verts et la GUE (Gauche unitaire europ\u00e9enne), avait \u00e9t\u00e9 lundi soir domin\u00e9 en partie par la situation en France avec les manifestations des \u00ab&nbsp;gilets jaunes&nbsp;\u00bb, m\u00eame s\u2019il fait r\u00e9f\u00e9rence \u00e0 d\u2019autres pays (Roumanie, Espagne, Hongrie, Gr\u00e8ce).<\/p>\n\n\n\n<p>L\u2019eurod\u00e9put\u00e9 \u00e9cologiste fran\u00e7ais Yannick Jadot a notamment d\u00e9nonc\u00e9 l\u2019usage des LBD,&nbsp;<a href=\"https:\/\/www.lemonde.fr\/police-justice\/article\/2019\/01\/16\/maintien-de-l-ordre-le-lourd-bilan-des-lanceurs-de-balle-de-defense_5409630_1653578.html\">qui a caus\u00e9 de nombreuses blessures graves<\/a>&nbsp;et qui&nbsp;<a href=\"https:\/\/www.lemonde.fr\/societe\/article\/2019\/02\/08\/des-dissensions-apparaissent-au-sein-des-forces-de-l-ordre-sur-l-usage-du-lanceur-de-balles-de-defense_5420784_3224.html\">fait m\u00eame d\u00e9bat au sein des forces de l\u2019ordre<\/a>.<\/p>\n\n\n\n<p><em>\u00ab&nbsp;Il n\u2019y a qu\u2019en France, en Pologne et en Gr\u00e8ce qu\u2019il y a un usage sans limite de ces instruments qui (\u2026), selon les \u00e9quipes m\u00e9dicales, causent des blessures de guerre.&nbsp;\u00bb<\/em><\/p>\n\n\n\n<p>Pour les eurod\u00e9put\u00e9s fran\u00e7ais de G\u00e9n\u00e9ration.s (groupe S&amp;D),&nbsp;<em>\u00ab&nbsp;le pr\u00e9sident de la R\u00e9publique fran\u00e7aise doit entendre l\u2019alerte du Parlement europ\u00e9en et revoir sa politique de maintien de&nbsp;l\u2019ordre, qui conduit \u00e0 une surench\u00e8re de violence&nbsp;\u00bb.<\/em><\/p>\n\n\n\n<p><em>\u00ab&nbsp;Je m\u2019inqui\u00e8te pour mon pays, je m\u2019inqui\u00e8te pour les libert\u00e9s en France et je m\u2019inqui\u00e8te du&nbsp;basculement autoritaire du pr\u00e9sident Macron&nbsp;\u00bb<\/em>, a lanc\u00e9 Younous Omarjee, de La France insoumise (GUE).<\/p>\n\n\n\n<p>Le pr\u00e9sident des Patriotes, Florian Philippot, l\u2019ancien bras droit de Marine Le Pen, s\u2019est pr\u00e9sent\u00e9 dans l\u2019h\u00e9micycle en gilet jaune, la main sur un \u0153il pour symboliser les bless\u00e9s au cours des manifestations, et a d\u00e9nonc\u00e9&nbsp;<em>\u00ab&nbsp;un pouvoir aux abois&nbsp;<\/em>[qui]<em>&nbsp;donne des ordres d\u00e9lirants, irresponsables, insens\u00e9s contre sa propre population&nbsp;\u00bb<\/em>.<\/p>\n\n\n\n<p>L\u2019\u00e9lu du parti fran\u00e7ais Les R\u00e9publicains Renaud Muselier a quant \u00e0 lui compar\u00e9 le pr\u00e9sident Emmanuel Macron \u00e0&nbsp;<em>\u00ab&nbsp;Jupiter revenu sur terre&nbsp;\u00bb<\/em>, lui reprochant des concessions aux \u00ab&nbsp;gilets jaunes&nbsp;\u00bb,&nbsp;<em>\u00ab&nbsp;au d\u00e9triment des r\u00e8gles budg\u00e9taires europ\u00e9ennes&nbsp;\u00bb<\/em>.<\/p>\n\n\n\n<ul class=\"wp-block-list\"><li><\/li><\/ul>\n\n\n\n<p><br><\/p>\n","protected":false},"excerpt":{"rendered":"<p>En plein mouvement des \u00ab&nbsp;gilets jaunes&nbsp;\u00bb en France et de critiques r\u00e9currentes contre l\u2019usage des lanceurs de balles de d\u00e9fense (LBD) par les forces de l\u2019ordre, le Parlement europ\u00e9en a largement condamn\u00e9, jeudi&nbsp;14&nbsp;f\u00e9vrier,&nbsp;\u00ab&nbsp;le recours \u00e0 certains types d\u2019armes \u00e0 l\u00e9talit\u00e9 r\u00e9duite par les forces de police contre des manifestants pacifiques, comme les projectiles \u00e0 impact [&hellip;]<\/p>\n","protected":false},"author":2,"featured_media":11544,"comment_status":"open","ping_status":"open","sticky":false,"template":"","format":"standard","meta":{"_jetpack_memberships_contains_paid_content":false,"footnotes":"","jetpack_publicize_message":"","jetpack_publicize_feature_enabled":true,"jetpack_social_post_already_shared":true,"jetpack_social_options":{"image_generator_settings":{"template":"highway","default_image_id":0,"font":"","enabled":false},"version":2},"_wpas_customize_per_network":false},"categories":[405],"tags":[],"class_list":["post-11543","post","type-post","status-publish","format-standard","has-post-thumbnail","hentry","category-actu-france-monde"],"jetpack_publicize_connections":[],"jetpack_featured_media_url":"https:\/\/i0.wp.com\/www.iceagetv.com\/radiosite\/wp-content\/uploads\/2019\/02\/Le-Parlement-europ%C3%A9en.jpg?fit=805%2C453&ssl=1","jetpack_sharing_enabled":true,"_links":{"self":[{"href":"https:\/\/www.iceagetv.com\/radiosite\/wp-json\/wp\/v2\/posts\/11543","targetHints":{"allow":["GET"]}}],"collection":[{"href":"https:\/\/www.iceagetv.com\/radiosite\/wp-json\/wp\/v2\/posts"}],"about":[{"href":"https:\/\/www.iceagetv.com\/radiosite\/wp-json\/wp\/v2\/types\/post"}],"author":[{"embeddable":true,"href":"https:\/\/www.iceagetv.com\/radiosite\/wp-json\/wp\/v2\/users\/2"}],"replies":[{"embeddable":true,"href":"https:\/\/www.iceagetv.com\/radiosite\/wp-json\/wp\/v2\/comments?post=11543"}],"version-history":[{"count":1,"href":"https:\/\/www.iceagetv.com\/radiosite\/wp-json\/wp\/v2\/posts\/11543\/revisions"}],"predecessor-version":[{"id":11545,"href":"https:\/\/www.iceagetv.com\/radiosite\/wp-json\/wp\/v2\/posts\/11543\/revisions\/11545"}],"wp:featuredmedia":[{"embeddable":true,"href":"https:\/\/www.iceagetv.com\/radiosite\/wp-json\/wp\/v2\/media\/11544"}],"wp:attachment":[{"href":"https:\/\/www.iceagetv.com\/radiosite\/wp-json\/wp\/v2\/media?parent=11543"}],"wp:term":[{"taxonomy":"category","embeddable":true,"href":"https:\/\/www.iceagetv.com\/radiosite\/wp-json\/wp\/v2\/categories?post=11543"},{"taxonomy":"post_tag","embeddable":true,"href":"https:\/\/www.iceagetv.com\/radiosite\/wp-json\/wp\/v2\/tags?post=11543"}],"curies":[{"name":"wp","href":"https:\/\/api.w.org\/{rel}","templated":true}]}}