{"id":11563,"date":"2019-02-16T16:46:38","date_gmt":"2019-02-16T16:46:38","guid":{"rendered":"http:\/\/www.iceagetv.com\/radiosite\/?p=11563"},"modified":"2019-02-16T16:46:46","modified_gmt":"2019-02-16T16:46:46","slug":"gilets-jaunes-plusieurs-manifestants-renverses-a-rouen-par-un-vehicule-qui-etait-coince-les-secours-sont-sur-place-incidents-avec-les-forces-de-lordre-a-paris","status":"publish","type":"post","link":"https:\/\/www.iceagetv.com\/radiosite\/gilets-jaunes-plusieurs-manifestants-renverses-a-rouen-par-un-vehicule-qui-etait-coince-les-secours-sont-sur-place-incidents-avec-les-forces-de-lordre-a-paris\/","title":{"rendered":"Gilets Jaunes &#8211; Plusieurs manifestants renvers\u00e9s \u00e0 Rouen par un v\u00e9hicule qui \u00e9tait coinc\u00e9. Les secours sont sur place &#8211; Incidents avec les forces de l&rsquo;ordre \u00e0 Paris"},"content":{"rendered":"\n<p><strong>Ce que l&rsquo;on sait de l&rsquo;accident \u00e0 Rouen<\/strong><\/p>\n\n\n\n<p>Un v\u00e9hicule coinc\u00e9 au niveau d\u2019une manifestation de gilets jaunes a forc\u00e9 le passage \u00e0 Rouen (Seine-Maritime). Plusieurs personnes ont \u00e9t\u00e9 renvers\u00e9es d&rsquo;apr\u00e8s une source polici\u00e8re \u00e0 BFMTV, il y a trois bless\u00e9s.<\/p>\n\n\n\n<p>Les premiers soins leur ont \u00e9t\u00e9 prodigu\u00e9s sur place. Les manifestants ont form\u00e9 un cordon de s\u00e9curit\u00e9 autour des bless\u00e9s pour les prot\u00e9ger. Le conducteur a quitt\u00e9 les lieux car il craignait de se faire lyncher, selon des sources polici\u00e8res.<\/p>\n\n\n\n<p>En partant, il a d\u00e9clar\u00e9 qu\u2019il allait se rendre \u00e0 la police.<\/p>\n\n\n\n<p><strong>Plusieurs manifestants auraient \u00e9t\u00e9 renvers\u00e9s \u00e0 Rouen par un v\u00e9hicule qui \u00e9tait coinc\u00e9. Les secours sont sur place selon BFM TV<\/strong><\/p>\n\n\n\n<p>Trois personnes sont \u00e0 terre, a priori renvers\u00e9es par une voiture qui aurait forc\u00e9 le passage. Les pompiers viennent d\u2019arriver sur place pour les prendre en charge. La tension monte d\u2019un cran dans la manifestation, certains demandent des \u00ab\u00a0repr\u00e9sailles\u00a0\u00bb.<br>Jean-Luc M\u00e9lenchon, le leader de la France Insoumise a assur\u00e9 sur son compte Twitter qu&rsquo;il y avait une \u00ab\u00a0foule immense de gilets jaunes \u00e0 Paris\u00a0\u00bb. Selon lui, cette mobilisation t\u00e9moigne de \u00ab\u00a0l&rsquo;\u00e9chec total de la politique d&rsquo;intimidation et de r\u00e9pression violente. Bravo les gilets jaunes !\u00a0\u00bb<br>\u00a0A Marseille le cort\u00e8ge des gilets jaunes se dirige vers les quartiers nord de la ville. Les gilets jaunes marseillais accompagnent dans leur manifestation des marcheurs du mouvement: des gilets jaunes partis d&rsquo;un point en France pour atteindre Paris, \u00e0 pieds.\u00a0<br>A\u00a0Toulouse le cort\u00e8ge s&rsquo;est lanc\u00e9 dans le centre-ville depuis 14h. La mobilisation est au rendez-vous sans heurt.<\/p>\n","protected":false},"excerpt":{"rendered":"<p>Ce que l&rsquo;on sait de l&rsquo;accident \u00e0 Rouen Un v\u00e9hicule coinc\u00e9 au niveau d\u2019une manifestation de gilets jaunes a forc\u00e9 le passage \u00e0 Rouen (Seine-Maritime). Plusieurs personnes ont \u00e9t\u00e9 renvers\u00e9es d&rsquo;apr\u00e8s une source polici\u00e8re \u00e0 BFMTV, il y a trois bless\u00e9s. Les premiers soins leur ont \u00e9t\u00e9 prodigu\u00e9s sur place. Les manifestants ont form\u00e9 un [&hellip;]<\/p>\n","protected":false},"author":2,"featured_media":11564,"comment_status":"open","ping_status":"open","sticky":false,"template":"","format":"standard","meta":{"_jetpack_memberships_contains_paid_content":false,"footnotes":"","jetpack_publicize_message":"","jetpack_publicize_feature_enabled":true,"jetpack_social_post_already_shared":true,"jetpack_social_options":{"image_generator_settings":{"template":"highway","default_image_id":0,"font":"","enabled":false},"version":2},"_wpas_customize_per_network":false},"categories":[405],"tags":[],"class_list":["post-11563","post","type-post","status-publish","format-standard","has-post-thumbnail","hentry","category-actu-france-monde"],"jetpack_publicize_connections":[],"jetpack_featured_media_url":"https:\/\/i0.wp.com\/www.iceagetv.com\/radiosite\/wp-content\/uploads\/2019\/02\/Gilets-Jaunes-13.jpg?fit=750%2C324&ssl=1","jetpack_sharing_enabled":true,"_links":{"self":[{"href":"https:\/\/www.iceagetv.com\/radiosite\/wp-json\/wp\/v2\/posts\/11563","targetHints":{"allow":["GET"]}}],"collection":[{"href":"https:\/\/www.iceagetv.com\/radiosite\/wp-json\/wp\/v2\/posts"}],"about":[{"href":"https:\/\/www.iceagetv.com\/radiosite\/wp-json\/wp\/v2\/types\/post"}],"author":[{"embeddable":true,"href":"https:\/\/www.iceagetv.com\/radiosite\/wp-json\/wp\/v2\/users\/2"}],"replies":[{"embeddable":true,"href":"https:\/\/www.iceagetv.com\/radiosite\/wp-json\/wp\/v2\/comments?post=11563"}],"version-history":[{"count":1,"href":"https:\/\/www.iceagetv.com\/radiosite\/wp-json\/wp\/v2\/posts\/11563\/revisions"}],"predecessor-version":[{"id":11565,"href":"https:\/\/www.iceagetv.com\/radiosite\/wp-json\/wp\/v2\/posts\/11563\/revisions\/11565"}],"wp:featuredmedia":[{"embeddable":true,"href":"https:\/\/www.iceagetv.com\/radiosite\/wp-json\/wp\/v2\/media\/11564"}],"wp:attachment":[{"href":"https:\/\/www.iceagetv.com\/radiosite\/wp-json\/wp\/v2\/media?parent=11563"}],"wp:term":[{"taxonomy":"category","embeddable":true,"href":"https:\/\/www.iceagetv.com\/radiosite\/wp-json\/wp\/v2\/categories?post=11563"},{"taxonomy":"post_tag","embeddable":true,"href":"https:\/\/www.iceagetv.com\/radiosite\/wp-json\/wp\/v2\/tags?post=11563"}],"curies":[{"name":"wp","href":"https:\/\/api.w.org\/{rel}","templated":true}]}}