{"id":11575,"date":"2019-02-18T19:05:21","date_gmt":"2019-02-18T19:05:21","guid":{"rendered":"http:\/\/www.iceagetv.com\/radiosite\/?p=11575"},"modified":"2019-02-18T19:05:29","modified_gmt":"2019-02-18T19:05:29","slug":"grace-a-dieu-le-film-de-francois-ozon-sur-la-pedophilie-dans-leglise-autorise-par-la-justice-a-sortir-en-salles-mercredi","status":"publish","type":"post","link":"https:\/\/www.iceagetv.com\/radiosite\/grace-a-dieu-le-film-de-francois-ozon-sur-la-pedophilie-dans-leglise-autorise-par-la-justice-a-sortir-en-salles-mercredi\/","title":{"rendered":"Gr\u00e2ce \u00e0 Dieu\u00a0\u00bb, le film de Fran\u00e7ois Ozon sur la p\u00e9dophilie dans l&rsquo;Eglise, autoris\u00e9 par la justice \u00e0 sortir en salles mercredi"},"content":{"rendered":"\n<p>Le film de Fran\u00e7ois Ozon \u00abGr\u00e2ce \u00e0 Dieu\u00bb sur la p\u00e9dophilie dans l\u2019Eglise, retra\u00e7ant l\u2019histoire de victimes dans l\u2019affaire Barbarin, a \u00e9t\u00e9 autoris\u00e9 par la justice \u00e0 sortir en salles comme pr\u00e9vu mercredi, ont annonc\u00e9 lundi les avocats du p\u00e8re Preynat et du producteur du film.<\/p>\n\n\n\n<p>La d\u00e9fense du p\u00e8re Preynat, pr\u00eatre lyonnais mis en examen pour agressions sexuelles et non jug\u00e9 encore, avait assign\u00e9 en r\u00e9f\u00e9r\u00e9 Fran\u00e7ois Ozon pour obtenir un report de la sortie de son film, prim\u00e9 samedi soir du Grand prix du jury \u00e0 la Berlinale.<\/p>\n\n\n\n<p>\u00abLa d\u00e9cision tr\u00e8s bien motiv\u00e9e reconna\u00eet que le film &#8212; avec les avertissements qui l\u2019accompagnent&#8211; ne justifient pas les mesures demand\u00e9es qui mena\u00e7aient sa sortie. Nous nous en r\u00e9jouissons\u00bb, a indiqu\u00e9 \u00e0 l\u2019AFP Me Paul-Albert Iweins, l\u2019un des deux avocats du producteur et du distributeur du film.<\/p>\n\n\n\n<figure><iframe allowfullscreen=\"\"><\/iframe><\/figure>\n\n\n\n<p>\u00abLe juge a rejet\u00e9 la demande de report du film\u00bb, a confirm\u00e9 Me Emmanuel Mercinier, avocat du p\u00e8re Preynat. \u00abIl consid\u00e8re que le fait d\u2019ins\u00e9rer un carton \u00e0 la derni\u00e8re seconde du film indiquant que le p\u00e8re Preynat b\u00e9n\u00e9ficie de la pr\u00e9somption d\u2019innocence r\u00e9pond aux exigences de la loi, la culpabilit\u00e9 de ce denier n\u2019\u00e9tant d\u00e8s lors pas pr\u00e9sent\u00e9e comme acquise\u00bb, a-t-il ajout\u00e9.<\/p>\n\n\n\n<p>Il a dit \u00e9galement \u00abregretter am\u00e8rement cette d\u00e9cision, non seulement dans l\u2019int\u00e9r\u00eat du p\u00e8re Preynat, mais plus largement dans l\u2019int\u00e9r\u00eat g\u00e9n\u00e9ral\u00bb. \u00abPr\u00e9senter durant deux heures comme coupable un homme qui n\u2019a pas encore \u00e9t\u00e9 jug\u00e9 comme tel constitue une atteinte \u00e0 la pr\u00e9somption d\u2019innocence que ne saurait \u00e9videmment pas faire dispara\u00eetre le fait d\u2019\u00e9crire ensuite le contraire durant deux secondes\u00bb, a-t-il dit.<\/p>\n\n\n\n<p>Me Fr\u00e9d\u00e9ric Doyez, avocat lyonnais du p\u00e8re Preynat, a pr\u00e9cis\u00e9 \u00e0 l\u2019AFP qu\u2019ils allaient faire appel de la d\u00e9cision, mais que cela n\u2019emp\u00eacherait pas le film de sortir.<\/p>\n","protected":false},"excerpt":{"rendered":"<p>Le film de Fran\u00e7ois Ozon \u00abGr\u00e2ce \u00e0 Dieu\u00bb sur la p\u00e9dophilie dans l\u2019Eglise, retra\u00e7ant l\u2019histoire de victimes dans l\u2019affaire Barbarin, a \u00e9t\u00e9 autoris\u00e9 par la justice \u00e0 sortir en salles comme pr\u00e9vu mercredi, ont annonc\u00e9 lundi les avocats du p\u00e8re Preynat et du producteur du film. La d\u00e9fense du p\u00e8re Preynat, pr\u00eatre lyonnais mis en [&hellip;]<\/p>\n","protected":false},"author":2,"featured_media":11576,"comment_status":"open","ping_status":"open","sticky":false,"template":"","format":"standard","meta":{"_jetpack_memberships_contains_paid_content":false,"footnotes":"","jetpack_publicize_message":"","jetpack_publicize_feature_enabled":true,"jetpack_social_post_already_shared":true,"jetpack_social_options":{"image_generator_settings":{"template":"highway","default_image_id":0,"font":"","enabled":false},"version":2},"_wpas_customize_per_network":false},"categories":[68],"tags":[],"class_list":["post-11575","post","type-post","status-publish","format-standard","has-post-thumbnail","hentry","category-actu-culturelle"],"jetpack_publicize_connections":[],"jetpack_featured_media_url":"https:\/\/i0.wp.com\/www.iceagetv.com\/radiosite\/wp-content\/uploads\/2019\/02\/Gr%C3%A2ce-%C3%A0-Dieu.jpg?fit=750%2C324&ssl=1","jetpack_sharing_enabled":true,"_links":{"self":[{"href":"https:\/\/www.iceagetv.com\/radiosite\/wp-json\/wp\/v2\/posts\/11575","targetHints":{"allow":["GET"]}}],"collection":[{"href":"https:\/\/www.iceagetv.com\/radiosite\/wp-json\/wp\/v2\/posts"}],"about":[{"href":"https:\/\/www.iceagetv.com\/radiosite\/wp-json\/wp\/v2\/types\/post"}],"author":[{"embeddable":true,"href":"https:\/\/www.iceagetv.com\/radiosite\/wp-json\/wp\/v2\/users\/2"}],"replies":[{"embeddable":true,"href":"https:\/\/www.iceagetv.com\/radiosite\/wp-json\/wp\/v2\/comments?post=11575"}],"version-history":[{"count":1,"href":"https:\/\/www.iceagetv.com\/radiosite\/wp-json\/wp\/v2\/posts\/11575\/revisions"}],"predecessor-version":[{"id":11577,"href":"https:\/\/www.iceagetv.com\/radiosite\/wp-json\/wp\/v2\/posts\/11575\/revisions\/11577"}],"wp:featuredmedia":[{"embeddable":true,"href":"https:\/\/www.iceagetv.com\/radiosite\/wp-json\/wp\/v2\/media\/11576"}],"wp:attachment":[{"href":"https:\/\/www.iceagetv.com\/radiosite\/wp-json\/wp\/v2\/media?parent=11575"}],"wp:term":[{"taxonomy":"category","embeddable":true,"href":"https:\/\/www.iceagetv.com\/radiosite\/wp-json\/wp\/v2\/categories?post=11575"},{"taxonomy":"post_tag","embeddable":true,"href":"https:\/\/www.iceagetv.com\/radiosite\/wp-json\/wp\/v2\/tags?post=11575"}],"curies":[{"name":"wp","href":"https:\/\/api.w.org\/{rel}","templated":true}]}}