{"id":11581,"date":"2019-02-19T10:34:14","date_gmt":"2019-02-19T10:34:14","guid":{"rendered":"http:\/\/www.iceagetv.com\/radiosite\/?p=11581"},"modified":"2019-02-19T10:34:23","modified_gmt":"2019-02-19T10:34:23","slug":"deux-adolescents-interpelles-a-sarcelles-apres-avoir-tire-a-la-carabine-a-plomb-devant-une-synagogue-blessant-legerement-un-homme","status":"publish","type":"post","link":"https:\/\/www.iceagetv.com\/radiosite\/deux-adolescents-interpelles-a-sarcelles-apres-avoir-tire-a-la-carabine-a-plomb-devant-une-synagogue-blessant-legerement-un-homme\/","title":{"rendered":"Deux adolescents interpell\u00e9s \u00e0 Sarcelles apr\u00e8s avoir tir\u00e9 \u00e0 la carabine \u00e0 plomb devant une synagogue, blessant l\u00e9g\u00e8rement un homme"},"content":{"rendered":"\n<p>Deux adolescents ont \u00e9t\u00e9 interpell\u00e9s \u00e0 Sarcelles, en banlieue parisienne, apr\u00e8s avoir tir\u00e9 \u00e0 la carabine \u00e0 plomb devant une synagogue et blessant l\u00e9g\u00e8rement un homme au mollet, a indiqu\u00e9 le parquet.&nbsp;La circonstance aggravante d&rsquo;antis\u00e9mitisme a \u00e9t\u00e9 retenue<\/p>\n\n\n\n<p>Les deux jeunes, \u00e2g\u00e9s de 15 et 16 ans, ont \u00e9t\u00e9 interpell\u00e9s samedi \u00e0 Sarcelles o\u00f9 vit une importante communaut\u00e9 juive, au lendemain des faits, a ajout\u00e9 le parquet, confirmant une information du Parisien. Ils \u00e9taient pr\u00e9sent\u00e9s lundi \u00e0 un juge des enfants. Ils ont reconnu avoir tir\u00e9 depuis le balcon d&rsquo;un immeuble situ\u00e9 en face de la synagogue, a ajout\u00e9 le parquet.<\/p>\n\n\n\n<p>Un homme qui se trouvait devant le lieu de culte a \u00e9t\u00e9 l\u00e9g\u00e8rement bless\u00e9 par un tir. Il souffrait d&rsquo;une \u00ab\u00a0blessure superficielle\u00a0\u00bb, a d\u00e9clar\u00e9 au Parisien le maire (PS) Patrick Haddad, en condamnant l&rsquo;agression.<\/p>\n","protected":false},"excerpt":{"rendered":"<p>Deux adolescents ont \u00e9t\u00e9 interpell\u00e9s \u00e0 Sarcelles, en banlieue parisienne, apr\u00e8s avoir tir\u00e9 \u00e0 la carabine \u00e0 plomb devant une synagogue et blessant l\u00e9g\u00e8rement un homme au mollet, a indiqu\u00e9 le parquet.&nbsp;La circonstance aggravante d&rsquo;antis\u00e9mitisme a \u00e9t\u00e9 retenue Les deux jeunes, \u00e2g\u00e9s de 15 et 16 ans, ont \u00e9t\u00e9 interpell\u00e9s samedi \u00e0 Sarcelles o\u00f9 vit [&hellip;]<\/p>\n","protected":false},"author":2,"featured_media":11582,"comment_status":"open","ping_status":"open","sticky":false,"template":"","format":"standard","meta":{"_jetpack_memberships_contains_paid_content":false,"footnotes":"","jetpack_publicize_message":"","jetpack_publicize_feature_enabled":true,"jetpack_social_post_already_shared":true,"jetpack_social_options":{"image_generator_settings":{"template":"highway","default_image_id":0,"font":"","enabled":false},"version":2},"_wpas_customize_per_network":false},"categories":[405],"tags":[],"class_list":["post-11581","post","type-post","status-publish","format-standard","has-post-thumbnail","hentry","category-actu-france-monde"],"jetpack_publicize_connections":[],"jetpack_featured_media_url":"https:\/\/i0.wp.com\/www.iceagetv.com\/radiosite\/wp-content\/uploads\/2019\/02\/Deux-adolescents-interpell%C3%A9s-%C3%A0-Sarcelles.jpg?fit=750%2C324&ssl=1","jetpack_sharing_enabled":true,"_links":{"self":[{"href":"https:\/\/www.iceagetv.com\/radiosite\/wp-json\/wp\/v2\/posts\/11581","targetHints":{"allow":["GET"]}}],"collection":[{"href":"https:\/\/www.iceagetv.com\/radiosite\/wp-json\/wp\/v2\/posts"}],"about":[{"href":"https:\/\/www.iceagetv.com\/radiosite\/wp-json\/wp\/v2\/types\/post"}],"author":[{"embeddable":true,"href":"https:\/\/www.iceagetv.com\/radiosite\/wp-json\/wp\/v2\/users\/2"}],"replies":[{"embeddable":true,"href":"https:\/\/www.iceagetv.com\/radiosite\/wp-json\/wp\/v2\/comments?post=11581"}],"version-history":[{"count":1,"href":"https:\/\/www.iceagetv.com\/radiosite\/wp-json\/wp\/v2\/posts\/11581\/revisions"}],"predecessor-version":[{"id":11583,"href":"https:\/\/www.iceagetv.com\/radiosite\/wp-json\/wp\/v2\/posts\/11581\/revisions\/11583"}],"wp:featuredmedia":[{"embeddable":true,"href":"https:\/\/www.iceagetv.com\/radiosite\/wp-json\/wp\/v2\/media\/11582"}],"wp:attachment":[{"href":"https:\/\/www.iceagetv.com\/radiosite\/wp-json\/wp\/v2\/media?parent=11581"}],"wp:term":[{"taxonomy":"category","embeddable":true,"href":"https:\/\/www.iceagetv.com\/radiosite\/wp-json\/wp\/v2\/categories?post=11581"},{"taxonomy":"post_tag","embeddable":true,"href":"https:\/\/www.iceagetv.com\/radiosite\/wp-json\/wp\/v2\/tags?post=11581"}],"curies":[{"name":"wp","href":"https:\/\/api.w.org\/{rel}","templated":true}]}}