{"id":11588,"date":"2019-02-19T11:40:26","date_gmt":"2019-02-19T11:40:26","guid":{"rendered":"http:\/\/www.iceagetv.com\/radiosite\/?p=11588"},"modified":"2019-02-19T11:40:32","modified_gmt":"2019-02-19T11:40:32","slug":"karl-lagerfeld-est-mort-a-lage-de-85-ans","status":"publish","type":"post","link":"https:\/\/www.iceagetv.com\/radiosite\/karl-lagerfeld-est-mort-a-lage-de-85-ans\/","title":{"rendered":"Karl Lagerfeld est mort \u00e0 l&rsquo;\u00e2ge de 85 ans"},"content":{"rendered":"\n<p>\n\nApr\u00e8s Azzedine Ala\u00efa, Hubert de Givenchy ou encore Kate Spade, l&rsquo;industrie de la mode perd un autre de ses grands talents. Karl Lagerfeld est mort ce mardi 19 f\u00e9vrier 2019, apr\u00e8s une admission \u00e0 l&rsquo;h\u00f4pital en urgence.<\/p>\n\n\n\n<p>La plan\u00e8te Mode perd une autre de ses ic\u00f4nes.&nbsp;<a href=\"http:\/\/www.purepeople.com\/people\/karl-lagerfeld_p854\">Karl Lagerfeld<\/a>&nbsp;est mort ce mardi 19 f\u00e9vrier. Le couturier avait 85 ans.<\/p>\n\n\n\n<p>La triste nouvelle est tomb\u00e9e ce mardi. Karl Lagerfeld est d\u00e9c\u00e9d\u00e9 dans la matin\u00e9e \u00e0 l&rsquo;H\u00f4pital am\u00e9ricain de Paris, \u00e0 Neuilly-sur-Seine, dans les Hauts-de-Seine (92). Il y a \u00e9t\u00e9 admis en urgence lundi soir. La cause de sa mort n&rsquo;est pas encore connue.<\/p>\n\n\n\n<p>La sant\u00e9 de Karl Lagerfeld est source d&rsquo;inqui\u00e9tude depuis plusieurs semaines. Le directeur artistique de Chanel&nbsp;<a href=\"http:\/\/www.purepeople.com\/article\/fashion-week-carole-bouquet-souriante-sous-la-neige-karl-lagerfeld-absent_a321455\/1\">avait manqu\u00e9<\/a>&nbsp;le d\u00e9fil\u00e9 Haute Couture de la maison parisienne, le mardi 22 janvier. Chanel avait rassur\u00e9 les fans du cr\u00e9ateur en expliquant qu&rsquo;il \u00e9tait simplement fatigu\u00e9.<\/p>\n\n\n\n<p>Quelques semaines plus t\u00f4t, fin novembre, le d\u00e9funt\u00a0<em>Kaiser<\/em>\u00a0avait illumin\u00e9 l&rsquo;avenue des Champs-\u00c9lys\u00e9es\u00a0<a href=\"http:\/\/www.purepeople.com\/article\/karl-lagerfeld-barbu-avec-anne-hidalgo-il-illumine-les-champs-elysees_a314084\/1\">pour les f\u00eates de No\u00ebl<\/a>, en pr\u00e9sence de la maire de Paris, Anne Hidalgo.<\/p>\n\n\n\n<p>Outre Chanel, Karl Lagerfeld exer\u00e7ait \u00e9galement au sein de la griffe romaine Fendi, qui d\u00e9voilera sa collection pr\u00eat-\u00e0-porter pour les saisons automne-hiver 2019-2020 ce jeudi 21 f\u00e9vrier.<\/p>\n\n\n\n<p>Karl Lagerfeld avait 85 ans et pas d&rsquo;enfant. Il laisse son filleul Hudson Kroenig, fils du top model Brad Kroenig,&nbsp;<a href=\"http:\/\/www.purepeople.com\/article\/sebastien-jondeau-le-bras-droit-de-karl-lagerfeld-un-ex-enfant-de-la-rue_a309224\/1\">son fid\u00e8le bras droit<\/a>&nbsp;S\u00e9bastien Jondeau et&nbsp;<a href=\"http:\/\/www.purepeople.com\/article\/karl-lagerfeld-gouter-d-anniversaire-en-famille-pour-sa-chatte-choupette_a300419\/1\">sa chatte, Choupette<\/a>, \u00e0 laquelle il \u00e9tait tr\u00e8s attach\u00e9.<\/p>\n","protected":false},"excerpt":{"rendered":"<p>Apr\u00e8s Azzedine Ala\u00efa, Hubert de Givenchy ou encore Kate Spade, l&rsquo;industrie de la mode perd un autre de ses grands talents. Karl Lagerfeld est mort ce mardi 19 f\u00e9vrier 2019, apr\u00e8s une admission \u00e0 l&rsquo;h\u00f4pital en urgence. La plan\u00e8te Mode perd une autre de ses ic\u00f4nes.&nbsp;Karl Lagerfeld&nbsp;est mort ce mardi 19 f\u00e9vrier. Le couturier avait [&hellip;]<\/p>\n","protected":false},"author":2,"featured_media":11589,"comment_status":"open","ping_status":"open","sticky":false,"template":"","format":"standard","meta":{"_jetpack_memberships_contains_paid_content":false,"footnotes":"","jetpack_publicize_message":"","jetpack_publicize_feature_enabled":true,"jetpack_social_post_already_shared":true,"jetpack_social_options":{"image_generator_settings":{"template":"highway","default_image_id":0,"font":"","enabled":false},"version":2},"_wpas_customize_per_network":false},"categories":[68],"tags":[],"class_list":["post-11588","post","type-post","status-publish","format-standard","has-post-thumbnail","hentry","category-actu-culturelle"],"jetpack_publicize_connections":[],"jetpack_featured_media_url":"https:\/\/i0.wp.com\/www.iceagetv.com\/radiosite\/wp-content\/uploads\/2019\/02\/Karl-Lagerfeld.jpg?fit=680%2C382&ssl=1","jetpack_sharing_enabled":true,"_links":{"self":[{"href":"https:\/\/www.iceagetv.com\/radiosite\/wp-json\/wp\/v2\/posts\/11588","targetHints":{"allow":["GET"]}}],"collection":[{"href":"https:\/\/www.iceagetv.com\/radiosite\/wp-json\/wp\/v2\/posts"}],"about":[{"href":"https:\/\/www.iceagetv.com\/radiosite\/wp-json\/wp\/v2\/types\/post"}],"author":[{"embeddable":true,"href":"https:\/\/www.iceagetv.com\/radiosite\/wp-json\/wp\/v2\/users\/2"}],"replies":[{"embeddable":true,"href":"https:\/\/www.iceagetv.com\/radiosite\/wp-json\/wp\/v2\/comments?post=11588"}],"version-history":[{"count":1,"href":"https:\/\/www.iceagetv.com\/radiosite\/wp-json\/wp\/v2\/posts\/11588\/revisions"}],"predecessor-version":[{"id":11590,"href":"https:\/\/www.iceagetv.com\/radiosite\/wp-json\/wp\/v2\/posts\/11588\/revisions\/11590"}],"wp:featuredmedia":[{"embeddable":true,"href":"https:\/\/www.iceagetv.com\/radiosite\/wp-json\/wp\/v2\/media\/11589"}],"wp:attachment":[{"href":"https:\/\/www.iceagetv.com\/radiosite\/wp-json\/wp\/v2\/media?parent=11588"}],"wp:term":[{"taxonomy":"category","embeddable":true,"href":"https:\/\/www.iceagetv.com\/radiosite\/wp-json\/wp\/v2\/categories?post=11588"},{"taxonomy":"post_tag","embeddable":true,"href":"https:\/\/www.iceagetv.com\/radiosite\/wp-json\/wp\/v2\/tags?post=11588"}],"curies":[{"name":"wp","href":"https:\/\/api.w.org\/{rel}","templated":true}]}}