{"id":11592,"date":"2019-02-20T16:52:39","date_gmt":"2019-02-20T16:52:39","guid":{"rendered":"http:\/\/www.iceagetv.com\/radiosite\/?p=11592"},"modified":"2019-02-20T16:52:48","modified_gmt":"2019-02-20T16:52:48","slug":"affaire-fiona-la-cour-de-cassation-ordonne-un-nouveau-proces-cecile-bourgeon-va-sortir-de-prison","status":"publish","type":"post","link":"https:\/\/www.iceagetv.com\/radiosite\/affaire-fiona-la-cour-de-cassation-ordonne-un-nouveau-proces-cecile-bourgeon-va-sortir-de-prison\/","title":{"rendered":"Affaire Fiona: La Cour de cassation ordonne un nouveau proc\u00e8s, C\u00e9cile Bourgeon va sortir de prison"},"content":{"rendered":"\n<p>Elle devrait sortir ce mercredi soir.\u00a0La Cour de cassation vient d\u2019ordonner la tenue d\u2019un nouveau\u00a0proc\u00e8s en appel dans l\u2019affaire de la mort\u00a0<a href=\"https:\/\/www.20minutes.fr\/societe\/fiona\/\">de la petite Fiona.<\/a>\u00a0Cela ouvre\u00a0automatiquement la voie \u00e0\u00a0une lib\u00e9ration imm\u00e9diate de\u00a0<a href=\"https:\/\/www.20minutes.fr\/dossier\/cecile_bourgeon\">C\u00e9cile Bourgeon, sa m\u00e8re,\u00a0<\/a>qui purgeait jusqu\u2019ici une peine \u00e0 la\u00a0<a rel=\"noreferrer noopener\" href=\"http:\/\/www.annuaires.justice.gouv.fr\/etablissements-penitentiaires-10113\/direction-interregionale-de-lyon-10125\/ma-lyon-corbas-10773.html\" target=\"_blank\">maison d\u2019arr\u00eat de Lyon-Corbas (Rh\u00f4ne).<\/a>\u00a0Condamn\u00e9e en appel \u00e0\u00a0<a href=\"https:\/\/www.20minutes.fr\/societe\/2218647-20180211-affaire-fiona-cecile-bourgeon-berkane-makhlouf-condamnes-20-ans-reclusion\">20 ans de r\u00e9clusion criminelle par la cour d&rsquo;assises de la Haute-Loire en f\u00e9vrier 2018,<\/a>\u00a0C\u00e9cile Bourgeon avait form\u00e9 un pourvoi en cassation,\u00a0<a href=\"https:\/\/www.20minutes.fr\/justice\/2400827-20181220-affaire-fiona-cecile-bourgeon-pourrait-sortir-prison-janvier-grace-cour-cassation\">estimant que le proc\u00e8s avait \u00e9t\u00e9 entach\u00e9 de plusieurs irr\u00e9gularit\u00e9s.<\/a><br>Le verdict rendu en\u00a0appel \u00e9tant cass\u00e9, c\u2019est d\u00e9sormais la d\u00e9cision du proc\u00e8s en premi\u00e8re instance qui s\u2019applique. Lors de ce proc\u00e8s \u00e0 Riom en 2016,\u00a0<a href=\"https:\/\/www.20minutes.fr\/societe\/1970395-20161128-affaire-fiona-pourquoi-verdict-suscite-autant-emotions\">C\u00e9cile Bourgeon avait \u00e9t\u00e9 condamn\u00e9 \u00e0 cinq ans de prison pour des d\u00e9lits et acquitt\u00e9e des coups ayant entra\u00een\u00e9 la mort de Fiona.<\/a>\u00a0Ayant d\u00e9j\u00e0 pass\u00e9 plus de cinq ans derri\u00e8re les barreaux, elle peut imm\u00e9diatement sortir de prison et pourra compara\u00eetre libre lors du prochain proc\u00e8s en appel. A l\u2019inverse, Berkane Makhlouf, son ancien compagnon, avait \u00e9cop\u00e9 d\u2019une peine de 20 ans de r\u00e9clusion lors du premier proc\u00e8s et ne pourra donc pas pr\u00e9tendre \u00e0 une lib\u00e9ration.<\/p>\n\n\n\n<h2 class=\"wp-block-heading\">ers un nouveau proc\u00e8s \u00e0 Lyon dans quelques mois&nbsp;?<\/h2>\n\n\n\n<p>\u00ab\u00a0La lib\u00e9ration de C\u00e9cile Bourgeon est d\u2019abord une immense satisfaction professionnelle pour nous qui sommes \u00e0 ses c\u00f4t\u00e9s depuis de longues ann\u00e9es, ont r\u00e9agi Gilles-Jean et Renaud Portejoie, ses avocats dans un communiqu\u00e9. C\u2019est aussi et surtout la victoire du droit et des principes cardinaux de notre proc\u00e9dure p\u00e9nale sur les a priori et\u00a0<a href=\"https:\/\/www.20minutes.fr\/societe\/2266495-20180505-affaire-fiona-cecile-bourgeon-demande-etre-hypnotisee-localiser-corps-fille\">fantasmes v\u00e9hicul\u00e9s par l&rsquo;opinion publique et relay\u00e9s par les parties civiles. \u00bb<\/a>\u00a0A l\u2019inverse, Marie Grimaud, avocate de l\u2019association Innocence en danger, partie civile dans cette proc\u00e9dure, a d\u00e9plor\u00e9 le fait que \u00ab\u00a0la d\u00e9fense ait profit\u00e9 des largesses du Code p\u00e9nal pour obtenir cette d\u00e9cision\u00a0\u00bb. Selon elle, \u00ab\u00a0c\u2019est la porte ouverte \u00e0 un cinqui\u00e8me, un sixi\u00e8me voire un septi\u00e8me proc\u00e8s\u2026\u00a0\u00bb<br>Selon nos informations, le nouveau proc\u00e8s en appel pourrait se tenir devant la cour d\u2019appel de Lyon d\u00e8s cette ann\u00e9e. Selon une source proche du dossier, il pourrait m\u00eame se tenir d\u00e8s le mois de juin pour une dur\u00e9e de quinze jours. Lors du proc\u00e8s \u00e0 Riom (Puy-de-D\u00f4me) en 2016, C\u00e9cile Bourgeon avait indiqu\u00e9 que si elle sortait un jour de prison, elle prendrait sa voiture pour aller chercher l\u2019endroit o\u00f9 elle a enterr\u00e9 le corps de Fiona, en 2013. Ag\u00e9e de cinq ans \u00e0 l\u2019\u00e9poque, la fillette avait \u00e9t\u00e9 ensevelie en bordure d\u2019une for\u00eat apr\u00e8s avoir \u00e9t\u00e9 victime de violences. Son corps n\u2019a jamais \u00e9t\u00e9 retrouv\u00e9. Depuis,\u00a0<a href=\"https:\/\/www.20minutes.fr\/societe\/2266495-20180505-affaire-fiona-cecile-bourgeon-demande-etre-hypnotisee-localiser-corps-fille\">sa m\u00e8re a \u00e9galement \u00e9mis le souhait d&rsquo;\u00eatre hypnotis\u00e9e pour enfin se souvenir de l&rsquo;endroit<\/a>\u00a0o\u00f9 elle a d\u00e9pos\u00e9 son cadavre il y a plus de cinq ans.<\/p>\n","protected":false},"excerpt":{"rendered":"<p>Elle devrait sortir ce mercredi soir.\u00a0La Cour de cassation vient d\u2019ordonner la tenue d\u2019un nouveau\u00a0proc\u00e8s en appel dans l\u2019affaire de la mort\u00a0de la petite Fiona.\u00a0Cela ouvre\u00a0automatiquement la voie \u00e0\u00a0une lib\u00e9ration imm\u00e9diate de\u00a0C\u00e9cile Bourgeon, sa m\u00e8re,\u00a0qui purgeait jusqu\u2019ici une peine \u00e0 la\u00a0maison d\u2019arr\u00eat de Lyon-Corbas (Rh\u00f4ne).\u00a0Condamn\u00e9e en appel \u00e0\u00a020 ans de r\u00e9clusion criminelle par la cour [&hellip;]<\/p>\n","protected":false},"author":2,"featured_media":11593,"comment_status":"open","ping_status":"open","sticky":false,"template":"","format":"standard","meta":{"_jetpack_memberships_contains_paid_content":false,"footnotes":"","jetpack_publicize_message":"","jetpack_publicize_feature_enabled":true,"jetpack_social_post_already_shared":true,"jetpack_social_options":{"image_generator_settings":{"template":"highway","default_image_id":0,"font":"","enabled":false},"version":2},"_wpas_customize_per_network":false},"categories":[405],"tags":[],"class_list":["post-11592","post","type-post","status-publish","format-standard","has-post-thumbnail","hentry","category-actu-france-monde"],"jetpack_publicize_connections":[],"jetpack_featured_media_url":"https:\/\/i0.wp.com\/www.iceagetv.com\/radiosite\/wp-content\/uploads\/2019\/02\/Affaire-Fiona.jpg?fit=640%2C410&ssl=1","jetpack_sharing_enabled":true,"_links":{"self":[{"href":"https:\/\/www.iceagetv.com\/radiosite\/wp-json\/wp\/v2\/posts\/11592","targetHints":{"allow":["GET"]}}],"collection":[{"href":"https:\/\/www.iceagetv.com\/radiosite\/wp-json\/wp\/v2\/posts"}],"about":[{"href":"https:\/\/www.iceagetv.com\/radiosite\/wp-json\/wp\/v2\/types\/post"}],"author":[{"embeddable":true,"href":"https:\/\/www.iceagetv.com\/radiosite\/wp-json\/wp\/v2\/users\/2"}],"replies":[{"embeddable":true,"href":"https:\/\/www.iceagetv.com\/radiosite\/wp-json\/wp\/v2\/comments?post=11592"}],"version-history":[{"count":1,"href":"https:\/\/www.iceagetv.com\/radiosite\/wp-json\/wp\/v2\/posts\/11592\/revisions"}],"predecessor-version":[{"id":11594,"href":"https:\/\/www.iceagetv.com\/radiosite\/wp-json\/wp\/v2\/posts\/11592\/revisions\/11594"}],"wp:featuredmedia":[{"embeddable":true,"href":"https:\/\/www.iceagetv.com\/radiosite\/wp-json\/wp\/v2\/media\/11593"}],"wp:attachment":[{"href":"https:\/\/www.iceagetv.com\/radiosite\/wp-json\/wp\/v2\/media?parent=11592"}],"wp:term":[{"taxonomy":"category","embeddable":true,"href":"https:\/\/www.iceagetv.com\/radiosite\/wp-json\/wp\/v2\/categories?post=11592"},{"taxonomy":"post_tag","embeddable":true,"href":"https:\/\/www.iceagetv.com\/radiosite\/wp-json\/wp\/v2\/tags?post=11592"}],"curies":[{"name":"wp","href":"https:\/\/api.w.org\/{rel}","templated":true}]}}