{"id":11599,"date":"2019-02-20T17:05:10","date_gmt":"2019-02-20T17:05:10","guid":{"rendered":"http:\/\/www.iceagetv.com\/radiosite\/?p=11599"},"modified":"2019-02-20T17:05:15","modified_gmt":"2019-02-20T17:05:15","slug":"affaire-benalla-une-enquete-a-ete-ouverte-par-le-parquet-de-paris-pour-entrave-a-la-manifestation-de-la-verite-le-porte-parole-du-gouvernement-denonce-beaucoup-de-contreverites","status":"publish","type":"post","link":"https:\/\/www.iceagetv.com\/radiosite\/affaire-benalla-une-enquete-a-ete-ouverte-par-le-parquet-de-paris-pour-entrave-a-la-manifestation-de-la-verite-le-porte-parole-du-gouvernement-denonce-beaucoup-de-contreverites\/","title":{"rendered":"Affaire Benalla: Une enqu\u00eate a \u00e9t\u00e9 ouverte par le parquet de Paris pour \u00ab\u00a0entrave \u00e0 la manifestation de la v\u00e9rit\u00e9\u00a0\u00bb &#8211; Le porte-parole du gouvernement d\u00e9nonce \u00ab\u00a0beaucoup de contrev\u00e9rit\u00e9s\u00a0\u00bb"},"content":{"rendered":"\n<p><strong>Le parquet de Paris a annonc\u00e9 aujourd&rsquo;hui avoir ouvert la semaine derni\u00e8re une enqu\u00eate pr\u00e9liminaire pour d\u00e9terminer s&rsquo;il y a pu avoir des \u00ab\u00a0dissimulations de preuves\u00a0\u00bb dans le cadre des diff\u00e9rentes enqu\u00eates visant Alexandre Benalla et son entourage.<br><\/strong>Cette enqu\u00eate ouverte vendredi 15 f\u00e9vrier a \u00e9t\u00e9 confi\u00e9e \u00e0 la brigade criminelle. Elle vise notamment des propos tenus en garde \u00e0 vue par l&rsquo;ex-charg\u00e9 de mission \u00e0 l&rsquo;Elys\u00e9e sur son coffre-fort, qui n&rsquo;a jamais \u00e9t\u00e9 retrouv\u00e9 par les enqu\u00eateurs, mais aussi les enregistrements de ses conversations avec son ami Vincent Crase dans lesquelles ils \u00e9voquent des messages effac\u00e9s de leur t\u00e9l\u00e9phone, a indiqu\u00e9 une source proche du dossier \u00e0 l&rsquo;AFP.<\/p>\n\n\n\n<p><strong>Benjamin Griveaux, porte-parole du gouvernement: \u00ab\u00a0La justice ne re\u00e7oit d&rsquo;ordre de personne, elle est ind\u00e9pendante.\u00a0\u00bb<\/strong><\/p>\n\n\n\n<p><strong>\u00ab\u00a0L&rsquo;Elys\u00e9e aura l&rsquo;occasion d&rsquo;apporter des r\u00e9ponses factuelles\u00a0\u00bb<\/strong><br><strong>Le gouvernement va apporter \u00ab\u00a0des explications factuelles \u00e0 un certain nombre de contre-v\u00e9rit\u00e9s qui se trouvent dans le rapport\u00a0\u00bb s\u00e9natorial, a-t-il ajout\u00e9.<\/strong><br>La conf\u00e9rence de presse de la commission d&rsquo;enqu\u00eate du S\u00e9nat vient de se terminer<br>Il y a toute une s\u00e9rie d&rsquo;\u00e9l\u00e9ments dans notre rapport qui peuvent donner lieu \u00e0 une s\u00e9rie d&rsquo;investigations\u00a0\u00bb (Jean-Pierre Sueur)<\/p>\n\n\n\n<p><strong>Ce qu&rsquo;il faut retenir de la conf\u00e9rence de presse de la commission d&rsquo;enqu\u00eate du S\u00e9nat<br><\/strong><\/p>\n\n\n\n<p>\u00abDysfonctionnement majeur au sommet de l\u2019\u00c9tat\u00bb: la Commission des lois du S\u00e9nat a frapp\u00e9 un grand coup mercredi en demandant des poursuites contre l\u2019ex-collaborateur d\u2019Emmanuel Macron, Alexandre Benalla, mais aussi la saisine de la justice sur les d\u00e9clarations des principaux collaborateurs du pr\u00e9sident.<\/p>\n\n\n\n<p>\u00abLa s\u00e9curit\u00e9 du pr\u00e9sident de la R\u00e9publique a \u00e9t\u00e9 affect\u00e9e\u00bb, a affirm\u00e9 le pr\u00e9sident de la commission d\u2019enqu\u00eate Philippe Bas, en pr\u00e9sentant le rapport de la commission d\u2019enqu\u00eate \u00e0 la presse.<\/p>\n\n\n\n<p>Apr\u00e8s six mois de travaux, 40 personnes entendues au cours de 34 auditions, la Commission s\u00e9natoriale a rendu ses conclusions mercredi, alors que M. Benalla et Crase, au centre de l\u2019affaire la plus retentissante du quinquennat Macron, ont dormi en prison mardi soir, apr\u00e8s la r\u00e9vocation de leur contr\u00f4le judiciaire.<\/p>\n\n\n\n<p>Dans une lettre au pr\u00e9sident du S\u00e9nat G\u00e9rard Larcher, les membres de la commission pr\u00e9sid\u00e9e par Philippe Bas (LR) demandent de \u00absaisir le minist\u00e8re public des d\u00e9clarations\u00bb des deux int\u00e9ress\u00e9s. Ils soup\u00e7onnent un \u00abfaux t\u00e9moignage\u00bb de M. Benalla sur le \u00abp\u00e9rim\u00e8tre de ses fonctions\u00bb \u00e0 l\u2019Elys\u00e9e et \u00abson r\u00f4le dans le dispositif de s\u00e9curit\u00e9 du chef de l\u2019\u00c9tat\u00bb, mais aussi sur l\u2019utilisation de ses passeports diplomatiques.<\/p>\n\n\n\n<p>M. Benalla et M. Crase sont en outre soup\u00e7onn\u00e9s d\u2019avoir menti au sujet du contrat de s\u00e9curit\u00e9 priv\u00e9e pour le compte du Russie Iskander Makhmudov, alors que les r\u00e9v\u00e9lations de Mediapart, peut-on lire dans la lettre, laissent supposer \u00abl\u2019implication de M. Alexandre Benalla dans la n\u00e9gociation dudit contrat alors que ce dernier \u00e9tait encore en fonction \u00e0 l\u2019Elys\u00e9e\u00bb.<\/p>\n\n\n\n<p>Dans l\u2019enregistrement sonore publi\u00e9 par le site d\u2019information, les deux hommes \u00e9voquent les r\u00e9percussions de leurs ennuis judiciaires sur la soci\u00e9t\u00e9 de M. Crase, engag\u00e9e dans un contrat de s\u00e9curit\u00e9 avec le milliardaire russe. Contrat qui fait aujourd\u2019hui l\u2019objet d\u2019une enqu\u00eate r\u00e9cente du parquet national financier. Le faux t\u00e9moignage devant une commission d\u2019enqu\u00eate parlementaire est puni de cinq, voire sept ans d\u2019emprisonnement, rappelle la Commission.<\/p>\n\n\n\n<p>Tout aussi explosif pour Emmanuel Macron, les commissaires demandent au bureau du S\u00e9nat de saisir la justice pour v\u00e9rifier \u00abun certain nombre d\u2019omissions, d\u2019incoh\u00e9rences et de contradictions\u00bb relev\u00e9es lors des auditions des plus hauts collaborateurs du chef de l\u2019\u00c9tat.<\/p>\n\n\n\n<p>Sont nomm\u00e9s le secr\u00e9taire g\u00e9n\u00e9ral de l\u2019Elys\u00e9e Alexis Kohler et le chef de cabinet Patrick Strzoda, mais aussi le chef du groupe de s\u00e9curit\u00e9 de la pr\u00e9sidence, le g\u00e9n\u00e9ral Lionel Lavergne.<\/p>\n\n\n\n<p>La d\u00e9cision finale de saisir ou non la justice reviendra au Bureau du S\u00e9nat.<\/p>\n\n\n\n<p>D\u2019une mani\u00e8re g\u00e9n\u00e9rale, la Commission pointe une s\u00e9rie de \u00abdysfonctionnements majeurs au sein des services de l\u2019Etat\u00bb qui ont pu \u00abaffecter\u00bb la s\u00e9curit\u00e9 du pr\u00e9sident et \u00ables int\u00e9r\u00eats\u00bb du pays, \u00e9voquant des \u00abpouvoirs excessifs laiss\u00e9s \u00e0 un collaborateur inexp\u00e9riment\u00e9\u00bb et un \u00abs\u00e9rieux manque de pr\u00e9caution dans la pr\u00e9vention des conflits d\u2019int\u00e9r\u00eats de certains collaborateurs\u00bb, en r\u00e9f\u00e9rence au contrat russe.<\/p>\n\n\n\n<p>Elle plaide pour la fin des \u00abcollaborateurs officieux\u00bb au sein de la pr\u00e9sidence de la R\u00e9publique.<\/p>\n\n\n\n<p>L\u2019affaire Benalla et ses ramifications n\u2019en finissent plus d\u2019embarrasser l\u2019Elys\u00e9e depuis l\u2019identification, le 18 juillet par le Monde, de ce proche collaborateur du pr\u00e9sident en train de molester des manifestants le 1er mai \u00e0 Paris.<\/p>\n\n\n\n<p>A l\u2019Elys\u00e9e, par ailleurs confront\u00e9 depuis trois mois \u00e0 la crise in\u00e9dite des \u00abgilets jaunes\u00bb, un vaste mouvement de remaniement des \u00e9quipes semble engag\u00e9.<\/p>\n\n\n\n<p>La pr\u00e9sidence a notamment d\u00e9j\u00e0 enregistr\u00e9 le d\u00e9part de la \u00abplume\u00bb Sylvain Fort et du conseiller sp\u00e9cial du pr\u00e9sident Isma\u00ebl Emelien. Le conseiller politique St\u00e9phane S\u00e9journ\u00e9 est parti diriger la campagne de La R\u00e9publique en marche pour les europ\u00e9ennes. Celui d\u2019Alexis Kohler est r\u00e9guli\u00e8rement \u00e9voqu\u00e9e dans la presse. L\u2019Elys\u00e9e a par ailleurs recrut\u00e9 un directeur g\u00e9n\u00e9ral des services, J\u00e9r\u00f4me Rivoisy.<\/p>\n\n\n\n<p>Au plan politique, l\u2019affaire a \u00e9galement entra\u00een\u00e9 l\u2019abandon de la r\u00e9vision constitutionnelle, les oppositions exigeant une enqu\u00eate parlementaire.<\/p>\n\n\n\n<p>Une commission d\u2019enqu\u00eate de l\u2019Assembl\u00e9e, domin\u00e9e par la majorit\u00e9 En Marche, a fait long feu au grand dam des oppositions.<\/p>\n\n\n\n<p>Aurore Berg\u00e9, porte-parole de La R\u00e9publique en marche, a estim\u00e9 mercredi que la commission d\u2019enqu\u00eate du S\u00e9nat a \u00abvoulu faire de la politique\u00bb et cr\u00e9e un \u00abpr\u00e9c\u00e9dent dangereux\u00bb.<\/p>\n\n\n\n<p>La ministre de la Justice Nicole Belloubet a elle estim\u00e9 que la justice n\u2019\u00e9tait pas \u00absous pression\u00bb, contrairement \u00e0 ce qu\u2019avait affirm\u00e9 l\u2019avocate d\u2019Alexandre Benalla.<\/p>\n\n\n\n<p><strong>12h02:<\/strong>&nbsp;\u00ab\u00a0Le renouvellement du premier passeport diplomatique a \u00e9t\u00e9 fait le 24 mai 2018 alors qu&rsquo;il n&rsquo;aurait du conserver aucun r\u00f4le en mati\u00e8re de d\u00e9placements internationaux\u00a0\u00bb (Murielle Jourda)<\/p>\n\n\n\n<p><strong>11h48:<\/strong>&nbsp;\u00ab\u00a0Ce qui est frappant dans cette affaire, c&rsquo;est que d\u00e8s lors qu&rsquo;il est apparu que Monsieur Benallla disposait d&rsquo;une protection, sans que cela ait \u00e9t\u00e9 formalis\u00e9, tout s&rsquo;est mis \u00e0 dysfonctionner\u00a0\u00bb, d\u00e9clare Jean-Pierre Sueur.<\/p>\n\n\n\n<p>Et d&rsquo;ajouter : \u00ab\u00a0Contrairement \u00e0 ce qui a \u00e9t\u00e9 dit sous serment devant notre commission, une mission sp\u00e9cifique de coordination des services de s\u00e9curit\u00e9 du Pr\u00e9sident de la R\u00e9publique lui a \u00e9t\u00e9 confi\u00e9e. Il l&rsquo;a exerc\u00e9 seul sous contr\u00f4le du directeur de cabinet\u00a0\u00bb.<\/p>\n\n\n\n<p>\u00ab\u00a0Le permis de port d&rsquo;armes lui a \u00e9t\u00e9 attribu\u00e9 par la pr\u00e9fecture de police dans des conditions d\u00e9rogatoires au droit commun. Il envisageait m\u00eame, \u00e0 d\u00e9faut, un d\u00e9cret secret du Pr\u00e9sident de la R\u00e9publique pour l&rsquo;autoriser \u00e0 porter une arme.\u00a0\u00bb<\/p>\n","protected":false},"excerpt":{"rendered":"<p>Le parquet de Paris a annonc\u00e9 aujourd&rsquo;hui avoir ouvert la semaine derni\u00e8re une enqu\u00eate pr\u00e9liminaire pour d\u00e9terminer s&rsquo;il y a pu avoir des \u00ab\u00a0dissimulations de preuves\u00a0\u00bb dans le cadre des diff\u00e9rentes enqu\u00eates visant Alexandre Benalla et son entourage.Cette enqu\u00eate ouverte vendredi 15 f\u00e9vrier a \u00e9t\u00e9 confi\u00e9e \u00e0 la brigade criminelle. Elle vise notamment des propos [&hellip;]<\/p>\n","protected":false},"author":2,"featured_media":11600,"comment_status":"open","ping_status":"open","sticky":false,"template":"","format":"standard","meta":{"_jetpack_memberships_contains_paid_content":false,"footnotes":"","jetpack_publicize_message":"","jetpack_publicize_feature_enabled":true,"jetpack_social_post_already_shared":true,"jetpack_social_options":{"image_generator_settings":{"template":"highway","default_image_id":0,"font":"","enabled":false},"version":2},"_wpas_customize_per_network":false},"categories":[405],"tags":[],"class_list":["post-11599","post","type-post","status-publish","format-standard","has-post-thumbnail","hentry","category-actu-france-monde"],"jetpack_publicize_connections":[],"jetpack_featured_media_url":"https:\/\/i0.wp.com\/www.iceagetv.com\/radiosite\/wp-content\/uploads\/2019\/02\/Affaire-Benalla-1.jpg?fit=774%2C333&ssl=1","jetpack_sharing_enabled":true,"_links":{"self":[{"href":"https:\/\/www.iceagetv.com\/radiosite\/wp-json\/wp\/v2\/posts\/11599","targetHints":{"allow":["GET"]}}],"collection":[{"href":"https:\/\/www.iceagetv.com\/radiosite\/wp-json\/wp\/v2\/posts"}],"about":[{"href":"https:\/\/www.iceagetv.com\/radiosite\/wp-json\/wp\/v2\/types\/post"}],"author":[{"embeddable":true,"href":"https:\/\/www.iceagetv.com\/radiosite\/wp-json\/wp\/v2\/users\/2"}],"replies":[{"embeddable":true,"href":"https:\/\/www.iceagetv.com\/radiosite\/wp-json\/wp\/v2\/comments?post=11599"}],"version-history":[{"count":1,"href":"https:\/\/www.iceagetv.com\/radiosite\/wp-json\/wp\/v2\/posts\/11599\/revisions"}],"predecessor-version":[{"id":11601,"href":"https:\/\/www.iceagetv.com\/radiosite\/wp-json\/wp\/v2\/posts\/11599\/revisions\/11601"}],"wp:featuredmedia":[{"embeddable":true,"href":"https:\/\/www.iceagetv.com\/radiosite\/wp-json\/wp\/v2\/media\/11600"}],"wp:attachment":[{"href":"https:\/\/www.iceagetv.com\/radiosite\/wp-json\/wp\/v2\/media?parent=11599"}],"wp:term":[{"taxonomy":"category","embeddable":true,"href":"https:\/\/www.iceagetv.com\/radiosite\/wp-json\/wp\/v2\/categories?post=11599"},{"taxonomy":"post_tag","embeddable":true,"href":"https:\/\/www.iceagetv.com\/radiosite\/wp-json\/wp\/v2\/tags?post=11599"}],"curies":[{"name":"wp","href":"https:\/\/api.w.org\/{rel}","templated":true}]}}