{"id":11606,"date":"2019-02-21T08:58:49","date_gmt":"2019-02-21T08:58:49","guid":{"rendered":"http:\/\/www.iceagetv.com\/radiosite\/?p=11606"},"modified":"2019-02-21T08:58:52","modified_gmt":"2019-02-21T08:58:52","slug":"la-france-va-mettre-en-oeuvre-une-definition-de-lantisemitisme-integrant-lantisionisme","status":"publish","type":"post","link":"https:\/\/www.iceagetv.com\/radiosite\/la-france-va-mettre-en-oeuvre-une-definition-de-lantisemitisme-integrant-lantisionisme\/","title":{"rendered":"La France va mettre en \u0153uvre une d\u00e9finition de l\u2019antis\u00e9mitisme int\u00e9grant l\u2019antisionisme"},"content":{"rendered":"\n<p>C\u2019est l\u2019une des mesures annonc\u00e9es mercredi soir par&nbsp;<a href=\"https:\/\/www.20minutes.fr\/politique\/emmanuel-macron\/\">Emmanuel Macron<\/a>. La France va mettre en \u0153uvre une d\u00e9finition de&nbsp;<a href=\"https:\/\/www.20minutes.fr\/dossier\/antisemitisme\">l\u2019antis\u00e9mitisme&nbsp;<\/a>\u00e9largie \u00e0 l\u2019antisionisme, sans toutefois modifier le Code p\u00e9nal, a-t-il pr\u00e9cis\u00e9&nbsp;<a href=\"https:\/\/www.20minutes.fr\/politique\/2456047-20190220-emmanuel-macron-deplore-resurgence-antisemitisme-doute-inedite-depuis-seconde-guerre-mondiale\">lors de son discours&nbsp;<\/a>au d\u00eener du&nbsp;<a href=\"https:\/\/www.20minutes.fr\/dossier\/crif\">Conseil repr\u00e9sentatif des institutions juives de France<\/a>&nbsp;(Crif) \u00e0 Paris.<\/p>\n\n\n\n<p>\u00ab&nbsp;La France, qui l\u2019a endoss\u00e9e en d\u00e9cembre avec ses partenaires europ\u00e9ens, mettra en \u0153uvre la d\u00e9finition de l\u2019antis\u00e9mitisme adopt\u00e9e par l\u2019Alliance internationale pour la m\u00e9moire de la Shoah&nbsp;\u00bb [qui int\u00e8gre l\u2019antisionisme], a dit le chef de l\u2019\u00c9tat, en martelant que \u00ab&nbsp;l\u2019antisionisme est une des formes modernes de l\u2019antis\u00e9mitisme&nbsp;\u00bb.<\/p>\n\n\n\n<p>Il s\u2019agit de recommandations, qui permettront de mieux former les agents publics, les policiers ou les enseignants \u00e0 lutter contre l\u2019antis\u00e9mitisme, mais pas d\u2019une modification des textes juridiques, a expliqu\u00e9 l\u2019Elys\u00e9e.<\/p>\n\n\n\n<h2 class=\"wp-block-heading\">\u00ab&nbsp;Une r\u00e9surgence de l\u2019antis\u00e9mitisme sans doute in\u00e9dite depuis guerre&nbsp;\u00bb<\/h2>\n\n\n\n<p>Le pr\u00e9sident de la R\u00e9publique, qui a d\u00e9plor\u00e9 \u00ab&nbsp;une r\u00e9surgence de l\u2019antis\u00e9mitisme sans doute in\u00e9dite depuis la Seconde guerre mondiale&nbsp;\u00bb, avait fait part de cette d\u00e9cision un peu plus t\u00f4t au Premier ministre isra\u00e9lien, Benjamin Netanyahou.<\/p>\n\n\n\n<p>\u00ab&nbsp;Le pr\u00e9sident Macron a inform\u00e9 le Premier ministre qu\u2019il allait adopter la d\u00e9finition de l\u2019antis\u00e9mitisme de l\u2019Alliance internationale pour la m\u00e9moire de l\u2019Holocauste (IHRA), qui a fix\u00e9 que l\u2019antisionisme est une forme d\u2019antis\u00e9mitisme&nbsp;\u00bb, a affirm\u00e9 un communiqu\u00e9 du bureau de Benjamin Netanyahou. Celui-ci a exprim\u00e9 son \u00ab&nbsp;estime&nbsp;\u00bb pour cette d\u00e9cision, selon le communiqu\u00e9.<\/p>\n\n\n\n<p>Quelques minutes avant le discours d\u2019Emmanuel Macron, le pr\u00e9sident du Crif, Francis Kalifat, en avait fait la demande. \u00ab&nbsp;A l\u2019unisson des autres pays europ\u00e9ens, la France a vot\u00e9 en faveur de cette d\u00e9finition lors de son adoption par l\u2019IHRA en 2016 et encore tout r\u00e9cemment fin 2018 dans la r\u00e9solution du Conseil europ\u00e9en sur la lutte conte l\u2019antis\u00e9mitisme. Conform\u00e9ment aux recommandations du Parlement europ\u00e9en et du Conseil europ\u00e9en, plusieurs Etats membres l\u2019ont d\u00e9j\u00e0 int\u00e9gr\u00e9e dans leurs propres textes de r\u00e9f\u00e9rence&nbsp;\u00bb, avait-il dit.<\/p>\n\n\n\n<h2 class=\"wp-block-heading\">\u00ab&nbsp;La honte doit changer de camp&nbsp;\u00bb<\/h2>\n\n\n\n<p>Emmanuel Macron a \u00e9galement annonc\u00e9 un \u00ab&nbsp;audit&nbsp;\u00bb des \u00e9tablissements touch\u00e9s par \u00ab&nbsp;la d\u00e9scolarisation des enfants de confession juive&nbsp;\u00bb et demand\u00e9 la dissolution de trois associations d\u2019extr\u00eame droite, dont Bastion Social. \u00ab&nbsp;La honte doit changer de camp&nbsp;\u00bb, a martel\u00e9 le chef de l\u2019\u00c9tat, ajoutant, \u00e9mu&nbsp;:&nbsp;\u00ab&nbsp;Nous sommes chez nous. Nous tous.&nbsp;\u00bb.<\/p>\n\n\n\n<p>Cette d\u00e9claration entendait r\u00e9pondre au slogan \u00ab&nbsp;On est chez nous&nbsp;\u00bb, largement scand\u00e9 dans divers rassemblements d\u2019extr\u00eame droite depuis plusieurs ann\u00e9es.&nbsp;La France a connu r\u00e9cemment une multiplication d\u2019actes antis\u00e9mites &#8211; +74&nbsp;% en 2018. Mardi, 96 tombes ont \u00e9t\u00e9 d\u00e9couvertes profan\u00e9es dans un cimeti\u00e8re juif alsacien.<\/p>\n","protected":false},"excerpt":{"rendered":"<p>C\u2019est l\u2019une des mesures annonc\u00e9es mercredi soir par&nbsp;Emmanuel Macron. La France va mettre en \u0153uvre une d\u00e9finition de&nbsp;l\u2019antis\u00e9mitisme&nbsp;\u00e9largie \u00e0 l\u2019antisionisme, sans toutefois modifier le Code p\u00e9nal, a-t-il pr\u00e9cis\u00e9&nbsp;lors de son discours&nbsp;au d\u00eener du&nbsp;Conseil repr\u00e9sentatif des institutions juives de France&nbsp;(Crif) \u00e0 Paris. \u00ab&nbsp;La France, qui l\u2019a endoss\u00e9e en d\u00e9cembre avec ses partenaires europ\u00e9ens, mettra en \u0153uvre [&hellip;]<\/p>\n","protected":false},"author":2,"featured_media":11607,"comment_status":"open","ping_status":"open","sticky":false,"template":"","format":"standard","meta":{"_jetpack_memberships_contains_paid_content":false,"footnotes":"","jetpack_publicize_message":"","jetpack_publicize_feature_enabled":true,"jetpack_social_post_already_shared":true,"jetpack_social_options":{"image_generator_settings":{"template":"highway","default_image_id":0,"font":"","enabled":false},"version":2},"_wpas_customize_per_network":false},"categories":[405],"tags":[],"class_list":["post-11606","post","type-post","status-publish","format-standard","has-post-thumbnail","hentry","category-actu-france-monde"],"jetpack_publicize_connections":[],"jetpack_featured_media_url":"https:\/\/i0.wp.com\/www.iceagetv.com\/radiosite\/wp-content\/uploads\/2019\/02\/antis%C3%A9mitisme.jpg?fit=640%2C410&ssl=1","jetpack_sharing_enabled":true,"_links":{"self":[{"href":"https:\/\/www.iceagetv.com\/radiosite\/wp-json\/wp\/v2\/posts\/11606","targetHints":{"allow":["GET"]}}],"collection":[{"href":"https:\/\/www.iceagetv.com\/radiosite\/wp-json\/wp\/v2\/posts"}],"about":[{"href":"https:\/\/www.iceagetv.com\/radiosite\/wp-json\/wp\/v2\/types\/post"}],"author":[{"embeddable":true,"href":"https:\/\/www.iceagetv.com\/radiosite\/wp-json\/wp\/v2\/users\/2"}],"replies":[{"embeddable":true,"href":"https:\/\/www.iceagetv.com\/radiosite\/wp-json\/wp\/v2\/comments?post=11606"}],"version-history":[{"count":1,"href":"https:\/\/www.iceagetv.com\/radiosite\/wp-json\/wp\/v2\/posts\/11606\/revisions"}],"predecessor-version":[{"id":11608,"href":"https:\/\/www.iceagetv.com\/radiosite\/wp-json\/wp\/v2\/posts\/11606\/revisions\/11608"}],"wp:featuredmedia":[{"embeddable":true,"href":"https:\/\/www.iceagetv.com\/radiosite\/wp-json\/wp\/v2\/media\/11607"}],"wp:attachment":[{"href":"https:\/\/www.iceagetv.com\/radiosite\/wp-json\/wp\/v2\/media?parent=11606"}],"wp:term":[{"taxonomy":"category","embeddable":true,"href":"https:\/\/www.iceagetv.com\/radiosite\/wp-json\/wp\/v2\/categories?post=11606"},{"taxonomy":"post_tag","embeddable":true,"href":"https:\/\/www.iceagetv.com\/radiosite\/wp-json\/wp\/v2\/tags?post=11606"}],"curies":[{"name":"wp","href":"https:\/\/api.w.org\/{rel}","templated":true}]}}