{"id":11616,"date":"2019-02-22T08:17:16","date_gmt":"2019-02-22T08:17:16","guid":{"rendered":"http:\/\/www.iceagetv.com\/radiosite\/?p=11616"},"modified":"2019-02-22T08:17:23","modified_gmt":"2019-02-22T08:17:23","slug":"haute-savoie-une-fillette-de-5-ans-retrouvee-inconsciente-apres-setre-coincee-la-tete-dans-un-telesiege","status":"publish","type":"post","link":"https:\/\/www.iceagetv.com\/radiosite\/haute-savoie-une-fillette-de-5-ans-retrouvee-inconsciente-apres-setre-coincee-la-tete-dans-un-telesiege\/","title":{"rendered":"Haute-Savoie : une fillette de 5 ans retrouv\u00e9e inconsciente apr\u00e8s s&rsquo;\u00eatre coinc\u00e9e la t\u00eate dans un t\u00e9l\u00e9si\u00e8ge"},"content":{"rendered":"\n<p>ACCIDENT &#8211; Une petite fille de 5 ans a \u00e9t\u00e9 retrouv\u00e9e inconsciente \u00e0 l&rsquo;arriv\u00e9e d&rsquo;un t\u00e9l\u00e9si\u00e8ge ce jeudi. En urgence absolue, elle a \u00e9t\u00e9 r\u00e9anim\u00e9e puis transport\u00e9e en h\u00e9licopt\u00e8re \u00e0 l&rsquo;h\u00f4pital de Gen\u00e8ve.<\/p>\n\n\n\n<p>Lorsque le t\u00e9l\u00e9si\u00e8ge est arriv\u00e9 au point de d\u00e9barquement, une fillette inconsciente s&rsquo;y trouvait. La jeune enfant de 5 ans a \u00e9t\u00e9 retrouv\u00e9e en arr\u00eat cardio-respiratoire ce jeudi 21 f\u00e9vrier dans une station de ski de Haute-Savoie apr\u00e8s avoir eu la t\u00eate coinc\u00e9e dans le m\u00e9canisme de fermeture. Rapidement r\u00e9anim\u00e9e, elle a \u00e9t\u00e9 transport\u00e9e en urgence absolue \u00e0 l&rsquo;h\u00f4pital de Gen\u00e8ve. Les circonstances de l&rsquo;accident restent pour le moment inexpliqu\u00e9es.<\/p>\n\n\n\n<p>La t\u00eate coinc\u00e9e entre le garde-corps et l&rsquo;accoudoir du si\u00e8ge<\/p>\n\n\n\n<p>La jeune fille, originaire des Pays-Bas selon la radio locale&nbsp;<a href=\"https:\/\/www.francebleu.fr\/infos\/faits-divers-justice\/chatel-une-fillette-de-8-ans-entre-la-vie-et-la-mort-a-l-arrivee-d-un-telesiege-1550762463\" target=\"_blank\" rel=\"noreferrer noopener\">France bleu<\/a>, \u00e9tait alors en plein cours de ski, encadr\u00e9e par un moniteur. Mais aucun des deux adultes pr\u00e9sents avec elle n\u2019est intervenu durant le trajet. L&rsquo;enfant avait pourtant \u00ab\u00a0la t\u00eate coinc\u00e9e entre le garde-corps et l&rsquo;accoudoir du si\u00e8ge\u00a0\u00bb, selon les explications de Nicolas Rubin, maire de Ch\u00e2tel, o\u00f9 a eu lieu le drame. Dans un communiqu\u00e9 cit\u00e9 par l&rsquo;AFP, le maire explique que la fillette \u00e9tait alors install\u00e9e sur un t\u00e9l\u00e9si\u00e8ge six places tout neuf, inaugur\u00e9 en janvier. \u00ab\u00a0L&rsquo;installation la plus r\u00e9cente du domaine skiable\u00a0\u00bb, selon lui.<\/p>\n\n\n\n<p>Retrouv\u00e9e par le service des pistes lors du d\u00e9barquement du t\u00e9l\u00e9si\u00e8ge, elle a \u00e9t\u00e9 r\u00e9anim\u00e9e puis transport\u00e9e \u00e0 l&rsquo;h\u00f4pital de Gen\u00e8ve en h\u00e9licopt\u00e8re par la gendarmerie vers 13h30. Une enqu\u00eate a \u00e9t\u00e9 ouverte par le parquet de Thonon pour tenter de faire la lumi\u00e8re sur les circonstances exactes de cet \u00e9v\u00e9nement. Les adultes qui \u00e9taient pr\u00e9sents avec elle sont actuellement recherch\u00e9s en tant que t\u00e9moins. Le remonte-pente disposant d\u2019un syst\u00e8me de photo-souvenir \u00e0 l&rsquo;arriv\u00e9e, celui-ci devrait permettre \u00ab\u00a0d&rsquo;identifier les adultes\u00a0\u00bb pr\u00e9sents avec la jeune fille.<\/p>\n","protected":false},"excerpt":{"rendered":"<p>ACCIDENT &#8211; Une petite fille de 5 ans a \u00e9t\u00e9 retrouv\u00e9e inconsciente \u00e0 l&rsquo;arriv\u00e9e d&rsquo;un t\u00e9l\u00e9si\u00e8ge ce jeudi. En urgence absolue, elle a \u00e9t\u00e9 r\u00e9anim\u00e9e puis transport\u00e9e en h\u00e9licopt\u00e8re \u00e0 l&rsquo;h\u00f4pital de Gen\u00e8ve. Lorsque le t\u00e9l\u00e9si\u00e8ge est arriv\u00e9 au point de d\u00e9barquement, une fillette inconsciente s&rsquo;y trouvait. La jeune enfant de 5 ans a \u00e9t\u00e9 [&hellip;]<\/p>\n","protected":false},"author":2,"featured_media":11617,"comment_status":"open","ping_status":"open","sticky":false,"template":"","format":"standard","meta":{"_jetpack_memberships_contains_paid_content":false,"footnotes":"","jetpack_publicize_message":"","jetpack_publicize_feature_enabled":true,"jetpack_social_post_already_shared":true,"jetpack_social_options":{"image_generator_settings":{"template":"highway","default_image_id":0,"font":"","enabled":false},"version":2},"_wpas_customize_per_network":false},"categories":[405],"tags":[],"class_list":["post-11616","post","type-post","status-publish","format-standard","has-post-thumbnail","hentry","category-actu-france-monde"],"jetpack_publicize_connections":[],"jetpack_featured_media_url":"https:\/\/i0.wp.com\/www.iceagetv.com\/radiosite\/wp-content\/uploads\/2019\/02\/Haute-Savoie.jpeg?fit=1024%2C576&ssl=1","jetpack_sharing_enabled":true,"_links":{"self":[{"href":"https:\/\/www.iceagetv.com\/radiosite\/wp-json\/wp\/v2\/posts\/11616","targetHints":{"allow":["GET"]}}],"collection":[{"href":"https:\/\/www.iceagetv.com\/radiosite\/wp-json\/wp\/v2\/posts"}],"about":[{"href":"https:\/\/www.iceagetv.com\/radiosite\/wp-json\/wp\/v2\/types\/post"}],"author":[{"embeddable":true,"href":"https:\/\/www.iceagetv.com\/radiosite\/wp-json\/wp\/v2\/users\/2"}],"replies":[{"embeddable":true,"href":"https:\/\/www.iceagetv.com\/radiosite\/wp-json\/wp\/v2\/comments?post=11616"}],"version-history":[{"count":1,"href":"https:\/\/www.iceagetv.com\/radiosite\/wp-json\/wp\/v2\/posts\/11616\/revisions"}],"predecessor-version":[{"id":11618,"href":"https:\/\/www.iceagetv.com\/radiosite\/wp-json\/wp\/v2\/posts\/11616\/revisions\/11618"}],"wp:featuredmedia":[{"embeddable":true,"href":"https:\/\/www.iceagetv.com\/radiosite\/wp-json\/wp\/v2\/media\/11617"}],"wp:attachment":[{"href":"https:\/\/www.iceagetv.com\/radiosite\/wp-json\/wp\/v2\/media?parent=11616"}],"wp:term":[{"taxonomy":"category","embeddable":true,"href":"https:\/\/www.iceagetv.com\/radiosite\/wp-json\/wp\/v2\/categories?post=11616"},{"taxonomy":"post_tag","embeddable":true,"href":"https:\/\/www.iceagetv.com\/radiosite\/wp-json\/wp\/v2\/tags?post=11616"}],"curies":[{"name":"wp","href":"https:\/\/api.w.org\/{rel}","templated":true}]}}