{"id":11623,"date":"2019-02-23T10:52:56","date_gmt":"2019-02-23T10:52:56","guid":{"rendered":"http:\/\/www.iceagetv.com\/radiosite\/?p=11623"},"modified":"2019-02-23T10:53:02","modified_gmt":"2019-02-23T10:53:02","slug":"antisemitisme-un-tag-representant-une-immense-croix-gammee-decouvert-ce-matin-dans-le-17e-arrondissement-de-paris-dans-le-parc-martin-luther-king","status":"publish","type":"post","link":"https:\/\/www.iceagetv.com\/radiosite\/antisemitisme-un-tag-representant-une-immense-croix-gammee-decouvert-ce-matin-dans-le-17e-arrondissement-de-paris-dans-le-parc-martin-luther-king\/","title":{"rendered":"Antis\u00e9mitisme : Un tag repr\u00e9sentant une immense croix gamm\u00e9e d\u00e9couvert ce matin dans le 17e arrondissement de Paris dans le parc Martin Luther King"},"content":{"rendered":"\n<p>Selon nos confr\u00e8res de France Info, deux internautes nous signalent la pr\u00e9sence d&rsquo;un tag en forme de croix gamm\u00e9e, ce matin, dans le parc Martin Luther King, \u00e0 Paris (17e arrondissement).<\/p>\n\n\n\n<p>Des photos qui cr\u00e9ent un \u00e9moi l\u00e9gitime sur les r\u00e9seaux sociaux depuis plusieurs minutes alors que le Pr\u00e9sident de la R\u00e9publique et le gouvernement ont annonc\u00e9 des mesures pour lutter contre l&rsquo;antis\u00e9mitisme.<\/p>\n\n\n\n<p>Emmanuel Macron a promis une loi pour lutter contre la haine sur internet et les r\u00e9seaux sociaux d\u00e8s le mois de mai devant le Conseil repr\u00e9sentatif des institutions juives de France (Crif).<\/p>\n\n\n\n<figure><iframe allowfullscreen=\"\"><\/iframe><\/figure>\n\n\n\n<p>Le pr\u00e9sident de la R\u00e9publique a d\u00e9plor\u00e9 \u00ab\u00a0une r\u00e9surgence de l&rsquo;antis\u00e9mitisme sans doute in\u00e9dite depuis la Seconde guerre mondiale\u00a0\u00bb alors que ce 34e d\u00eener intervenait au lendemain de rassemblements de milliers de personnes en France contre la haine des juifs.<\/p>\n\n\n\n<p>Un \u00ab\u00a0sursaut national\u00a0\u00bb face \u00e0 la flamb\u00e9e de 74% des faits antis\u00e9mites en 2018 mais aussi des actes plus r\u00e9cents.<\/p>\n\n\n\n<p>Des dessins repr\u00e9sentant Simone Veil ont r\u00e9cemment \u00e9t\u00e9 barr\u00e9s de croix gamm\u00e9es \u00e0 Paris et des arbres \u00e0 la m\u00e9moire d&rsquo;Ilan Halimi, jeune homme juif tu\u00e9 en 2006, vandalis\u00e9s dans l&rsquo;Essonne. La profanation du cimeti\u00e8re de Quatzenheim et les insultes prof\u00e9r\u00e9es samedi contre le philosophe Alain Finkielkraut \u00e0 Paris n&rsquo;ont fait que renforcer l&rsquo;indignation.<\/p>\n","protected":false},"excerpt":{"rendered":"<p>Selon nos confr\u00e8res de France Info, deux internautes nous signalent la pr\u00e9sence d&rsquo;un tag en forme de croix gamm\u00e9e, ce matin, dans le parc Martin Luther King, \u00e0 Paris (17e arrondissement). Des photos qui cr\u00e9ent un \u00e9moi l\u00e9gitime sur les r\u00e9seaux sociaux depuis plusieurs minutes alors que le Pr\u00e9sident de la R\u00e9publique et le gouvernement [&hellip;]<\/p>\n","protected":false},"author":2,"featured_media":11624,"comment_status":"open","ping_status":"open","sticky":false,"template":"","format":"standard","meta":{"_jetpack_memberships_contains_paid_content":false,"footnotes":"","jetpack_publicize_message":"","jetpack_publicize_feature_enabled":true,"jetpack_social_post_already_shared":true,"jetpack_social_options":{"image_generator_settings":{"template":"highway","default_image_id":0,"font":"","enabled":false},"version":2},"_wpas_customize_per_network":false},"categories":[405],"tags":[],"class_list":["post-11623","post","type-post","status-publish","format-standard","has-post-thumbnail","hentry","category-actu-france-monde"],"jetpack_publicize_connections":[],"jetpack_featured_media_url":"https:\/\/i0.wp.com\/www.iceagetv.com\/radiosite\/wp-content\/uploads\/2019\/02\/le-parc-Martin-Luther-King.jpeg?fit=750%2C324&ssl=1","jetpack_sharing_enabled":true,"_links":{"self":[{"href":"https:\/\/www.iceagetv.com\/radiosite\/wp-json\/wp\/v2\/posts\/11623","targetHints":{"allow":["GET"]}}],"collection":[{"href":"https:\/\/www.iceagetv.com\/radiosite\/wp-json\/wp\/v2\/posts"}],"about":[{"href":"https:\/\/www.iceagetv.com\/radiosite\/wp-json\/wp\/v2\/types\/post"}],"author":[{"embeddable":true,"href":"https:\/\/www.iceagetv.com\/radiosite\/wp-json\/wp\/v2\/users\/2"}],"replies":[{"embeddable":true,"href":"https:\/\/www.iceagetv.com\/radiosite\/wp-json\/wp\/v2\/comments?post=11623"}],"version-history":[{"count":1,"href":"https:\/\/www.iceagetv.com\/radiosite\/wp-json\/wp\/v2\/posts\/11623\/revisions"}],"predecessor-version":[{"id":11625,"href":"https:\/\/www.iceagetv.com\/radiosite\/wp-json\/wp\/v2\/posts\/11623\/revisions\/11625"}],"wp:featuredmedia":[{"embeddable":true,"href":"https:\/\/www.iceagetv.com\/radiosite\/wp-json\/wp\/v2\/media\/11624"}],"wp:attachment":[{"href":"https:\/\/www.iceagetv.com\/radiosite\/wp-json\/wp\/v2\/media?parent=11623"}],"wp:term":[{"taxonomy":"category","embeddable":true,"href":"https:\/\/www.iceagetv.com\/radiosite\/wp-json\/wp\/v2\/categories?post=11623"},{"taxonomy":"post_tag","embeddable":true,"href":"https:\/\/www.iceagetv.com\/radiosite\/wp-json\/wp\/v2\/tags?post=11623"}],"curies":[{"name":"wp","href":"https:\/\/api.w.org\/{rel}","templated":true}]}}