{"id":11626,"date":"2019-02-24T16:12:24","date_gmt":"2019-02-24T16:12:24","guid":{"rendered":"http:\/\/www.iceagetv.com\/radiosite\/?p=11626"},"modified":"2019-02-24T16:12:30","modified_gmt":"2019-02-24T16:12:30","slug":"manifestations-en-algerie-un-sursaut-populaire-inedit-et-spectaculaire-contre-le-cinquieme-mandat-de-bouteflika","status":"publish","type":"post","link":"https:\/\/www.iceagetv.com\/radiosite\/manifestations-en-algerie-un-sursaut-populaire-inedit-et-spectaculaire-contre-le-cinquieme-mandat-de-bouteflika\/","title":{"rendered":"Manifestations en Alg\u00e9rie : \u00ab\u00a0Un sursaut populaire, in\u00e9dit et spectaculaire\u00a0\u00bb contre le cinqui\u00e8me mandat de Bouteflika"},"content":{"rendered":"\n<p><em>Jusqu&rsquo;o\u00f9 ira la mobilisation ?\u00a0\u00bb<\/em>\u00a0se demande le quotidien alg\u00e9rien\u00a0<em>El Watan<\/em>, dimanche 24 f\u00e9vrier, quand\u00a0<em>Libert\u00e9\u00a0<\/em>estime \u00e0 sa une que<em>\u00a0\u00ab\u00a0Les Alg\u00e9riens ont bris\u00e9 le mur de la peur\u00a0\u00bb.\u00a0<\/em>Vendredi,\u00a0<a rel=\"noreferrer noopener\" href=\"https:\/\/www.francetvinfo.fr\/monde\/afrique\/algerie\/algerie-des-centaines-de-manifestants-a-alger-contre-un-cinquieme-mandat-de-bouteflika_3202563.html\" target=\"_blank\">des milliers d&rsquo;Alg\u00e9riens ont d\u00e9fil\u00e9<\/a>\u00a0\u00e0 travers tout le pays contre le cinqui\u00e8me mandat que\u00a0brigue le pr\u00e9sident Abdelaziz Bouteflika, 81 ans. De nouveaux appels \u00e0 manifester dimanche dans les grandes villes alg\u00e9riennes ont \u00e9t\u00e9 diffus\u00e9s sur les r\u00e9seaux sociaux avec le m\u00eame mot d&rsquo;ordre.<\/p>\n\n\n\n<p><em>Pas de 5e mandat\u00a0\u00bb<\/em>,&nbsp;<em>\u00ab\u00a0Ni Bouteflika ni Sa\u00efd\u00a0\u00bb&nbsp;<\/em>(fr\u00e8re du chef de l&rsquo;Etat, souvent per\u00e7u comme son successeur potentiel), ont notamment scand\u00e9 les manifestants&nbsp;dans le centre d&rsquo;Alger o\u00f9 toute manifestation est officiellement interdite depuis 2001. Les observateurs soulignent le caract\u00e8re massif, pacifique et spontan\u00e9 du mouvement de contestation.&nbsp;Nous avons interrog\u00e9 Hasni&nbsp;Abidi, directeur du Centre d&rsquo;\u00e9tudes et de recherche sur le monde arabe et m\u00e9diterrann\u00e9en, bas\u00e9 \u00e0 Gen\u00e8ve (Suisse).&nbsp;<\/p>\n\n\n\n<p><strong>Franceinfo : Pourquoi cette r\u00e9volte de la rue alg\u00e9rienne est-elle in\u00e9dite ?<\/strong><\/p>\n\n\n\n<p><strong>Hasni&nbsp;<\/strong><strong>Abidi<\/strong>&nbsp;:&nbsp;C&rsquo;est in\u00e9dit car cela marque un tournant dans l&rsquo;histoire politique alg\u00e9rienne r\u00e9cente. Depuis la parenth\u00e8se d\u00e9mocratique et&nbsp;les \u00e9meutes d&rsquo;octobre 1988, on n&rsquo;a jamais vu un sursaut populaire aussi fort. Par ailleurs, le mouvement est&nbsp;hors de tout cadre politique ou syndical, pacifique, et avec une revendication politique claire : \u00ab\u00a0non\u00a0\u00bb au cinqui\u00e8me mandat de&nbsp;Bouteflika.&nbsp;<\/p>\n\n\n\n<p>Et ce qui fait la singularit\u00e9 de ces \u00e9v\u00e9nements, c&rsquo;est qu&rsquo;ils surviennent alors que tout le monde pensait que les Alg\u00e9riens avaient d\u00e9sert\u00e9 le champ politique. De mani\u00e8re spectaculaire, ils viennent de montrer qu&rsquo;ils sont conscients, engag\u00e9s dans la chose politique en Alg\u00e9rie. Enfin, le d\u00e9roulement de ces rassemblements, pacifiques, pluriels, sans r\u00e9cup\u00e9ration des islamistes ou d&rsquo;autres partis politiques, d\u00e9notent \u00e9galement d&rsquo;une prise conscience de la part des Alg\u00e9riens pour prendre leur destin en main.<\/p>\n\n\n\n<p><strong>Qui est derri\u00e8re ce soul\u00e8vement ?&nbsp;<\/strong><\/p>\n\n\n\n<p>C&rsquo;est un v\u00e9ritable mouvement citoyen. Les manifestations du 22 f\u00e9vrier surviennent apr\u00e8s plusieurs rassemblements qui n&rsquo;ont pas ou peu \u00e9t\u00e9 m\u00e9diatis\u00e9s. Essentiellement dans l&rsquo;est du pays, un mouvement de col\u00e8re a pris forme sur des questions \u00e9conomiques et sociales. Dans ce contexte, la mise en sc\u00e8ne de l&rsquo;annonce de la candidature du pr\u00e9sident&nbsp;Bouteflika pourcinqui\u00e8me mandat a \u00e9t\u00e9 ressenti par les Alg\u00e9riens comme l&rsquo;ultime humiliation de la part du r\u00e9gime. A la suite de cela, des appels anonymes au soul\u00e8vement se sont multipli\u00e9s sur Facebook et sur les r\u00e9seaux sociaux et ils ont trouv\u00e9 \u00e9cho aupr\u00e8s des Alg\u00e9riens.<\/p>\n\n\n\n<p>Il faut avoir conscience du contexte : la situation est d\u00e9j\u00e0 difficile pour les Alg\u00e9riens, sur le plan \u00e9conomique et social. L&rsquo;absence du pr\u00e9sident&nbsp;Bouteflika \u00e0 la suite de sa maladie paralyse le syst\u00e8me politique. Sa candidature pour un cinqui\u00e8me mandat s&rsquo;ajoute \u00e0 cela.&nbsp;Bouteflika est devenu l&rsquo;otage d&rsquo;une configuration au sommet du pouvoir pour que rien ne change, pour conserver le r\u00e9gime tel quel. Et les Alg\u00e9riens ne veulent plus \u00eatre les otages de cet \u00e9quilibre des forces au sein du pouvoir alg\u00e9rien.&nbsp;<\/p>\n\n\n\n<p>En annon\u00e7ant cette candidature, le r\u00e9gime a donn\u00e9 l&rsquo;argument recherch\u00e9 par la rue alg\u00e9rienne \u2013 qui est d\u00e9sormais le plus grand parti du pays \u2013 pour manifester son rejet et sa col\u00e8re.<\/p>\n\n\n\n<p><strong>Quelles suites ce mouvement peut-il avoir ?<\/strong><\/p>\n\n\n\n<p>Il est possible que le pouvoir sous-estime la capacit\u00e9 de la rue alg\u00e9rienne \u00e0 sortir. Par le pass\u00e9, le pouvoir alg\u00e9rien a montr\u00e9 une grande capacit\u00e9 \u00e0 tenir la rue, en distribuant des rentes sociales, en jouant la carte du pourrissement, en pr\u00e9tendant que l&rsquo;Alg\u00e9rie \u00e9tait mieux que la Tunisie, que la Libye, que la Syrie&#8230; Et voter pour&nbsp;Bouteflika \u00e9tait pr\u00e9sent\u00e9 comme une forme d&rsquo;immunit\u00e9 pour le syst\u00e8me alg\u00e9rien contre toutes d\u00e9rives ou contre le chaos. Finalement, les Alg\u00e9riens ont surmont\u00e9 cette peur d\u00e9velopp\u00e9e depuis les ann\u00e9es 90 et ils disent &lsquo;non&rsquo;.&nbsp;<\/p>\n\n\n\n<p>Si le syst\u00e8me veut survivre, la solution la moins risqu\u00e9e serait de retirer la candidature de&nbsp;Bouteflika. Mais si le r\u00e9gime s&rsquo;obstine, il y a un risque r\u00e9el de radicalisation du mouvement et probablement d&rsquo;une radicalisation de la r\u00e9ponse du pouvoir.&nbsp;<\/p>\n","protected":false},"excerpt":{"rendered":"<p>Jusqu&rsquo;o\u00f9 ira la mobilisation ?\u00a0\u00bb\u00a0se demande le quotidien alg\u00e9rien\u00a0El Watan, dimanche 24 f\u00e9vrier, quand\u00a0Libert\u00e9\u00a0estime \u00e0 sa une que\u00a0\u00ab\u00a0Les Alg\u00e9riens ont bris\u00e9 le mur de la peur\u00a0\u00bb.\u00a0Vendredi,\u00a0des milliers d&rsquo;Alg\u00e9riens ont d\u00e9fil\u00e9\u00a0\u00e0 travers tout le pays contre le cinqui\u00e8me mandat que\u00a0brigue le pr\u00e9sident Abdelaziz Bouteflika, 81 ans. De nouveaux appels \u00e0 manifester dimanche dans les grandes villes [&hellip;]<\/p>\n","protected":false},"author":2,"featured_media":11627,"comment_status":"open","ping_status":"open","sticky":false,"template":"","format":"standard","meta":{"_jetpack_memberships_contains_paid_content":false,"footnotes":"","jetpack_publicize_message":"","jetpack_publicize_feature_enabled":true,"jetpack_social_post_already_shared":true,"jetpack_social_options":{"image_generator_settings":{"template":"highway","default_image_id":0,"font":"","enabled":false},"version":2},"_wpas_customize_per_network":false},"categories":[405],"tags":[],"class_list":["post-11626","post","type-post","status-publish","format-standard","has-post-thumbnail","hentry","category-actu-france-monde"],"jetpack_publicize_connections":[],"jetpack_featured_media_url":"https:\/\/i0.wp.com\/www.iceagetv.com\/radiosite\/wp-content\/uploads\/2019\/02\/Manifestations-en-Alg%C3%A9rie.jpg?fit=1196%2C450&ssl=1","jetpack_sharing_enabled":true,"_links":{"self":[{"href":"https:\/\/www.iceagetv.com\/radiosite\/wp-json\/wp\/v2\/posts\/11626","targetHints":{"allow":["GET"]}}],"collection":[{"href":"https:\/\/www.iceagetv.com\/radiosite\/wp-json\/wp\/v2\/posts"}],"about":[{"href":"https:\/\/www.iceagetv.com\/radiosite\/wp-json\/wp\/v2\/types\/post"}],"author":[{"embeddable":true,"href":"https:\/\/www.iceagetv.com\/radiosite\/wp-json\/wp\/v2\/users\/2"}],"replies":[{"embeddable":true,"href":"https:\/\/www.iceagetv.com\/radiosite\/wp-json\/wp\/v2\/comments?post=11626"}],"version-history":[{"count":1,"href":"https:\/\/www.iceagetv.com\/radiosite\/wp-json\/wp\/v2\/posts\/11626\/revisions"}],"predecessor-version":[{"id":11628,"href":"https:\/\/www.iceagetv.com\/radiosite\/wp-json\/wp\/v2\/posts\/11626\/revisions\/11628"}],"wp:featuredmedia":[{"embeddable":true,"href":"https:\/\/www.iceagetv.com\/radiosite\/wp-json\/wp\/v2\/media\/11627"}],"wp:attachment":[{"href":"https:\/\/www.iceagetv.com\/radiosite\/wp-json\/wp\/v2\/media?parent=11626"}],"wp:term":[{"taxonomy":"category","embeddable":true,"href":"https:\/\/www.iceagetv.com\/radiosite\/wp-json\/wp\/v2\/categories?post=11626"},{"taxonomy":"post_tag","embeddable":true,"href":"https:\/\/www.iceagetv.com\/radiosite\/wp-json\/wp\/v2\/tags?post=11626"}],"curies":[{"name":"wp","href":"https:\/\/api.w.org\/{rel}","templated":true}]}}