{"id":11641,"date":"2019-02-25T18:59:20","date_gmt":"2019-02-25T18:59:20","guid":{"rendered":"http:\/\/www.iceagetv.com\/radiosite\/?p=11641"},"modified":"2019-02-25T18:59:23","modified_gmt":"2019-02-25T18:59:23","slug":"corse-la-lutte-contre-les-incendies-se-poursuit","status":"publish","type":"post","link":"https:\/\/www.iceagetv.com\/radiosite\/corse-la-lutte-contre-les-incendies-se-poursuit\/","title":{"rendered":"Corse: la lutte contre les incendies se poursuit"},"content":{"rendered":"\n<p>&nbsp;En 24 heures, 48 d\u00e9parts de feu ont \u00e9t\u00e9 enregistr\u00e9s ce week-end sur l&rsquo;ensemble de la Corse. Au moins trois incendies sont toujours sous surveillance. Le maire de Calenzana o\u00f9 1200 hectares ont br\u00fbl\u00e9 a d\u00e9cid\u00e9 de porter plainte.<\/p>\n\n\n\n<p>Quelque 1600 hectares de v\u00e9g\u00e9tation partis en fum\u00e9e. De multiples incendies se sont d\u00e9clar\u00e9s dans la nuit de samedi \u00e0 dimanche en Corse, notamment dans la r\u00e9gion de la Balagne. En 24 heures, 15 d\u00e9parts de feu ont \u00e9t\u00e9 enregistr\u00e9s en Corse-du-Sud et 33 en Haute-Corse. Le plus important est parti vers 20 heures samedi \u00e0 Calenzana, \u00e0 une centaine de kilom\u00e8tres \u00e0 l&rsquo;ouest de Bastia. Ce lundi, il n&rsquo;avait toujours pas \u00e9t\u00e9 ma\u00eetris\u00e9 par les pompiers. \u00c0 lui seul, cet incendie a ravag\u00e9 1200 hectares de maquis.<\/p>\n\n\n\n<p>Une reconnaissance a\u00e9rienne effectu\u00e9e dimanche en fin d&rsquo;apr\u00e8s-midi a toutefois permis de constater une \u00e9volution plut\u00f4t favorable. Des moyens a\u00e9riens (2 Tracker et 2 Canadair) et 150 personnes restaient mobilis\u00e9s<\/p>\n\n\n\n<p>pour traiter les foyers situ\u00e9s sur des cr\u00eates, mais \u00abplus aucune habitation ou exploitation agricole n&rsquo;\u00e9tait menac\u00e9e\u00bb, selon la pr\u00e9fecture.<\/p>\n\n\n\n<h2 class=\"wp-block-heading\">Un acte \u00abcriminel et l\u00e2che\u00bb<\/h2>\n\n\n\n<p>Apr\u00e8s une nuit de frayeur pour ses habitants et la destruction de for\u00eats, le maire de Calenzana, Pierre Guidoni, a de nouveau d\u00e9nonc\u00e9 un \u00abfeu criminel\u00bb. Il a annonc\u00e9 qu&rsquo;il d\u00e9poserait plainte mardi. \u00abC&rsquo;est l\u00e2che d&rsquo;avoir craqu\u00e9<\/p>\n\n\n\n<blockquote class=\"wp-block-quote is-layout-flow wp-block-quote-is-layout-flow\"><p>\u00abLes \u00e9l\u00e9ments ne portent que sur des origines accidentelles ou des \u00e9cobuages mal ma\u00eetris\u00e9s\u00bb<\/p><p>Le g\u00e9n\u00e9ral Jacques Plays, commandant de la l\u00e9gion de gendarmerie de Corse<\/p><\/blockquote>\n\n\n\n<p>une allumette sur ce site-l\u00e0 avec la temp\u00eate de vent qu&rsquo;on a connu\u00bb, a-t-il dit tout en pr\u00e9cisant attendre les r\u00e9sultats de la police criminelle. \u00abLa route de la Flata est une vall\u00e9e vis\u00e9e par les pyromanes en pleine saison estivale. On ne pensait pas qu&rsquo;au mois de f\u00e9vrier il puisse y avoir un incendie d&rsquo;une ampleur pareille\u00bb, a-t-il ajout\u00e9.<\/p>\n\n\n\n<p>Dans un communiqu\u00e9 publi\u00e9 dimanche soir, le parti ind\u00e9pendantiste Corsica Libera a point\u00e9 du doigt \u00abla responsabilit\u00e9 d&rsquo;EDF et de l&rsquo;\u00c9tat\u00bb, attribuant des d\u00e9parts de feux \u00e0 un transformateur d\u00e9fectueux et \u00e0 la v\u00e9tust\u00e9 du r\u00e9seau. La pr\u00e9f\u00e8te, Josiane Chevalier, a quant \u00e0 elle point\u00e9 du doigt \u00abdes gens particuli\u00e8rement imprudents et irresponsables\u00bb qui, \u00abdimanche encore, alors que personne ne pouvait ignorer les incendies, continuaient \u00e0 br\u00fbler tout un tas de choses\u00bb.<\/p>\n\n\n\n<p>Au total, trois enqu\u00eates de gendarmerie ont \u00e9t\u00e9 ouvertes en Corse-du-Sud et cinq en Haute-Corse, a pr\u00e9cis\u00e9 la pr\u00e9f\u00e8te. En Corse-du-Sud \u00abil ressort \u00e0 ce stade des trois enqu\u00eates des \u00e9l\u00e9ments qui ne portent que sur des origines accidentelles ou des \u00e9cobuages mal ma\u00eetris\u00e9s&nbsp;<em>(d\u00e9broussaillement par le feu, NDLR<\/em>\u00bb, a indiqu\u00e9 le g\u00e9n\u00e9ral Jacques Plays, commandant de la l\u00e9gion de gendarmerie de Corse. En Haute-Corse, \u00abon est \u00e9galement pour l&rsquo;essentiel sur des \u00e9cobuages\u00bb. Le g\u00e9n\u00e9ral s&rsquo;est montr\u00e9 plus prudent au sujet de l&rsquo;incendie le plus important, celui de Calenzana: \u00abLes techniciens ont commenc\u00e9 leurs constatations en d\u00e9but d&rsquo;apr\u00e8s-midi, donc on ne peut pas encore savoir de fa\u00e7on formelle, mais il n&rsquo;est pas impossible que ce soit \u00e9galement d&rsquo;origine accidentelle\u00bb.<\/p>\n\n\n\n<p>Une source proche de la pr\u00e9fecture indiquait \u00e0 l&rsquo;AFP que si des \u00e9cobuages \u00e9taient \u00e0 l&rsquo;origine de feux, ces derniers ne pourraient pas pour autant \u00eatre consid\u00e9r\u00e9s comme \u00abaccidentels\u00bb par la justice, car la pratique \u00e9tait interdite depuis plusieurs jours en Corse en raison de vents violents.<\/p>\n\n\n\n<h2 class=\"wp-block-heading\">D&rsquo;autres incendies toujours sous suveillance<\/h2>\n\n\n\n<p>Ces incendies ont \u00e9t\u00e9 favoris\u00e9s par un vent violent tourbillonnant. M\u00e9t\u00e9o France a de nouveau plac\u00e9 l&rsquo;\u00eele de Beaut\u00e9 sous vigilance jaune au \u00abvent fort\u00bb ce lundi matin. \u00abJe crois que le d\u00e9r\u00e8glement climatique est \u00e0 l&rsquo;oeuvre. On ne s&rsquo;attend pas \u00e0 avoir des feux en hiver mais maintenant je crois qu&rsquo;il faudra s&rsquo;y habituer\u00bb, a indiqu\u00e9 lors d&rsquo;une conf\u00e9rence de presse Josiane Chevalier. \u00abOn a un sol tr\u00e8s sec, pas de pluie depuis un certain temps et beaucoup de soleil, mais aussi de l&rsquo;imprudence avec des \u00e9cobuages\u00a0<em>(d\u00e9broussaillement par le feu, NDLR)\u00a0<\/em>inappropri\u00e9s sur toute la Corse\u00bb, fustige-t-elle par ailleurs. L&rsquo;usage du feu est interdit dans l&rsquo;ensemble de la Corse par arr\u00eat\u00e9 pr\u00e9fectoral, jusqu&rsquo;\u00e0 nouvel ordre.<\/p>\n\n\n\n<p>\n\nDimanche soir, 170 personnes, pompiers et gendarmes notamment, restaient mobilis\u00e9s dans le d\u00e9partement, et 166 en Corse-du-Sud. Des renforts venus de Brignoles (Var) pour la Haute-Corse et de Marseille pour la Corse-du-Sud doivent arriver par bateau lundi matin. Le ministre de l&rsquo;Int\u00e9rieur, Christophe Castaner, a annonc\u00e9 l&rsquo;envoi de renforts a\u00e9riens sur Twitter. Trois Canadairs et deux Tracker sont arriv\u00e9s du continent en d\u00e9but d&rsquo;apr\u00e8s-midi. Il a \u00e9galement salu\u00e9 le travail des sapeurs-pompiers de Corse et des militaires de la s\u00e9curit\u00e9 civile de Corte.<\/p>\n\n\n\n<p>L&rsquo;\u00eele de Beaut\u00e9 est r\u00e9guli\u00e8rement touch\u00e9e par les incendies, m\u00eame en dehors de la p\u00e9riode estivale.&nbsp;<a href=\"http:\/\/www.lefigaro.fr\/actualite-france\/2018\/01\/04\/01016-20180104ARTFIG00050-la-tempete-eleanor-attise-les-incendies-en-corse.php\" target=\"_blank\" rel=\"noreferrer noopener\">En janvier 2018<\/a>, environ 2000 hectares avaient \u00e9t\u00e9 incendi\u00e9s sur la fa\u00e7ade orientale de l&rsquo;\u00eele, calcinant une vingtaine d&rsquo;habitations, et d\u00e9cimant plusieurs troupeaux. La Corse a connu un \u00e9t\u00e9 2018 exceptionnellement calme sur le front des incendies alors que durant l&rsquo;\u00e9t\u00e9 2017 en France, plus de 4000 feux avaient parcouru pr\u00e8s de 25.000 hectares.<\/p>\n","protected":false},"excerpt":{"rendered":"<p>&nbsp;En 24 heures, 48 d\u00e9parts de feu ont \u00e9t\u00e9 enregistr\u00e9s ce week-end sur l&rsquo;ensemble de la Corse. Au moins trois incendies sont toujours sous surveillance. Le maire de Calenzana o\u00f9 1200 hectares ont br\u00fbl\u00e9 a d\u00e9cid\u00e9 de porter plainte. Quelque 1600 hectares de v\u00e9g\u00e9tation partis en fum\u00e9e. De multiples incendies se sont d\u00e9clar\u00e9s dans la [&hellip;]<\/p>\n","protected":false},"author":2,"featured_media":11642,"comment_status":"open","ping_status":"open","sticky":false,"template":"","format":"standard","meta":{"_jetpack_memberships_contains_paid_content":false,"footnotes":"","jetpack_publicize_message":"","jetpack_publicize_feature_enabled":true,"jetpack_social_post_already_shared":true,"jetpack_social_options":{"image_generator_settings":{"template":"highway","default_image_id":0,"font":"","enabled":false},"version":2},"_wpas_customize_per_network":false},"categories":[14],"tags":[],"class_list":["post-11641","post","type-post","status-publish","format-standard","has-post-thumbnail","hentry","category-actu-meteo"],"jetpack_publicize_connections":[],"jetpack_featured_media_url":"https:\/\/i0.wp.com\/www.iceagetv.com\/radiosite\/wp-content\/uploads\/2019\/02\/Corse-la-lutte-contre-les-incendies-se-poursuit.jpeg?fit=613%2C344&ssl=1","jetpack_sharing_enabled":true,"_links":{"self":[{"href":"https:\/\/www.iceagetv.com\/radiosite\/wp-json\/wp\/v2\/posts\/11641","targetHints":{"allow":["GET"]}}],"collection":[{"href":"https:\/\/www.iceagetv.com\/radiosite\/wp-json\/wp\/v2\/posts"}],"about":[{"href":"https:\/\/www.iceagetv.com\/radiosite\/wp-json\/wp\/v2\/types\/post"}],"author":[{"embeddable":true,"href":"https:\/\/www.iceagetv.com\/radiosite\/wp-json\/wp\/v2\/users\/2"}],"replies":[{"embeddable":true,"href":"https:\/\/www.iceagetv.com\/radiosite\/wp-json\/wp\/v2\/comments?post=11641"}],"version-history":[{"count":1,"href":"https:\/\/www.iceagetv.com\/radiosite\/wp-json\/wp\/v2\/posts\/11641\/revisions"}],"predecessor-version":[{"id":11643,"href":"https:\/\/www.iceagetv.com\/radiosite\/wp-json\/wp\/v2\/posts\/11641\/revisions\/11643"}],"wp:featuredmedia":[{"embeddable":true,"href":"https:\/\/www.iceagetv.com\/radiosite\/wp-json\/wp\/v2\/media\/11642"}],"wp:attachment":[{"href":"https:\/\/www.iceagetv.com\/radiosite\/wp-json\/wp\/v2\/media?parent=11641"}],"wp:term":[{"taxonomy":"category","embeddable":true,"href":"https:\/\/www.iceagetv.com\/radiosite\/wp-json\/wp\/v2\/categories?post=11641"},{"taxonomy":"post_tag","embeddable":true,"href":"https:\/\/www.iceagetv.com\/radiosite\/wp-json\/wp\/v2\/tags?post=11641"}],"curies":[{"name":"wp","href":"https:\/\/api.w.org\/{rel}","templated":true}]}}