{"id":11647,"date":"2019-02-26T19:11:29","date_gmt":"2019-02-26T19:11:29","guid":{"rendered":"http:\/\/www.iceagetv.com\/radiosite\/?p=11647"},"modified":"2019-02-26T19:11:37","modified_gmt":"2019-02-26T19:11:37","slug":"decathlon-renonce-finalement-a-vendre-son-hijab-qui-fait-scandale-depuis-ce-matin","status":"publish","type":"post","link":"https:\/\/www.iceagetv.com\/radiosite\/decathlon-renonce-finalement-a-vendre-son-hijab-qui-fait-scandale-depuis-ce-matin\/","title":{"rendered":"D\u00e9cathlon renonce finalement \u00e0 vendre son hijab qui fait scandale depuis ce matin"},"content":{"rendered":"\n<p><strong>D\u00e9cathlon renonce finalement \u00e0 la commercialisation de son \u00ab\u00a0hijab de running\u00a0\u00bb . Xavier RIVOIRE, directeur de la communication de l&rsquo;enseigne, l\u2019annonce sur RTL : \u00ab Nous prenons effectivement d\u00e9cision en toute responsabilit\u00e9 en ce mardi soir, de ne pas commercialiser \u00e0 l\u2019heure qu\u2019il est ce produit en France. \u00bb<\/strong><\/p>\n\n\n\n<p>Le groupe fran\u00e7ais D\u00e9cathlon a affirm\u00e9 \u00abassumer compl\u00e8tement\u00bb la commercialisation prochaine d\u2019un \u00abcouvre-t\u00eate\u00bb destin\u00e9 aux pratiquantes de course \u00e0 pied, d\u00e9j\u00e0 vendu au Maroc sous l\u2019appellation \u00abhijab\u00bb, et qui suscite la pol\u00e9mique en France.<\/p>\n\n\n\n<p>Dans les prochaines semaines, cet \u00abaccessoire initialement d\u00e9velopp\u00e9 et commercialis\u00e9 au Maroc, \u00e0 la demande de pratiquantes locales de course \u00e0 pied\u00bb, sera \u00abrendu disponible en France et partout dans le monde dans les magasins\u00bb D\u00e9cathlon qui en feront la demande, a indiqu\u00e9 \u00e0 l\u2019AFP Xavier Rivoire, responsable de la communication externe de Decathlon United.<\/p>\n\n\n\n<p>\u00abNous assumons compl\u00e8tement le choix de rendre le sport accessible pour toutes les femmes dans le monde. C\u2019est presque un engagement soci\u00e9tal, si cela permet \u00e0 des coureuses de pratiquer la course \u00e0 pied, nous l\u2019assumons avec s\u00e9r\u00e9nit\u00e9\u00bb, a-t-il poursuivi. \u00abL\u2019engouement pour le produit a fait que nous nous sommes pos\u00e9 la question de le rendre disponible\u00bb ailleurs qu\u2019au Maroc, a d\u00e9taill\u00e9 M. Rivoire, soulignant que \u00abce couvre-t\u00eate laisse le visage libre et visible\u00bb.<\/p>\n\n\n\n<p>Responsable du jogging chez Kalenji, la gamme de course \u00e0 pied de l\u2019enseigne, Ang\u00e9lique Thibault, qui a con\u00e7u le \u00abHijab Kalenji\u00bb, se dit \u00abmue par la volont\u00e9 que chaque femme puisse courir dans chaque quartier, dans chaque ville, dans chaque pays, ind\u00e9pendamment de son niveau sportif, de son \u00e9tat de forme, de sa morphologie, de son budget. Et ind\u00e9pendamment de sa culture\u00bb.<\/p>\n\n\n\n<p>Interrog\u00e9e mardi sur RTL, la ministre de la Sant\u00e9 Agn\u00e8s Buzyn a soulign\u00e9 qu\u2019un tel produit n\u2019est \u00abpas interdit par la loi\u00bb. Mais \u00abc\u2019est une vision de la femme que je ne partage pas. En tant que femme c\u2019est comme \u00e7a que je le vis. Tout ce qui peut amener \u00e0 une diff\u00e9renciation me g\u00eane. J\u2019aurais pr\u00e9f\u00e9r\u00e9 qu\u2019une marque fran\u00e7aise ne promeuve pas le voile\u00bb, a-t-elle ajout\u00e9. \u00abPersonnellement, je n\u2019ai pas envie qu\u2019on favorise la diff\u00e9renciation entre les femmes et les hommes\u00bb, a mis en avant la ministre.<\/p>\n\n\n\n<p>Pour Aurore Berg\u00e9, porte-parole de La R\u00e9publique en marche, \u00able sport \u00e9mancipe. Il ne soumet pas. Mon choix de femme et de citoyenne sera de ne plus faire confiance \u00e0 une marque qui rompt avec nos valeurs. Ceux qui tol\u00e8rent les femmes dans l\u2019espace public uniquement quand elles se cachent ne sont pas des amoureux de la libert\u00e9\u00bb.<\/p>\n","protected":false},"excerpt":{"rendered":"<p>D\u00e9cathlon renonce finalement \u00e0 la commercialisation de son \u00ab\u00a0hijab de running\u00a0\u00bb . Xavier RIVOIRE, directeur de la communication de l&rsquo;enseigne, l\u2019annonce sur RTL : \u00ab Nous prenons effectivement d\u00e9cision en toute responsabilit\u00e9 en ce mardi soir, de ne pas commercialiser \u00e0 l\u2019heure qu\u2019il est ce produit en France. \u00bb Le groupe fran\u00e7ais D\u00e9cathlon a affirm\u00e9 [&hellip;]<\/p>\n","protected":false},"author":2,"featured_media":11648,"comment_status":"open","ping_status":"open","sticky":false,"template":"","format":"standard","meta":{"_jetpack_memberships_contains_paid_content":false,"footnotes":"","jetpack_publicize_message":"","jetpack_publicize_feature_enabled":true,"jetpack_social_post_already_shared":true,"jetpack_social_options":{"image_generator_settings":{"template":"highway","default_image_id":0,"font":"","enabled":false},"version":2},"_wpas_customize_per_network":false},"categories":[405],"tags":[],"class_list":["post-11647","post","type-post","status-publish","format-standard","has-post-thumbnail","hentry","category-actu-france-monde"],"jetpack_publicize_connections":[],"jetpack_featured_media_url":"https:\/\/i0.wp.com\/www.iceagetv.com\/radiosite\/wp-content\/uploads\/2019\/02\/D%C3%A9cathlon.jpg?fit=750%2C324&ssl=1","jetpack_sharing_enabled":true,"_links":{"self":[{"href":"https:\/\/www.iceagetv.com\/radiosite\/wp-json\/wp\/v2\/posts\/11647","targetHints":{"allow":["GET"]}}],"collection":[{"href":"https:\/\/www.iceagetv.com\/radiosite\/wp-json\/wp\/v2\/posts"}],"about":[{"href":"https:\/\/www.iceagetv.com\/radiosite\/wp-json\/wp\/v2\/types\/post"}],"author":[{"embeddable":true,"href":"https:\/\/www.iceagetv.com\/radiosite\/wp-json\/wp\/v2\/users\/2"}],"replies":[{"embeddable":true,"href":"https:\/\/www.iceagetv.com\/radiosite\/wp-json\/wp\/v2\/comments?post=11647"}],"version-history":[{"count":1,"href":"https:\/\/www.iceagetv.com\/radiosite\/wp-json\/wp\/v2\/posts\/11647\/revisions"}],"predecessor-version":[{"id":11649,"href":"https:\/\/www.iceagetv.com\/radiosite\/wp-json\/wp\/v2\/posts\/11647\/revisions\/11649"}],"wp:featuredmedia":[{"embeddable":true,"href":"https:\/\/www.iceagetv.com\/radiosite\/wp-json\/wp\/v2\/media\/11648"}],"wp:attachment":[{"href":"https:\/\/www.iceagetv.com\/radiosite\/wp-json\/wp\/v2\/media?parent=11647"}],"wp:term":[{"taxonomy":"category","embeddable":true,"href":"https:\/\/www.iceagetv.com\/radiosite\/wp-json\/wp\/v2\/categories?post=11647"},{"taxonomy":"post_tag","embeddable":true,"href":"https:\/\/www.iceagetv.com\/radiosite\/wp-json\/wp\/v2\/tags?post=11647"}],"curies":[{"name":"wp","href":"https:\/\/api.w.org\/{rel}","templated":true}]}}