{"id":11656,"date":"2019-02-28T07:34:50","date_gmt":"2019-02-28T07:34:50","guid":{"rendered":"http:\/\/www.iceagetv.com\/radiosite\/?p=11656"},"modified":"2019-02-28T07:34:59","modified_gmt":"2019-02-28T07:34:59","slug":"eurovision-2019-de-lukraine-a-lislande-ca-polemique-de-partout","status":"publish","type":"post","link":"https:\/\/www.iceagetv.com\/radiosite\/eurovision-2019-de-lukraine-a-lislande-ca-polemique-de-partout\/","title":{"rendered":"Eurovision 2019: De l&rsquo;Ukraine \u00e0 l&rsquo;Islande, \u00e7a pol\u00e9mique de partout"},"content":{"rendered":"\n<ul class=\"wp-block-list\"><li>La finale de l\u2019Eurovision aura lieu le 18&nbsp;mai 2019 \u00e0 Tel Aviv (Isra\u00ebl).<\/li><li>A un peu plus de deux mois de l\u2019\u00e9v\u00e9nement, des pol\u00e9miques ont d\u00e9j\u00e0 surgi dans plusieurs pays comme l\u2019Ukraine, l\u2019Italie ou la France.<\/li><li>Si le groupe Hatari est d\u00e9sign\u00e9 pour repr\u00e9senter l\u2019Islande \u00e0 l\u2019Eurovision, un nouveau couac diplomatique pourrait s\u2019ajouter \u00e0 la liste.<\/li><\/ul>\n\n\n\n<p>\u00ab&nbsp;Eurodrama&nbsp;\u00bb&nbsp;:&nbsp;nom masculin \u2013 et n\u00e9ologisme &#8211; d\u00e9signant une pol\u00e9mique li\u00e9e&nbsp;\u00e0 l\u2019<a href=\"https:\/\/www.20minutes.fr\/culture\/eurovision\/\">Eurovision<\/a>. G\u00e9n\u00e9ralement, le terme concerne des faits purement anecdotiques telles que des&nbsp;<a href=\"https:\/\/eurovision-quotidien.com\/lisbonne-2018-salvador-sobral-dans-loeil-du-cyclone\/\" target=\"_blank\" rel=\"noreferrer noopener\">chamailleries entre artistes<\/a>&nbsp;ou des&nbsp;<a href=\"https:\/\/wiwibloggs.com\/2015\/05\/11\/netherlands-trijntje-oosterhuis-first-rehearsal\/93770\/\" target=\"_blank\" rel=\"noreferrer noopener\">questions vestimentaires<\/a>\u2026 Le cru 2019 s\u2019annonce riche en \u00ab&nbsp;Eurodramas&nbsp;\u00bb s\u00e9rieux, o\u00f9 la politique et la diplomatie s\u2019invitent entre deux couplets. A un peu plus de deux mois de la finale qui se d\u00e9roulera en mai \u00e0 Tel-Aviv (Isra\u00ebl), voici les exemples les plus marquants que l\u2019on a d\u00e9j\u00e0 r\u00e9colt\u00e9s\u2026<\/p>\n\n\n\n<ul class=\"wp-block-list\"><li><strong>L\u2019Ukraine se retire (apr\u00e8s s\u2019\u00eatre tir\u00e9 une balle dans le pied)<\/strong><\/li><\/ul>\n\n\n\n<p>Le feuilleton a commenc\u00e9 ce week-end et s\u2019est achev\u00e9 mercredi. L\u2019Ukraine n<a rel=\"noreferrer noopener\" href=\"https:\/\/www.facebook.com\/148182332275963\/posts\/621730478254477?sfns=mo\" target=\"_blank\">e participera pas \u00e0 l&rsquo;Eurovision<\/a>.\u00a0Maruv a remport\u00e9 samedi la finale de la s\u00e9lection ukrainienne pour l\u2019Eurovision. Les t\u00e9l\u00e9spectateurs l\u2019ont pl\u00e9biscit\u00e9, mais du c\u00f4t\u00e9 de la cha\u00eene UA\u00a0:\u00a0PBC qui devait diffuser\u00a0le concours, sa victoire avait \u00e9t\u00e9 accueillie par une soupe \u00e0 la grimace.<br>Non parce qu\u2019elle n\u2019appr\u00e9ciait pas sa chanson \u00e0 la chor\u00e9graphie tr\u00e8s distingu\u00e9e, mais parce que la jeune femme, star dans son pays, est aussi tr\u00e8s populaire en Russie, le pays voisin et ennemi. Le contrat que la t\u00e9l\u00e9vision publique ukrainienne a soumis \u00e0 Maruv contenait des clauses strictes\u00a0:\u00a0la chanteuse devait annuler ses concerts pr\u00e9vus prochainement au pays de Poutine, avait interdiction de r\u00e9pondre aux m\u00e9dias sans l\u2019aval d\u2019UA\u00a0:\u00a0PBC et devait renoncer \u00e0 toute improvisation sur sc\u00e8ne. Des exigences habituelles pour tout repr\u00e9sentant ukrainien \u00e0 l\u2019Eurovision, assure la cha\u00eene. Mais\u00a0<a href=\"https:\/\/www.20minutes.fr\/arts-stars\/television\/2460267-20190226-eurovision-candidate-ukrainienne-ecartee-concours-raisons-politiques\">l\u2019artiste, elle, a refus\u00e9 et dit adieu \u00e0 la comp\u00e9tition<\/a>. \u00ab\u00a0Je ne suis pas pr\u00eate \u00e0 me produire avec des slogans, faisant de mon spectacle au concours une promotion de nos politiciens. Je suis une musicienne, pas un outil dans le jeu politique\u00a0\u00bb, a-t-elle expliqu\u00e9 sur Instagram.<\/p>\n\n\n\n<p>La cha\u00eene a propos\u00e9 au trio Freedom Jazz, arriv\u00e9 deuxi\u00e8me de la s\u00e9lection nationale, de repr\u00e9senter l\u2019Ukraine au concours de chansons. Le trio a refus\u00e9. Le ticket pour Tel-Aviv a ensuite \u00e9t\u00e9 propos\u00e9 au groupe Kazka, class\u00e9 troisi\u00e8me\u2026 Le groupe a d\u00e9clin\u00e9 l\u2019offre. Il devait en \u00eatre de m\u00eame pour les suivants, les groupes Yuko (venu\u2026 de Russie&nbsp;!), Brunette Shoot Blondes (qui avait d\u00e9j\u00e0 fait savoir qu\u2019il ne comptait pas y aller) et Anna Maria. S\u00e9lectionner des candidats pour ensuite refuser leur participation semble absurde. Dans le cas ukrainien, cela s\u2019explique par le fait que c\u2019est la cha\u00eene priv\u00e9e STB qui organise la s\u00e9lection, et que la cha\u00eene publique UA&nbsp;:&nbsp;PBC prend le relais pour l\u2019Eurovision. Comme si, chez nous, M6 s\u2019occupait de&nbsp;<em><a href=\"https:\/\/www.20minutes.fr\/arts-stars\/television\/destination-eurovision\/\">Destination Eurovision<\/a><\/em>&nbsp;avant de laisser France 2 se d\u00e9brouiller avec le candidat gagnant.<\/p>\n\n\n\n<p>\u00ab&nbsp;Il se peut que&nbsp;personne ne repr\u00e9sente l\u2019Ukraine \u00e0 l\u2019Eurovision, avait proph\u00e9tis\u00e9 Oleksandra Koltsova, membre du conseil d\u2019administration d\u2019UA&nbsp;:&nbsp;PBC. Nous sommes confront\u00e9s \u00e0 une crise \u00e0 laquelle il n\u2019y a pas de r\u00e9ponse d\u00e9finitive ou correcte. La soci\u00e9t\u00e9 est divis\u00e9e.&nbsp;\u00bb L\u2019\u00e9dition 2019 se fera donc finalement sans pays organisateur de l\u2019\u00e9dition 2017.<\/p>\n\n\n\n<ul class=\"wp-block-list\"><li><strong>Les fausses notes populistes en Italie<\/strong><\/li><\/ul>\n\n\n\n<p>A c\u00f4t\u00e9 du drama ukrainien, la pol\u00e9mique italienne est une bluette. Nos voisins transalpins auront bien un candidat \u00e0 Tel Aviv, en l\u2019occurrence\u00a0<a href=\"https:\/\/www.20minutes.fr\/arts-stars\/culture\/2447895-20190210-eurovision-mahmood-representera-italie-ca-rejouit-vraiment-matteo-salvini\">Mahmood qui a d\u00e9croch\u00e9 son ticket pour l\u2019Eurovision<\/a>\u00a0en remportant\u00a0<a href=\"https:\/\/www.20minutes.fr\/culture\/musique\/2216499-20180207-sanremo-2018-connaissez-mieux-mythique-festival-italien-pensez-prouve\">le mythique Festival de la chanson italienne de Sanremo<\/a>d\u00e9but f\u00e9vrier. Sa victoire a elle aussi fait grincer des dents dans les hautes sph\u00e8res du pouvoir. Matteo Salvini, vice-pr\u00e9sident du Conseil, s\u2019est empress\u00e9 de tweeter pour\u00a0<a rel=\"noreferrer noopener\" href=\"https:\/\/twitter.com\/matteosalvinimi\/status\/1094394837468696578\" target=\"_blank\">faire savoir que Mahmood n\u2019\u00e9tait pas sa tasse de th\u00e9<\/a>. Il aurait pr\u00e9f\u00e9r\u00e9 l\u2019un des autres finalistes\u00a0:\u00a0Ultimo. Ultimo\u00a0\u00e9tait d\u2019ailleurs arriv\u00e9 en t\u00eate des votes des t\u00e9l\u00e9spectateurs en recueillant 46.50\u00a0% des suffrages, devant le trio Il Volo (39.40\u00a0%) et surtout loin devant Mahmood qui b\u00e9n\u00e9ficiait de seulement 14.10\u00a0% des voix. Ce sont les journalistes et le jury d\u2019expert qui, en votant massivement pour Mahmood, lui ont permis de s\u2019imposer. \u00ab\u00a0Je remercie Sanremo parce que, cette ann\u00e9e, il a fait prendre conscience \u00e0 des millions d\u2019Italiens de l\u2019\u00e9cart abyssal entre le peuple et l\u2019\u00ab\u00a0\u00e9lite\u00a0\u00bb. Entre l\u2019identit\u00e9 des citoyens lambda et celle des bobos (\u00ab\u00a0radical chic\u00a0\u00bb)\u00a0\u00bb,\u00a0<a rel=\"noreferrer noopener\" href=\"https:\/\/www.facebook.com\/LuigiDiMaio\/posts\/2110963158940219\" target=\"_blank\">a cingl\u00e9 Luigi di Maio, le vice-pr\u00e9sident du Conseil des ministres<\/a>\u00a0entonnant lui aussi un refrain populiste.<br>Parce que sa chanson,\u00a0<em>Soldi<\/em>, compte trois mots d\u2019arabe et qu\u2019il est n\u00e9 d\u2019une m\u00e8re italienne et d\u2019un p\u00e8re \u00e9gyptien, Mahmood n\u2019a pas \u00e9t\u00e9 non plus \u00e9pargn\u00e9 par les couplets racistes. Ermal Meta, qui a repr\u00e9sent\u00e9 l\u2019Italie \u00e0 l\u2019Eurovision l\u2019an pass\u00e9 avec Fabrizio Mauro \u2013 ils avaient fini 5e \u2013 est intervenu. \u00ab\u00a0A tous ceux qui disent que la victoire de Mahmood est politique\u00a0:\u00a0ne trempez pas ce qui est beau dans la merde. La musique n\u2019a pas de passeports mais si vous voulez vraiment \u00ab\u00a0v\u00e9rifier\u00a0\u00bb, [il] a un passeport italien. Et m\u00eame si ce n\u2019est pas le cas, #Qui\u00c7aEmmerde\u00a0\u00bb, a-t-il tweet\u00e9.<\/p>\n","protected":false},"excerpt":{"rendered":"<p>La finale de l\u2019Eurovision aura lieu le 18&nbsp;mai 2019 \u00e0 Tel Aviv (Isra\u00ebl). A un peu plus de deux mois de l\u2019\u00e9v\u00e9nement, des pol\u00e9miques ont d\u00e9j\u00e0 surgi dans plusieurs pays comme l\u2019Ukraine, l\u2019Italie ou la France. Si le groupe Hatari est d\u00e9sign\u00e9 pour repr\u00e9senter l\u2019Islande \u00e0 l\u2019Eurovision, un nouveau couac diplomatique pourrait s\u2019ajouter \u00e0 la [&hellip;]<\/p>\n","protected":false},"author":2,"featured_media":11657,"comment_status":"open","ping_status":"open","sticky":false,"template":"","format":"standard","meta":{"_jetpack_memberships_contains_paid_content":false,"footnotes":"","jetpack_publicize_message":"","jetpack_publicize_feature_enabled":true,"jetpack_social_post_already_shared":true,"jetpack_social_options":{"image_generator_settings":{"template":"highway","default_image_id":0,"font":"","enabled":false},"version":2},"_wpas_customize_per_network":false},"categories":[68],"tags":[],"class_list":["post-11656","post","type-post","status-publish","format-standard","has-post-thumbnail","hentry","category-actu-culturelle"],"jetpack_publicize_connections":[],"jetpack_featured_media_url":"https:\/\/i0.wp.com\/www.iceagetv.com\/radiosite\/wp-content\/uploads\/2019\/02\/Eurovision-2019.jpg?fit=640%2C410&ssl=1","jetpack_sharing_enabled":true,"_links":{"self":[{"href":"https:\/\/www.iceagetv.com\/radiosite\/wp-json\/wp\/v2\/posts\/11656","targetHints":{"allow":["GET"]}}],"collection":[{"href":"https:\/\/www.iceagetv.com\/radiosite\/wp-json\/wp\/v2\/posts"}],"about":[{"href":"https:\/\/www.iceagetv.com\/radiosite\/wp-json\/wp\/v2\/types\/post"}],"author":[{"embeddable":true,"href":"https:\/\/www.iceagetv.com\/radiosite\/wp-json\/wp\/v2\/users\/2"}],"replies":[{"embeddable":true,"href":"https:\/\/www.iceagetv.com\/radiosite\/wp-json\/wp\/v2\/comments?post=11656"}],"version-history":[{"count":1,"href":"https:\/\/www.iceagetv.com\/radiosite\/wp-json\/wp\/v2\/posts\/11656\/revisions"}],"predecessor-version":[{"id":11658,"href":"https:\/\/www.iceagetv.com\/radiosite\/wp-json\/wp\/v2\/posts\/11656\/revisions\/11658"}],"wp:featuredmedia":[{"embeddable":true,"href":"https:\/\/www.iceagetv.com\/radiosite\/wp-json\/wp\/v2\/media\/11657"}],"wp:attachment":[{"href":"https:\/\/www.iceagetv.com\/radiosite\/wp-json\/wp\/v2\/media?parent=11656"}],"wp:term":[{"taxonomy":"category","embeddable":true,"href":"https:\/\/www.iceagetv.com\/radiosite\/wp-json\/wp\/v2\/categories?post=11656"},{"taxonomy":"post_tag","embeddable":true,"href":"https:\/\/www.iceagetv.com\/radiosite\/wp-json\/wp\/v2\/tags?post=11656"}],"curies":[{"name":"wp","href":"https:\/\/api.w.org\/{rel}","templated":true}]}}