{"id":11665,"date":"2019-03-01T13:37:33","date_gmt":"2019-03-01T13:37:33","guid":{"rendered":"http:\/\/www.iceagetv.com\/radiosite\/?p=11665"},"modified":"2019-03-01T13:37:40","modified_gmt":"2019-03-01T13:37:40","slug":"contestation-en-algerie-des-milliers-de-personnes-defilent-a-alger","status":"publish","type":"post","link":"https:\/\/www.iceagetv.com\/radiosite\/contestation-en-algerie-des-milliers-de-personnes-defilent-a-alger\/","title":{"rendered":"Contestation en Alg\u00e9rie: des milliers de personnes d\u00e9filent \u00e0 Alger"},"content":{"rendered":"\n<p>Plusieurs milliers d&rsquo;Alg\u00e9riens d\u00e9filaient aujourd&rsquo;hui en d\u00e9but d&rsquo;apr\u00e8s-midi en diff\u00e9rents points du centre d&rsquo;Alger, contre la perspective d&rsquo;un\u00a0<a href=\"http:\/\/www.lefigaro.fr\/international\/2019\/02\/24\/01003-20190224ARTFIG00195-l-algerie-s-insurge-contre-la-reelectionannoncee-d-abdelaziz-bouteflika.php\">5e mandat<\/a>\u00a0du\u00a0<a href=\"http:\/\/plus.lefigaro.fr\/tag\/abdelaziz-bouteflika\">pr\u00e9sident Abdelaziz Bouteflika<\/a>, ont constat\u00e9 des journalistes de l&rsquo;AFP.<\/p>\n\n\n\n<p>Rassembl\u00e9s dans les rues alentour,&nbsp;<a href=\"http:\/\/www.lefigaro.fr\/international\/2019\/02\/28\/01003-20190228ARTFIG00217-algerie-le-pouvoir-campe-derriere-bouteflika.php\">les manifestants<\/a>&nbsp;scandaient des slogans hostiles \u00e0 un 5e mandat de Abdelaziz Bouteflika. Pr\u00e8s de la Place des Martyrs, vaste esplanade du centre de la capitale, un cort\u00e8ge de milliers d&rsquo;Alg\u00e9riens a \u00e9t\u00e9 bloqu\u00e9 par la police anti-\u00e9meutes qui a fait usage de lacrymog\u00e8ne pour tenter de les disperser.<\/p>\n\n\n\n<p><a href=\"http:\/\/www.lefigaro.fr\/international\/2019\/02\/28\/01003-20190228ARTFIG00083-algerie-les-journalistes-reclament-le-droit-d-informer.php\">Un journaliste et une photographe de la presse \u00e9crite alg\u00e9rienne ont \u00e9t\u00e9 bri\u00e8vement arr\u00eat\u00e9s<\/a>&nbsp;et la police les a \u00e9loign\u00e9s de la manifestation avant de les rel\u00e2cher, selon la journaliste de l&rsquo;AFP sur place, \u00e0 qui des policiers ont demand\u00e9 de s&rsquo;\u00e9loigner pour sa \u00ab\u00a0s\u00e9curit\u00e9\u00a0\u00bb. Plusieurs rassemblements ont \u00e9t\u00e9 signal\u00e9s dans plusieurs localit\u00e9s alg\u00e9riennes, selon le site d&rsquo;information TSA (Tout sur l&rsquo;Alg\u00e9rie).<\/p>\n\n\n\n<p><strong>Une contestation d&rsquo;ampleur in\u00e9dite<\/strong><\/p>\n\n\n\n<p>En annon\u00e7ant le 10 f\u00e9vrier sa candidature \u00e0 la pr\u00e9sidentielle du 18 avril, Abdelaziz Bouteflika, au pouvoir depuis 1999 et qui souffre des s\u00e9quelles d&rsquo;un accident vasculaire c\u00e9r\u00e9bral (AVC) depuis 2013, a mis fin \u00e0 de longs mois d&rsquo;incertitude mais aussi d\u00e9clench\u00e9 une contestation d&rsquo;ampleur in\u00e9dite en 20 ans et le visant directement, du jamais vu.<\/p>\n\n\n\n<p>Enjeu principal d&rsquo;aujourd&rsquo;hui, la mobilisation sera scrut\u00e9e de pr\u00e8s par le camp pr\u00e9sidentiel, \u00e0 trois jours de la date limite, dimanche minuit locale, du d\u00e9p\u00f4t des dossiers de candidature devant la Conseil constitutionnel. La r\u00e9action des forces de l&rsquo;ordre, qui ont jusqu&rsquo;ici largement laiss\u00e9 faire, m\u00eame \u00e0 Alger o\u00f9 toute manifestation est strictement interdite depuis 2001, sera \u00e9galement observ\u00e9e de pr\u00e8s, alors que le camp pr\u00e9sidentiel a fait savoir qu&rsquo;il n&rsquo;entendait pas reculer face \u00e0 la rue.<\/p>\n","protected":false},"excerpt":{"rendered":"<p>Plusieurs milliers d&rsquo;Alg\u00e9riens d\u00e9filaient aujourd&rsquo;hui en d\u00e9but d&rsquo;apr\u00e8s-midi en diff\u00e9rents points du centre d&rsquo;Alger, contre la perspective d&rsquo;un\u00a05e mandat\u00a0du\u00a0pr\u00e9sident Abdelaziz Bouteflika, ont constat\u00e9 des journalistes de l&rsquo;AFP. Rassembl\u00e9s dans les rues alentour,&nbsp;les manifestants&nbsp;scandaient des slogans hostiles \u00e0 un 5e mandat de Abdelaziz Bouteflika. Pr\u00e8s de la Place des Martyrs, vaste esplanade du centre de la [&hellip;]<\/p>\n","protected":false},"author":2,"featured_media":11666,"comment_status":"open","ping_status":"open","sticky":false,"template":"","format":"standard","meta":{"_jetpack_memberships_contains_paid_content":false,"footnotes":"","jetpack_publicize_message":"","jetpack_publicize_feature_enabled":true,"jetpack_social_post_already_shared":true,"jetpack_social_options":{"image_generator_settings":{"template":"highway","default_image_id":0,"font":"","enabled":false},"version":2},"_wpas_customize_per_network":false},"categories":[405],"tags":[],"class_list":["post-11665","post","type-post","status-publish","format-standard","has-post-thumbnail","hentry","category-actu-france-monde"],"jetpack_publicize_connections":[],"jetpack_featured_media_url":"https:\/\/i0.wp.com\/www.iceagetv.com\/radiosite\/wp-content\/uploads\/2019\/03\/Alg%C3%A9rie.jpg?fit=600%2C300&ssl=1","jetpack_sharing_enabled":true,"_links":{"self":[{"href":"https:\/\/www.iceagetv.com\/radiosite\/wp-json\/wp\/v2\/posts\/11665","targetHints":{"allow":["GET"]}}],"collection":[{"href":"https:\/\/www.iceagetv.com\/radiosite\/wp-json\/wp\/v2\/posts"}],"about":[{"href":"https:\/\/www.iceagetv.com\/radiosite\/wp-json\/wp\/v2\/types\/post"}],"author":[{"embeddable":true,"href":"https:\/\/www.iceagetv.com\/radiosite\/wp-json\/wp\/v2\/users\/2"}],"replies":[{"embeddable":true,"href":"https:\/\/www.iceagetv.com\/radiosite\/wp-json\/wp\/v2\/comments?post=11665"}],"version-history":[{"count":1,"href":"https:\/\/www.iceagetv.com\/radiosite\/wp-json\/wp\/v2\/posts\/11665\/revisions"}],"predecessor-version":[{"id":11667,"href":"https:\/\/www.iceagetv.com\/radiosite\/wp-json\/wp\/v2\/posts\/11665\/revisions\/11667"}],"wp:featuredmedia":[{"embeddable":true,"href":"https:\/\/www.iceagetv.com\/radiosite\/wp-json\/wp\/v2\/media\/11666"}],"wp:attachment":[{"href":"https:\/\/www.iceagetv.com\/radiosite\/wp-json\/wp\/v2\/media?parent=11665"}],"wp:term":[{"taxonomy":"category","embeddable":true,"href":"https:\/\/www.iceagetv.com\/radiosite\/wp-json\/wp\/v2\/categories?post=11665"},{"taxonomy":"post_tag","embeddable":true,"href":"https:\/\/www.iceagetv.com\/radiosite\/wp-json\/wp\/v2\/tags?post=11665"}],"curies":[{"name":"wp","href":"https:\/\/api.w.org\/{rel}","templated":true}]}}