{"id":11686,"date":"2019-03-03T10:54:31","date_gmt":"2019-03-03T10:54:31","guid":{"rendered":"http:\/\/www.iceagetv.com\/radiosite\/?p=11686"},"modified":"2019-03-03T10:54:37","modified_gmt":"2019-03-03T10:54:37","slug":"vous-preferez-rester-a-lheure-dete-ou-a-lheure-dhiver-vous-avez-jusqua-ce-soir-minuit-pour-donner-votre-avis","status":"publish","type":"post","link":"https:\/\/www.iceagetv.com\/radiosite\/vous-preferez-rester-a-lheure-dete-ou-a-lheure-dhiver-vous-avez-jusqua-ce-soir-minuit-pour-donner-votre-avis\/","title":{"rendered":"Vous pr\u00e9f\u00e9rez rester \u00e0 l&rsquo;heure d&rsquo;\u00e9t\u00e9 ou \u00e0 l&rsquo;heure d&rsquo;hiver ? Vous avez jusqu&rsquo;\u00e0 ce soir minuit pour donner votre avis"},"content":{"rendered":"\n<p>HORLOGE &#8211; La consultation sur le changement d&rsquo;heure organis\u00e9e par l&rsquo;Assembl\u00e9e nationale prend fin ce dimanche 3 mars \u00e0 minuit. Il ne vous reste que quelques heures pour vous prononcer pour ou contre le changement d&rsquo;heure, et afficher votre pr\u00e9f\u00e9rence pour l&rsquo;heure d&rsquo;hiver ou l&rsquo;heure d&rsquo;\u00e9t\u00e9. Actuellement, c&rsquo;est cette derni\u00e8re qui a l&rsquo;avantage parmi les personnes consult\u00e9es. Cons\u00e9quence : en Bretagne, le soleil se l\u00e8verait, par exemple, \u00e0 10h du matin fin d\u00e9cembre !<\/p>\n\n\n\n<p>Faut-il abolir le changement d&rsquo;heure ? Si oui, faut-il conserver l&rsquo;heure d&rsquo;hiver ou l&rsquo;heure d&rsquo;\u00e9t\u00e9 ? Il est encore possible de r\u00e9pondre \u00e0 ces questions sur le site de l&rsquo;Assembl\u00e9e nationale, jusqu&rsquo;au 3 mars minuit. Cette consultation fait suite \u00e0 une &nbsp;proposition de directive de la Commission europ\u00e9enne de mettre fin aux changements d&rsquo;heure en mars et en octobre, et de permettre aux Etats membres de choisir leur fuseau horaire.<\/p>\n\n\n\n<p>C&rsquo;est pour cette raison que la Commission des Affaires europ\u00e9ennes de l&rsquo;Assembl\u00e9e nationale avait lanc\u00e9 le 4 f\u00e9vrier dernier\u00a0<a rel=\"noreferrer noopener\" href=\"https:\/\/questionnaire.assemblee-nationale.fr\/785621?lang=fr\" target=\"_blank\">une consultation pour recueillir l&rsquo;avis des Fran\u00e7ais<\/a>. Les r\u00e9sultats seront transmis aux institutions europ\u00e9ennes mais n&rsquo;auront pas de valeur contraignante.<\/p>\n\n\n\n<p>55% des personnes consult\u00e9es pour conserver l&rsquo;heure d&rsquo;\u00e9t\u00e9<\/p>\n\n\n\n<p>D&rsquo;apr\u00e8s les informations de l&rsquo;AFP, sur les 670.000 r\u00e9ponses recueillies jeudi soir, 55% sont favorables \u00e0 un maintien toute l&rsquo;ann\u00e9e \u00e0 l&rsquo;heure d&rsquo;\u00e9t\u00e9, alors que le 18 f\u00e9vrier la tendance \u00e9tait \u00e0 une courte majorit\u00e9 pour l&rsquo;heure d&rsquo;hiver, a indiqu\u00e9 la Commission. Lors d&rsquo;une consultation lanc\u00e9e par la Commission europ\u00e9enne \u00e0 l&rsquo;\u00e9t\u00e9 2018, 56% des votants des pays europ\u00e9ens, dont la France \u00e0 52%, \u00e9taient favorables \u00e0 conserver l&rsquo;heure d&rsquo;\u00e9t\u00e9 contre 36% pour l&rsquo;heure d&rsquo;hiver. Les r\u00e9pondants du Portugal, Chypre et de la Pologne avaient une pr\u00e9f\u00e9rence pour l&rsquo;heure d&rsquo;\u00e9t\u00e9, la Finlande, le Danemark et les Pays-Bas pour l&rsquo;heure d&rsquo;hiver.<\/p>\n\n\n\n<p>En Bretagne, le soleil se l\u00e8verait \u00e0 10h du matin fin d\u00e9cembre<\/p>\n\n\n\n<p>Garder l&rsquo;heure d&rsquo;\u00e9t\u00e9 en France aurait des cons\u00e9quences l&rsquo;hiver, notamment dans les r\u00e9gions de l&rsquo;Ouest. En Bretagne, le soleil se l\u00e9verait, par exemple, \u00e0 10h du matin fin d\u00e9cembre !<\/p>\n\n\n\n<p>Aussi, 80% des sond\u00e9s seraient favorables \u00e0 la fin du changement d&rsquo;heure, presque autant que les 84% d&rsquo;Europ\u00e9ens favorables \u00e0 son abolition lors de la consultation de la Commission europ\u00e9enne.<\/p>\n\n\n\n<p>Chaque ann\u00e9e, le changement d&rsquo;heure est contest\u00e9. Ses d\u00e9tracteurs invoquent des effets n\u00e9gatifs sur le sommeil et la sant\u00e9 ou &nbsp;sur les accidents de la route, ainsi que l&rsquo;absence de r\u00e9elles \u00e9conomies d&rsquo;\u00e9nergie. Si le changement d&rsquo;heure devait \u00eatre aboli, cela n&rsquo;interviendrait pas avant 2021.<\/p>\n","protected":false},"excerpt":{"rendered":"<p>HORLOGE &#8211; La consultation sur le changement d&rsquo;heure organis\u00e9e par l&rsquo;Assembl\u00e9e nationale prend fin ce dimanche 3 mars \u00e0 minuit. Il ne vous reste que quelques heures pour vous prononcer pour ou contre le changement d&rsquo;heure, et afficher votre pr\u00e9f\u00e9rence pour l&rsquo;heure d&rsquo;hiver ou l&rsquo;heure d&rsquo;\u00e9t\u00e9. Actuellement, c&rsquo;est cette derni\u00e8re qui a l&rsquo;avantage parmi les [&hellip;]<\/p>\n","protected":false},"author":2,"featured_media":11687,"comment_status":"open","ping_status":"open","sticky":false,"template":"","format":"standard","meta":{"_jetpack_memberships_contains_paid_content":false,"footnotes":"","jetpack_publicize_message":"","jetpack_publicize_feature_enabled":true,"jetpack_social_post_already_shared":true,"jetpack_social_options":{"image_generator_settings":{"template":"highway","default_image_id":0,"font":"","enabled":false},"version":2},"_wpas_customize_per_network":false},"categories":[68],"tags":[],"class_list":["post-11686","post","type-post","status-publish","format-standard","has-post-thumbnail","hentry","category-actu-culturelle"],"jetpack_publicize_connections":[],"jetpack_featured_media_url":"https:\/\/i0.wp.com\/www.iceagetv.com\/radiosite\/wp-content\/uploads\/2019\/03\/Vous-pr%C3%A9f%C3%A9rez-rester-%C3%A0-lheure-d%C3%A9t%C3%A9-ou-%C3%A0-lheure-dhiver.jpeg?fit=613%2C344&ssl=1","jetpack_sharing_enabled":true,"_links":{"self":[{"href":"https:\/\/www.iceagetv.com\/radiosite\/wp-json\/wp\/v2\/posts\/11686","targetHints":{"allow":["GET"]}}],"collection":[{"href":"https:\/\/www.iceagetv.com\/radiosite\/wp-json\/wp\/v2\/posts"}],"about":[{"href":"https:\/\/www.iceagetv.com\/radiosite\/wp-json\/wp\/v2\/types\/post"}],"author":[{"embeddable":true,"href":"https:\/\/www.iceagetv.com\/radiosite\/wp-json\/wp\/v2\/users\/2"}],"replies":[{"embeddable":true,"href":"https:\/\/www.iceagetv.com\/radiosite\/wp-json\/wp\/v2\/comments?post=11686"}],"version-history":[{"count":1,"href":"https:\/\/www.iceagetv.com\/radiosite\/wp-json\/wp\/v2\/posts\/11686\/revisions"}],"predecessor-version":[{"id":11688,"href":"https:\/\/www.iceagetv.com\/radiosite\/wp-json\/wp\/v2\/posts\/11686\/revisions\/11688"}],"wp:featuredmedia":[{"embeddable":true,"href":"https:\/\/www.iceagetv.com\/radiosite\/wp-json\/wp\/v2\/media\/11687"}],"wp:attachment":[{"href":"https:\/\/www.iceagetv.com\/radiosite\/wp-json\/wp\/v2\/media?parent=11686"}],"wp:term":[{"taxonomy":"category","embeddable":true,"href":"https:\/\/www.iceagetv.com\/radiosite\/wp-json\/wp\/v2\/categories?post=11686"},{"taxonomy":"post_tag","embeddable":true,"href":"https:\/\/www.iceagetv.com\/radiosite\/wp-json\/wp\/v2\/tags?post=11686"}],"curies":[{"name":"wp","href":"https:\/\/api.w.org\/{rel}","templated":true}]}}