{"id":11691,"date":"2019-03-03T10:58:07","date_gmt":"2019-03-03T10:58:07","guid":{"rendered":"http:\/\/www.iceagetv.com\/radiosite\/?p=11691"},"modified":"2019-03-03T10:58:14","modified_gmt":"2019-03-03T10:58:14","slug":"journee-decisive-en-algerie-avant-la-cloture-des-candidatures-a-la-presidentielle","status":"publish","type":"post","link":"https:\/\/www.iceagetv.com\/radiosite\/journee-decisive-en-algerie-avant-la-cloture-des-candidatures-a-la-presidentielle\/","title":{"rendered":"Journ\u00e9e d\u00e9cisive en Alg\u00e9rie, avant la cl\u00f4ture des candidatures \u00e0 la pr\u00e9sidentielle"},"content":{"rendered":"\n<p>C\u2019est une journ\u00e9e d\u00e9cisive pour l\u2019Alg\u00e9rie, qui va d\u00e9cider de la suite de la contestation que conna\u00eet le pays depuis dix jours. Dimanche 3&nbsp;mars marque la date limite de d\u00e9p\u00f4t des candidatures \u00e0 l\u2019\u00e9lection pr\u00e9sidentielle du 18&nbsp;avril&nbsp;: pass\u00e9 minuit, plus personne ne pourra se porter candidat.<\/p>\n\n\n\n<p>Tous les regards sont bien s\u00fbr tourn\u00e9s vers Abdelaziz Bouteflika, qui devrait d\u00e9poser sa cinqui\u00e8me candidature, malgr\u00e9 les appels de la rue pour qu\u2019il y renonce.<\/p>\n\n\n\n<ul class=\"wp-block-list\"><li><strong>Le directeur de campagne de Bouteflika limog\u00e9<\/strong><\/li><\/ul>\n\n\n\n<p>Samedi, le pr\u00e9sident Bouteflika\u00a0<a href=\"https:\/\/www.lemonde.fr\/afrique\/article\/2019\/03\/02\/en-algerie-bouteflika-limoge-son-directeur-de-campagne_5430630_3212.html\">a limog\u00e9 son directeur de campagne, Abdelmalek Sellal,<\/a>\u00a0au lendemain de manifestations massives.<\/p>\n\n\n\n<p>M.&nbsp;Sellal, un ancien premier ministre qui avait anim\u00e9 les trois pr\u00e9c\u00e9dentes campagnes victorieuses de M. Bouteflika (2004, 2009, 2014), a \u00e9t\u00e9 remplac\u00e9 par le ministre des transports, Abdelghani Zaalane, a simplement annonc\u00e9 l\u2019agence officielle APS, citant&nbsp;<em>\u00ab&nbsp;la direction de campagne&nbsp;\u00bb<\/em>&nbsp;du chef de l\u2019Etat.<\/p>\n\n\n\n<p>Aucune explication n\u2019a \u00e9t\u00e9 donn\u00e9e \u00e0 ce changement. En l\u2019absence physique de M. Bouteflika, qui ne s\u2019est pas adress\u00e9 aux Alg\u00e9riens depuis un accident vasculaire c\u00e9r\u00e9bral en&nbsp;2013 et qui n\u2019appara\u00eet plus que rarement en public, M.&nbsp;Sellal se retrouvait en premi\u00e8re ligne depuis le d\u00e9but de la contestation.<\/p>\n\n\n\n<ul class=\"wp-block-list\"><li><strong>Abdelaziz Bouteflika hospitalis\u00e9 en Suisse<\/strong><\/li><\/ul>\n\n\n\n<p>Le chef de l\u2019Etat alg\u00e9rien, qui a f\u00eat\u00e9 samedi ses 82&nbsp;ans, est hospitalis\u00e9 en Suisse depuis sept jours, officiellement pour&nbsp;<em>\u00ab&nbsp;des examens m\u00e9dicaux p\u00e9riodiques&nbsp;\u00bb<\/em>. Son retour en Alg\u00e9rie n\u2019a toujours pas \u00e9t\u00e9 annonc\u00e9.<\/p>\n\n\n\n<p>Aucune disposition l\u00e9gale ne semble cependant obliger un candidat \u00e0 se pr\u00e9senter en personne au Conseil constitutionnel pour y d\u00e9poser son dossier.<\/p>\n\n\n\n<p>Et toute la semaine, le camp pr\u00e9sidentiel a r\u00e9affirm\u00e9 que la contestation n\u2019emp\u00eacherait pas le scrutin de se tenir dans les d\u00e9lais et que le dossier de candidature du chef de l\u2019Etat serait remis dimanche au Conseil constitutionnel.<\/p>\n\n\n\n<ul class=\"wp-block-list\"><li><strong>Peu d\u2019adversaires cr\u00e9dibles face \u00e0 M. Bouteflika<\/strong><\/li><\/ul>\n\n\n\n<p>Peu de candidats semblent \u00eatre en mesure de faire le poids face au pr\u00e9sident sortant. Trois figures de l\u2019opposition semblent tergiverser quant \u00e0 leur candidature&nbsp;:<\/p>\n\n\n\n<ul class=\"wp-block-list\"><li>Principal adversaire de M. Bouteflika aux pr\u00e9sidentielles de 2004 et 2014, son ancien premier ministre Ali Benflis doit annoncer dimanche s\u2019il se porte ou non candidat.<\/li><li>Abderrezak Makri, pr\u00e9sident et candidat d\u00e9clar\u00e9 du Mouvement de la soci\u00e9t\u00e9 pour la paix (MSP), principal parti islamiste qui a rompu en\u00a02012 avec l\u2019alliance pr\u00e9sidentielle, doit lui aussi se d\u00e9cider dans la journ\u00e9e.<\/li><li>Ali Ghediri, g\u00e9n\u00e9ral \u00e0 la retraite d\u00e9barqu\u00e9 sans parti fin 2018 de fa\u00e7on fracassante sur la sc\u00e8ne politique en promettant notamment une\u00a0<em>\u00ab\u00a0II<sup>e<\/sup>\u00a0R\u00e9publique\u00a0\u00bb<\/em>\u00a0et qui \u00e9tait extr\u00eamement discret ces derni\u00e8res semaines, devait lui d\u00e9poser son dossier dimanche matin, a annonc\u00e9 son coordinateur de campagne, Mokrane Ait Larbi, sur Facebook.<\/li><\/ul>\n\n\n\n<p>Pour l\u2019heure, seuls quatre petits candidats ont d\u00e9pos\u00e9 leur dossier de candidature&nbsp;:<\/p>\n\n\n\n<ul class=\"wp-block-list\"><li>Abdelaziz Bela\u00efd, 55&nbsp;ans&nbsp;: transfuge du Front de lib\u00e9ration nationale (FLN), la formation du pr\u00e9sident Bouteflika, qu\u2019il a quitt\u00e9e en&nbsp;2011 pour cr\u00e9er le Front Al-Moustakbel. Il a recueilli 3&nbsp;% des voix \u00e0 la pr\u00e9sidentielle de 2014&nbsp;;<\/li><li>Un ancien ministre du tourisme, Abdelkader Bengrina, pr\u00e9sident du Mouvement El Bina (islamiste), a annonc\u00e9 avoir d\u00e9pos\u00e9 samedi son dossier de candidature aupr\u00e8s du Conseil constitutionnel&nbsp;;<\/li><li>Deux quasi inconnus&nbsp;: Ali Zeghdoud, pr\u00e9sident du microscopique Rassemblement alg\u00e9rien (RA) et Abdelkrim Hamadi, un ind\u00e9pendant. D\u00e9j\u00e0 candidats d\u00e9clar\u00e9s lors de pr\u00e9c\u00e9dentes pr\u00e9sidentielles, leur dossier n\u2019avait pas \u00e9t\u00e9 valid\u00e9.<\/li><\/ul>\n\n\n\n<ul class=\"wp-block-list\"><li><\/li><\/ul>\n\n\n\n<p>Le Parti des travailleurs (PT), petite formation d\u2019extr\u00eame gauche, a renonc\u00e9, en raison de la contestation, \u00e0 pr\u00e9senter un candidat, pour la premi\u00e8re fois depuis 2004. Enfin, l\u2019homme d\u2019affaires Rachid Nekkaz, omnipr\u00e9sent sur les r\u00e9seaux sociaux et qui draine des foules de jeunes enthousiastes, semble ne pas remplir les conditions d\u2019\u00e9ligibilit\u00e9. Il dit avoir obtenu la perte de sa nationalit\u00e9 fran\u00e7aise, mais la loi \u00e9lectorale pr\u00e9voit qu\u2019un candidat ne doit jamais&nbsp;<em>\u00ab&nbsp;avoir poss\u00e9d\u00e9 une autre nationalit\u00e9&nbsp;\u00bb<\/em>&nbsp;qu\u2019alg\u00e9rienne.<\/p>\n\n\n\n<p>Une fois les dossiers d\u00e9pos\u00e9s, le Conseil constitutionnel statuera dans les dix jours sur leur validit\u00e9.<\/p>\n\n\n\n<ul class=\"wp-block-list\"><li><\/li><\/ul>\n","protected":false},"excerpt":{"rendered":"<p>C\u2019est une journ\u00e9e d\u00e9cisive pour l\u2019Alg\u00e9rie, qui va d\u00e9cider de la suite de la contestation que conna\u00eet le pays depuis dix jours. Dimanche 3&nbsp;mars marque la date limite de d\u00e9p\u00f4t des candidatures \u00e0 l\u2019\u00e9lection pr\u00e9sidentielle du 18&nbsp;avril&nbsp;: pass\u00e9 minuit, plus personne ne pourra se porter candidat. Tous les regards sont bien s\u00fbr tourn\u00e9s vers Abdelaziz [&hellip;]<\/p>\n","protected":false},"author":2,"featured_media":11692,"comment_status":"open","ping_status":"open","sticky":false,"template":"","format":"standard","meta":{"_jetpack_memberships_contains_paid_content":false,"footnotes":"","jetpack_publicize_message":"","jetpack_publicize_feature_enabled":true,"jetpack_social_post_already_shared":true,"jetpack_social_options":{"image_generator_settings":{"template":"highway","default_image_id":0,"font":"","enabled":false},"version":2},"_wpas_customize_per_network":false},"categories":[405],"tags":[],"class_list":["post-11691","post","type-post","status-publish","format-standard","has-post-thumbnail","hentry","category-actu-france-monde"],"jetpack_publicize_connections":[],"jetpack_featured_media_url":"https:\/\/i0.wp.com\/www.iceagetv.com\/radiosite\/wp-content\/uploads\/2019\/03\/Journ%C3%A9e-d%C3%A9cisive-en-Alg%C3%A9rie.jpg?fit=688%2C459&ssl=1","jetpack_sharing_enabled":true,"_links":{"self":[{"href":"https:\/\/www.iceagetv.com\/radiosite\/wp-json\/wp\/v2\/posts\/11691","targetHints":{"allow":["GET"]}}],"collection":[{"href":"https:\/\/www.iceagetv.com\/radiosite\/wp-json\/wp\/v2\/posts"}],"about":[{"href":"https:\/\/www.iceagetv.com\/radiosite\/wp-json\/wp\/v2\/types\/post"}],"author":[{"embeddable":true,"href":"https:\/\/www.iceagetv.com\/radiosite\/wp-json\/wp\/v2\/users\/2"}],"replies":[{"embeddable":true,"href":"https:\/\/www.iceagetv.com\/radiosite\/wp-json\/wp\/v2\/comments?post=11691"}],"version-history":[{"count":1,"href":"https:\/\/www.iceagetv.com\/radiosite\/wp-json\/wp\/v2\/posts\/11691\/revisions"}],"predecessor-version":[{"id":11693,"href":"https:\/\/www.iceagetv.com\/radiosite\/wp-json\/wp\/v2\/posts\/11691\/revisions\/11693"}],"wp:featuredmedia":[{"embeddable":true,"href":"https:\/\/www.iceagetv.com\/radiosite\/wp-json\/wp\/v2\/media\/11692"}],"wp:attachment":[{"href":"https:\/\/www.iceagetv.com\/radiosite\/wp-json\/wp\/v2\/media?parent=11691"}],"wp:term":[{"taxonomy":"category","embeddable":true,"href":"https:\/\/www.iceagetv.com\/radiosite\/wp-json\/wp\/v2\/categories?post=11691"},{"taxonomy":"post_tag","embeddable":true,"href":"https:\/\/www.iceagetv.com\/radiosite\/wp-json\/wp\/v2\/tags?post=11691"}],"curies":[{"name":"wp","href":"https:\/\/api.w.org\/{rel}","templated":true}]}}