{"id":11709,"date":"2019-03-05T19:18:46","date_gmt":"2019-03-05T19:18:46","guid":{"rendered":"http:\/\/www.iceagetv.com\/radiosite\/?p=11709"},"modified":"2019-03-05T19:45:09","modified_gmt":"2019-03-05T19:45:09","slug":"prison-de-conde-sur-sarthe-christophe-castaner-annonce-que-le-detenu-et-sa-compagne-sont-interpelles-apres-un-assaut-qui-a-dure-un-heure-environ","status":"publish","type":"post","link":"https:\/\/www.iceagetv.com\/radiosite\/prison-de-conde-sur-sarthe-christophe-castaner-annonce-que-le-detenu-et-sa-compagne-sont-interpelles-apres-un-assaut-qui-a-dure-un-heure-environ\/","title":{"rendered":"Prison de Cond\u00e9-Sur-Sarthe : Christophe Castaner annonce que le d\u00e9tenu et sa compagne sont interpell\u00e9s apr\u00e8s un assaut qui a dur\u00e9 un heure environ"},"content":{"rendered":"\n<h1 class=\"wp-block-heading\">Prison de Cond\u00e9-Sur-Sarthe : Le d\u00e9tenu et sa compagne interpell\u00e9s par le Raid et ont tous les deux \u00e9t\u00e9 bless\u00e9s par balle lors de l&rsquo;interpellation<\/h1>\n\n\n\n<p><strong>Christophe Castaner annonce que le d\u00e9tenu et sa compagne viennent d&rsquo;\u00eatre interpell\u00e9s vivants apr\u00e8s une intervention qui a dur\u00e9 une heure\u00a0<\/strong><br>Les d\u00e9tonations se poursuivent \u00e0 l&rsquo;int\u00e9rieur de la prison<\/p>\n\n\n\n<p><strong>Plusieurs d\u00e9tonations dans la prison de Cond\u00e9-sur-Sarthe, entendues par des journalistes sur place. L&rsquo;assaut serait visiblement en cours.<\/strong><\/p>\n\n\n\n<p><strong>Les d\u00e9tonations entendues sont des grenades assourdissantes selon BFM TV.<\/strong><\/p>\n\n\n\n<p><strong>Le point complet sur la situation<\/strong><\/p>\n\n\n\n<p>Un d\u00e9tenu radicalis\u00e9 a poignard\u00e9 deux surveillants mardi matin, les blessant gri\u00e8vement avant de se retrancher avec sa compagne au sein de l&rsquo;unit\u00e9 familiale de la prison ultra s\u00e9curis\u00e9e d&rsquo;Alen\u00e7on \u00e0 Cond\u00e9-sur-Sarthe, une attaque dont le parquet antiterroriste de Paris s&rsquo;est imm\u00e9diatement saisi. \u00ab\u00a0Le caract\u00e8re terroriste de cette attaque ne fait aucun doute\u00a0\u00bb, a d\u00e9clar\u00e9 la ministre de la Justice Nicole Belloubet, au cours d&rsquo;un point presse en d\u00e9but d&rsquo;apr\u00e8s-midi.<\/p>\n\n\n\n<p>Le d\u00e9tenu \u00ab\u00a0est encore retranch\u00e9 sur place\u00a0\u00bb, a-t-elle ajout\u00e9. Les \u00e9quipes r\u00e9gionales d&rsquo;intervention et de s\u00e9curit\u00e9 (Eris) de Rennes et le RAID, unit\u00e9 d&rsquo;\u00e9lite de la police nationale, ont \u00e9t\u00e9 d\u00e9p\u00each\u00e9s au centre p\u00e9nitentiaire de Cond\u00e9-sur-Sarthe (Orne).<\/p>\n\n\n\n<p>Le procureur de la R\u00e9publique de Paris R\u00e9my Heitz, dont d\u00e9pend le parquet antiterroriste, s&rsquo;est rendu sur place.<\/p>\n\n\n\n<p>Les faits se sont d\u00e9roul\u00e9s mardi, vers 09H45, quand le d\u00e9tenu a attaqu\u00e9 les deux surveillants avec un couteau en c\u00e9ramique, selon l&rsquo;administration p\u00e9nitentiaire. Les surveillants ont \u00e9t\u00e9 gri\u00e8vement bless\u00e9s au visage et au thorax, selon une source polici\u00e8re. \u00c2g\u00e9s d&rsquo;une trentaine d&rsquo;ann\u00e9es, ils ont \u00e9t\u00e9 hospitalis\u00e9s mais leurs jours ne sont pas en danger, a pr\u00e9cis\u00e9 Alassanne Sall, d\u00e9l\u00e9gu\u00e9 FO de la prison, ajoutant que le d\u00e9tenu avait dit \u00ab\u00a0Allah Akbar\u00a0\u00bb en agressant les surveillants.<\/p>\n\n\n\n<p>Le surveillant le plus gri\u00e8vement bless\u00e9 \u00ab\u00a0est au bloc pour une intervention chirurgicale apr\u00e8s un scanner\u00a0\u00bb, selon le syndicaliste.<\/p>\n\n\n\n<p>L&rsquo;autre surveillant a \u00e9t\u00e9 touch\u00e9 \u00e0 la m\u00e2choire, au visage et dans le dos, selon la m\u00eame source. D\u00e9tenu de droit commun, Micha\u00ebl Chiolo, 27 ans, qui purgeait une peine de 30 ans, est consid\u00e9r\u00e9 comme \u00ab\u00a0radicalis\u00e9 en prison\u00a0\u00bb, selon une source polici\u00e8re. Il n&rsquo;\u00e9tait cependant pas d\u00e9tenu dans le quartier pour radicalis\u00e9s ouvert en septembre, d&rsquo;apr\u00e8s FO.<\/p>\n\n\n\n<p>\u00ab\u00a0Je crois savoir que c&rsquo;est un individu qui \u00e9tait fich\u00e9\u00a0\u00bb, a pr\u00e9cis\u00e9 la ministre de la Justice. Le couteau qui a servi \u00e0 l&rsquo;agression \u00ab\u00a0aurait pu lui \u00eatre apport\u00e9 par sa femme\u00a0\u00bb, a ajout\u00e9 la ministre. Mais selon Emmanuel Baudin, secr\u00e9taire g\u00e9n\u00e9ral de FO p\u00e9nitentiaire, ce genre de couteau \u00ab\u00a0est fourni par la p\u00e9nitentiaire\u00a0\u00bb dans les unit\u00e9s de vie familiale (UVF).<\/p>\n\n\n\n<p>La compagne aurait aussi \u00ab\u00a0agress\u00e9 les coll\u00e8gues avec un couteau fourni par l&rsquo;\u00e9tablissement\u00a0\u00bb, selon le syndicaliste.<\/p>\n\n\n\n<p>Selon Me Pauline Brion, l&rsquo;ancienne avocate du d\u00e9tenu, il a rencontr\u00e9 sa compagne \u00ab\u00a0en prison et ils projetaient de se marier\u00a0\u00bb. \u00ab\u00a0Il avait \u00e9crit \u00e0 quelqu&rsquo;un apr\u00e8s sa conversion pour qu&rsquo;on lui trouve une \u00e9pouse\u00a0\u00bb, a-elle indiqu\u00e9 \u00e0 l&rsquo;AFP.<\/p>\n\n\n\n<p><strong>&nbsp;<\/strong>La ministre de la Justice,&nbsp;Nicole Belloubet,&nbsp;est en route pour la prison de Cond\u00e9-sur-Sarthe<\/p>\n\n\n\n<p>Selon&nbsp;<a rel=\"noreferrer noopener\" href=\"https:\/\/www.ouest-france.fr\/normandie\/alencon-61000\/direct-surveillants-poignardes-la-prison-d-alencon-le-parquet-antiterroriste-saisi-de-l-enquete-6248183\" target=\"_blank\">Sud Ouest,<\/a>&nbsp;le d\u00e9tenu, qui se revendique de l\u2019Etat islamique, a annonc\u00e9 aux forces de l\u2019ordre qu\u2019il ne se rendra pas<\/p>\n\n\n\n<p>Les surveillants de prison sont appel\u00e9s \u00e0 bloquer les \u00e9tablissements d\u00e8s aujourd&rsquo;hui. Le secr\u00e9taire g\u00e9n\u00e9ral adjoint du syndicat FO p\u00e9nitentiaire d\u00e9clare sur franceinfo&nbsp;:&nbsp;\u00ab\u00a0Nous avons d\u00e9cid\u00e9 de partir en mouvement social (&#8230;) Nous continuerons de faire ce que l&rsquo;on doit faire pour obtenir ce qui nous est d\u00fb.\u00a0\u00bb<\/p>\n","protected":false},"excerpt":{"rendered":"<p>Prison de Cond\u00e9-Sur-Sarthe : Le d\u00e9tenu et sa compagne interpell\u00e9s par le Raid et ont tous les deux \u00e9t\u00e9 bless\u00e9s par balle lors de l&rsquo;interpellation Christophe Castaner annonce que le d\u00e9tenu et sa compagne viennent d&rsquo;\u00eatre interpell\u00e9s vivants apr\u00e8s une intervention qui a dur\u00e9 une heure\u00a0Les d\u00e9tonations se poursuivent \u00e0 l&rsquo;int\u00e9rieur de la prison Plusieurs [&hellip;]<\/p>\n","protected":false},"author":2,"featured_media":11710,"comment_status":"open","ping_status":"open","sticky":false,"template":"","format":"standard","meta":{"_jetpack_memberships_contains_paid_content":false,"footnotes":"","jetpack_publicize_message":"","jetpack_publicize_feature_enabled":true,"jetpack_social_post_already_shared":true,"jetpack_social_options":{"image_generator_settings":{"template":"highway","default_image_id":0,"font":"","enabled":false},"version":2},"_wpas_customize_per_network":false},"categories":[405],"tags":[],"class_list":["post-11709","post","type-post","status-publish","format-standard","has-post-thumbnail","hentry","category-actu-france-monde"],"jetpack_publicize_connections":[],"jetpack_featured_media_url":"https:\/\/i0.wp.com\/www.iceagetv.com\/radiosite\/wp-content\/uploads\/2019\/03\/Prison-de-Cond%C3%A9-Sur-Sarthe.jpg?fit=750%2C324&ssl=1","jetpack_sharing_enabled":true,"_links":{"self":[{"href":"https:\/\/www.iceagetv.com\/radiosite\/wp-json\/wp\/v2\/posts\/11709","targetHints":{"allow":["GET"]}}],"collection":[{"href":"https:\/\/www.iceagetv.com\/radiosite\/wp-json\/wp\/v2\/posts"}],"about":[{"href":"https:\/\/www.iceagetv.com\/radiosite\/wp-json\/wp\/v2\/types\/post"}],"author":[{"embeddable":true,"href":"https:\/\/www.iceagetv.com\/radiosite\/wp-json\/wp\/v2\/users\/2"}],"replies":[{"embeddable":true,"href":"https:\/\/www.iceagetv.com\/radiosite\/wp-json\/wp\/v2\/comments?post=11709"}],"version-history":[{"count":2,"href":"https:\/\/www.iceagetv.com\/radiosite\/wp-json\/wp\/v2\/posts\/11709\/revisions"}],"predecessor-version":[{"id":11716,"href":"https:\/\/www.iceagetv.com\/radiosite\/wp-json\/wp\/v2\/posts\/11709\/revisions\/11716"}],"wp:featuredmedia":[{"embeddable":true,"href":"https:\/\/www.iceagetv.com\/radiosite\/wp-json\/wp\/v2\/media\/11710"}],"wp:attachment":[{"href":"https:\/\/www.iceagetv.com\/radiosite\/wp-json\/wp\/v2\/media?parent=11709"}],"wp:term":[{"taxonomy":"category","embeddable":true,"href":"https:\/\/www.iceagetv.com\/radiosite\/wp-json\/wp\/v2\/categories?post=11709"},{"taxonomy":"post_tag","embeddable":true,"href":"https:\/\/www.iceagetv.com\/radiosite\/wp-json\/wp\/v2\/tags?post=11709"}],"curies":[{"name":"wp","href":"https:\/\/api.w.org\/{rel}","templated":true}]}}