{"id":11734,"date":"2019-03-06T16:54:20","date_gmt":"2019-03-06T16:54:20","guid":{"rendered":"http:\/\/www.iceagetv.com\/radiosite\/?p=11734"},"modified":"2019-03-06T16:54:26","modified_gmt":"2019-03-06T16:54:26","slug":"consultation-sur-le-changement-dheure-les-francais-veulent-vivre-a-lheure-dete","status":"publish","type":"post","link":"https:\/\/www.iceagetv.com\/radiosite\/consultation-sur-le-changement-dheure-les-francais-veulent-vivre-a-lheure-dete\/","title":{"rendered":"Consultation sur le changement d&rsquo;heure: les Fran\u00e7ais veulent vivre \u00e0 l&rsquo;heure d&rsquo;\u00e9t\u00e9"},"content":{"rendered":"\n<p>Les Fran\u00e7ais avaient jusqu&rsquo;au 3 mars dernier pour faire un choix: 59% des personnes qui ont particip\u00e9 \u00e0 la consultation lanc\u00e9e par l&rsquo;Assembl\u00e9e nationale souhaitent le maintien de l&rsquo;heure d&rsquo;\u00e9t\u00e9 toute l&rsquo;ann\u00e9e.<\/p>\n\n\n\n<p>Les Fran\u00e7ais avaient le choix: garder le changement horaire saisonnier, ou opter pour une heure fixe: soit celle d&rsquo;hiver, soit celle d&rsquo;\u00e9t\u00e9. Lanc\u00e9e par la commission des Affaires europ\u00e9ennes, cette consultation sans valeur contraignante \u00aba re\u00e7u 2.103.999 r\u00e9ponses entre le 4 f\u00e9vrier et sa cl\u00f4ture le 3 mars \u00e0 minuit\u00bb, a indiqu\u00e9 la commission ce mercredi. C&rsquo;est un record absolu pour une telle consultation, les pr\u00e9c\u00e9dentes se chiffrant au mieux \u00e0 quelque milliers voire dizaines de milliers.<\/p>\n\n\n\n<p>R\u00e9sultat de cette&nbsp;<a href=\"http:\/\/www2.assemblee-nationale.fr\/consultations-citoyennes\/consultation-citoyenne-en-cours\" target=\"_blank\" rel=\"noreferrer noopener\">consultation citoyenne en ligne&nbsp;<\/a>: plus de 80% des personnes qui ont particip\u00e9 veulent mettre fin au changement d&rsquo;heure, et une majorit\u00e9 (59%) veut opter pour l&rsquo;heure d&rsquo;\u00e9t\u00e9.<\/p>\n\n\n\n<p>Le r\u00e9sultat doit d\u00e9sormais \u00eatre transmis aux institutions europ\u00e9ennes. Le sondage a \u00e9t\u00e9 lanc\u00e9 apr\u00e8s la proposition de directive de la Commission europ\u00e9enne en septembre 2018 de mettre fin aux changements d&rsquo;heure en mars et en octobre. Cette d\u00e9cision permettrait \u00e0 chaque \u00c9tat membre de choisir son propre fuseau horaire. Les ministres des transports europ\u00e9ens, r\u00e9unis le 3 d\u00e9cembre 2018, ont envisag\u00e9 la date de 2021 pour abandonner ce syst\u00e8me. \u00c0 l&rsquo;issue d&rsquo;une action de coordination, chaque \u00c9tat membre devra alors d\u00e9cider de son heure l\u00e9gale.<\/p>\n\n\n\n<p>Ces chiffres sont en ad\u00e9quation avec une consultation lanc\u00e9e par la Commission europ\u00e9enne \u00e0 l&rsquo;\u00e9t\u00e9 2018: sur environ 4,6 millions de participants au sein des pays membres, 56% des votants, dont la France \u00e0 52%, \u00e9taient pour conserver l&rsquo;heure d&rsquo;\u00e9t\u00e9, contre 36% pour l&rsquo;heure d&rsquo;hiver. Les personnes ayant r\u00e9pondu au Portugal, \u00e0 Chypre et en Pologne avaient une pr\u00e9f\u00e9rence pour l&rsquo;heure d&rsquo;\u00e9t\u00e9, la Finlande, le Danemark et les Pays-Bas pour l&rsquo;heure d&rsquo;hiver.<\/p>\n\n\n\n<h2 class=\"wp-block-heading\">Quelles cons\u00e9quences?<\/h2>\n\n\n\n<p>L&rsquo;objectif de ce changement est de faire concorder les heures d&rsquo;activit\u00e9s et celles de l&rsquo;\u00e9clairage naturel. Instaur\u00e9 initialement pour&nbsp;<a href=\"http:\/\/www.lefigaro.fr\/conjoncture\/2018\/02\/08\/20002-20180208ARTFIG00252-le-changement-d-heure-permet-il-reellement-de-faire-des-economies-d-energie.php\">r\u00e9aliser des \u00e9conomies d&rsquo;\u00e9nergie<\/a>, le changement d&rsquo;heure en \u00e9t\u00e9 et en hiver dans l&rsquo;UE &#8211; en vigueur en France depuis 1976 &#8211; suscite de vives oppositions depuis des ann\u00e9es. Il aurait en effet des cons\u00e9quences durant l&rsquo;hiver: le soleil se l\u00e8verait vers 10h en Bretagne en plein mois de d\u00e9cembre.<\/p>\n","protected":false},"excerpt":{"rendered":"<p>Les Fran\u00e7ais avaient jusqu&rsquo;au 3 mars dernier pour faire un choix: 59% des personnes qui ont particip\u00e9 \u00e0 la consultation lanc\u00e9e par l&rsquo;Assembl\u00e9e nationale souhaitent le maintien de l&rsquo;heure d&rsquo;\u00e9t\u00e9 toute l&rsquo;ann\u00e9e. Les Fran\u00e7ais avaient le choix: garder le changement horaire saisonnier, ou opter pour une heure fixe: soit celle d&rsquo;hiver, soit celle d&rsquo;\u00e9t\u00e9. Lanc\u00e9e [&hellip;]<\/p>\n","protected":false},"author":2,"featured_media":11735,"comment_status":"open","ping_status":"open","sticky":false,"template":"","format":"standard","meta":{"_jetpack_memberships_contains_paid_content":false,"footnotes":"","jetpack_publicize_message":"","jetpack_publicize_feature_enabled":true,"jetpack_social_post_already_shared":true,"jetpack_social_options":{"image_generator_settings":{"template":"highway","default_image_id":0,"font":"","enabled":false},"version":2},"_wpas_customize_per_network":false},"categories":[68],"tags":[],"class_list":["post-11734","post","type-post","status-publish","format-standard","has-post-thumbnail","hentry","category-actu-culturelle"],"jetpack_publicize_connections":[],"jetpack_featured_media_url":"https:\/\/i0.wp.com\/www.iceagetv.com\/radiosite\/wp-content\/uploads\/2019\/03\/Consultation-sur-le-changement-dheure.jpg?fit=680%2C382&ssl=1","jetpack_sharing_enabled":true,"_links":{"self":[{"href":"https:\/\/www.iceagetv.com\/radiosite\/wp-json\/wp\/v2\/posts\/11734","targetHints":{"allow":["GET"]}}],"collection":[{"href":"https:\/\/www.iceagetv.com\/radiosite\/wp-json\/wp\/v2\/posts"}],"about":[{"href":"https:\/\/www.iceagetv.com\/radiosite\/wp-json\/wp\/v2\/types\/post"}],"author":[{"embeddable":true,"href":"https:\/\/www.iceagetv.com\/radiosite\/wp-json\/wp\/v2\/users\/2"}],"replies":[{"embeddable":true,"href":"https:\/\/www.iceagetv.com\/radiosite\/wp-json\/wp\/v2\/comments?post=11734"}],"version-history":[{"count":1,"href":"https:\/\/www.iceagetv.com\/radiosite\/wp-json\/wp\/v2\/posts\/11734\/revisions"}],"predecessor-version":[{"id":11736,"href":"https:\/\/www.iceagetv.com\/radiosite\/wp-json\/wp\/v2\/posts\/11734\/revisions\/11736"}],"wp:featuredmedia":[{"embeddable":true,"href":"https:\/\/www.iceagetv.com\/radiosite\/wp-json\/wp\/v2\/media\/11735"}],"wp:attachment":[{"href":"https:\/\/www.iceagetv.com\/radiosite\/wp-json\/wp\/v2\/media?parent=11734"}],"wp:term":[{"taxonomy":"category","embeddable":true,"href":"https:\/\/www.iceagetv.com\/radiosite\/wp-json\/wp\/v2\/categories?post=11734"},{"taxonomy":"post_tag","embeddable":true,"href":"https:\/\/www.iceagetv.com\/radiosite\/wp-json\/wp\/v2\/tags?post=11734"}],"curies":[{"name":"wp","href":"https:\/\/api.w.org\/{rel}","templated":true}]}}