{"id":11761,"date":"2019-03-10T08:03:41","date_gmt":"2019-03-10T08:03:41","guid":{"rendered":"http:\/\/www.iceagetv.com\/radiosite\/?p=11761"},"modified":"2019-03-10T08:03:48","modified_gmt":"2019-03-10T08:03:48","slug":"pour-leur-acte-decisif-les-gilets-jaunes-peinent-a-trouver-un-nouveau-souffle","status":"publish","type":"post","link":"https:\/\/www.iceagetv.com\/radiosite\/pour-leur-acte-decisif-les-gilets-jaunes-peinent-a-trouver-un-nouveau-souffle\/","title":{"rendered":"Pour leur \u00ab\u00a0acte d\u00e9cisif\u00a0\u00bb, les gilets jaunes peinent \u00e0 trouver un nouveau souffle"},"content":{"rendered":"\n<h2 class=\"wp-block-heading\">Le mouvement a connu un coup de mou ce samedi, en enregistrant la plus faible mobilisation depuis le 17 novembre.<\/h2>\n\n\n\n<p>Plus faible mobilisation depuis le d\u00e9but de la contestation, programme avort\u00e9 \u00e0 Paris, \u00e9clatement des revendications et des cort\u00e8ges: les gilets jaunes ont connu un coup de mou samedi pour leur \u00ab\u00a0acte 17\u00a0\u00bb, une semaine avant leur mobilisation cruciale pour la fin du grand d\u00e9bat.<\/p>\n\n\n\n<h3 class=\"wp-block-heading\">La mobilisation au plus bas historique<\/h3>\n\n\n\n<p>Apr\u00e8s presque quatre mois d&rsquo;existence, le mouvement refluait d\u00e9j\u00e0 depuis plusieurs semaines, selon les chiffres officiels, syst\u00e9matiquement contest\u00e9s par les manifestants.<br><br>Samedi, la mobilisation a atteint un plus bas historique, avec 28.600 manifestants recens\u00e9s en France par le minist\u00e8re de l&rsquo;Int\u00e9rieur, dont 3.000 \u00e0 Paris. Soit encore moins que le 29 d\u00e9cembre: \u00e0 la veille du r\u00e9veillon, \u00ab\u00a0l&rsquo;acte 7\u00a0\u00bb avait mobilis\u00e9 32.000 manifestants. Et tr\u00e8s loin de la fougue des d\u00e9buts, lorsque 282.000 personnes avaient investi ronds-points et villes de France le 17 novembre.<\/p>\n\n\n\n<p>Alors, v\u00e9ritable coup de pompe ou respiration avant la grande journ\u00e9e nationale du 16 mars?<\/p>\n\n\n\n<blockquote class=\"wp-block-quote is-layout-flow wp-block-quote-is-layout-flow\"><p>\u00ab\u00a0On se pr\u00e9pare pour samedi prochain, \u00e7a va \u00eatre gros\u00a0\u00bb, promet Christian, 67 ans, pr\u00e8s des Champs-\u00c9lys\u00e9es.<\/p><\/blockquote>\n\n\n\n<h3 class=\"wp-block-heading\">L&rsquo;\u00e9chec du sit-in parisien<\/h3>\n\n\n\n<p>\u00ab\u00a0L&rsquo;acte 18\u00a0\u00bb du mouvement aura lieu le lendemain de la fin officielle du grand d\u00e9bat et esp\u00e8re rassembler \u00ab\u00a0la France enti\u00e8re \u00e0 Paris\u00a0\u00bb pour lancer un \u00ab\u00a0ultimatum\u00a0\u00bb au gouvernement. Une semaine avant cette \u00e9ch\u00e9ance d\u00e9terminante, les gilets jaunes n&rsquo;ont toutefois pas r\u00e9ussi \u00e0 imposer leur tempo samedi \u00e0 Paris.<br><br>Ils promettaient d&rsquo;occuper le Champ de Mars tout le week-end, mais le projet a tourn\u00e9 court : les forces de l&rsquo;ordre ont emp\u00each\u00e9 toute installation pr\u00e8s de la Tour Eiffel d\u00e8s vendredi soir. A d\u00e9faut, une poign\u00e9e de \u00ab\u00a0gilets jaunes\u00a0\u00bb, dont Priscillia Ludosky, se sont rassembl\u00e9s avec des militants \u00e9cologistes pr\u00e8s du monument dans la matin\u00e9e .<br><br>Quant \u00e0 la manifestation qui promettait de faire \u00ab\u00a0converger toutes les mobilisations\u00a0\u00bb dans les rues de la capitale samedi, elle a finalement provoqu\u00e9 une scission des manifestants.<\/p>\n\n\n\n<h3 class=\"wp-block-heading\">Marche contre les violences sexistes<\/h3>\n\n\n\n<p>Au lendemain de la journ\u00e9e internationale des droits des femmes, un cort\u00e8ge emmen\u00e9 par des assistantes maternelles, v\u00eatues de gilets roses, de femmes mobilis\u00e9es contre les violences sexistes et arborant du violet, et de syndicats, ont fait plusieurs kilom\u00e8tres dans Paris sur un parcours autoris\u00e9, avant de se disperser vers 16 heures sans incident.<br><br>Pendant ce temps, plusieurs centaines de gilets jaunes ont pr\u00e9f\u00e9r\u00e9 rester mass\u00e9s en haut des Champs-\u00c9lys\u00e9es. Un rassemblement sans incident majeur, mais qui a provoqu\u00e9 des tensions en fin de journ\u00e9e: des grenades lacrymog\u00e8nes ont r\u00e9pondu \u00e0 des jets de projectile. Sous les cris de \u00ab\u00a0CRS encul\u00e9s\u00a0\u00bb, les forces de l&rsquo;ordre ont utilis\u00e9 leurs canons \u00e0 eau.<br><br>En d\u00e9but de soir\u00e9e, quelques dizaines de manifestants persistaient sur les trottoirs de l&rsquo;avenue, tandis que le gros de la troupe avait quitt\u00e9 les lieux.<\/p>\n","protected":false},"excerpt":{"rendered":"<p>Le mouvement a connu un coup de mou ce samedi, en enregistrant la plus faible mobilisation depuis le 17 novembre. Plus faible mobilisation depuis le d\u00e9but de la contestation, programme avort\u00e9 \u00e0 Paris, \u00e9clatement des revendications et des cort\u00e8ges: les gilets jaunes ont connu un coup de mou samedi pour leur \u00ab\u00a0acte 17\u00a0\u00bb, une semaine [&hellip;]<\/p>\n","protected":false},"author":2,"featured_media":11762,"comment_status":"open","ping_status":"open","sticky":false,"template":"","format":"standard","meta":{"_jetpack_memberships_contains_paid_content":false,"footnotes":"","jetpack_publicize_message":"","jetpack_publicize_feature_enabled":true,"jetpack_social_post_already_shared":true,"jetpack_social_options":{"image_generator_settings":{"template":"highway","default_image_id":0,"font":"","enabled":false},"version":2},"_wpas_customize_per_network":false},"categories":[405],"tags":[],"class_list":["post-11761","post","type-post","status-publish","format-standard","has-post-thumbnail","hentry","category-actu-france-monde"],"jetpack_publicize_connections":[],"jetpack_featured_media_url":"https:\/\/i0.wp.com\/www.iceagetv.com\/radiosite\/wp-content\/uploads\/2019\/03\/acte-16.jpg?fit=1262%2C537&ssl=1","jetpack_sharing_enabled":true,"_links":{"self":[{"href":"https:\/\/www.iceagetv.com\/radiosite\/wp-json\/wp\/v2\/posts\/11761","targetHints":{"allow":["GET"]}}],"collection":[{"href":"https:\/\/www.iceagetv.com\/radiosite\/wp-json\/wp\/v2\/posts"}],"about":[{"href":"https:\/\/www.iceagetv.com\/radiosite\/wp-json\/wp\/v2\/types\/post"}],"author":[{"embeddable":true,"href":"https:\/\/www.iceagetv.com\/radiosite\/wp-json\/wp\/v2\/users\/2"}],"replies":[{"embeddable":true,"href":"https:\/\/www.iceagetv.com\/radiosite\/wp-json\/wp\/v2\/comments?post=11761"}],"version-history":[{"count":1,"href":"https:\/\/www.iceagetv.com\/radiosite\/wp-json\/wp\/v2\/posts\/11761\/revisions"}],"predecessor-version":[{"id":11763,"href":"https:\/\/www.iceagetv.com\/radiosite\/wp-json\/wp\/v2\/posts\/11761\/revisions\/11763"}],"wp:featuredmedia":[{"embeddable":true,"href":"https:\/\/www.iceagetv.com\/radiosite\/wp-json\/wp\/v2\/media\/11762"}],"wp:attachment":[{"href":"https:\/\/www.iceagetv.com\/radiosite\/wp-json\/wp\/v2\/media?parent=11761"}],"wp:term":[{"taxonomy":"category","embeddable":true,"href":"https:\/\/www.iceagetv.com\/radiosite\/wp-json\/wp\/v2\/categories?post=11761"},{"taxonomy":"post_tag","embeddable":true,"href":"https:\/\/www.iceagetv.com\/radiosite\/wp-json\/wp\/v2\/tags?post=11761"}],"curies":[{"name":"wp","href":"https:\/\/api.w.org\/{rel}","templated":true}]}}