{"id":11773,"date":"2019-03-11T19:10:41","date_gmt":"2019-03-11T19:10:41","guid":{"rendered":"http:\/\/www.iceagetv.com\/radiosite\/?p=11773"},"modified":"2019-03-11T19:10:47","modified_gmt":"2019-03-11T19:10:47","slug":"algerie-abdelaziz-boutelifka-annonce-quil-ne-brigue-pas-un-cinquieme-mandat-et-reporte-les-elections","status":"publish","type":"post","link":"https:\/\/www.iceagetv.com\/radiosite\/algerie-abdelaziz-boutelifka-annonce-quil-ne-brigue-pas-un-cinquieme-mandat-et-reporte-les-elections\/","title":{"rendered":"Alg\u00e9rie : Abdelaziz Boutelifka annonce qu&rsquo;il ne brigue pas un cinqui\u00e8me mandat et reporte les \u00e9lections"},"content":{"rendered":"\n<p>Le pr\u00e9sident alg\u00e9rien Abdelaziz Bouteflika, confront\u00e9 depuis deux semaines \u00e0 une contestation in\u00e9dite en 20 ans de pouvoir, a annonc\u00e9 lundi renoncer \u00e0 briguer un 5e mandat et le report sine die de la pr\u00e9sidentielle pr\u00e9vue le 18 avril. Le pr\u00e9sident Bouteflika avait regagn\u00e9 l&rsquo;Alg\u00e9rie dimanche, \u00e0 l&rsquo;issue de deux semaines d&rsquo;hospitalisation en Suisse pour des \u00ab\u00a0examens m\u00e9dicaux\u00a0\u00bb.<\/p>\n\n\n\n<p>Dans un message \u00e0 la nation publi\u00e9 par l&rsquo;agence officielle APS, il pr\u00e9cise lundi que la pr\u00e9sidentielle aura lieu \u00ab\u00a0dans le prolongement\u00a0\u00bb d&rsquo;une conf\u00e9rence nationale\u00a0\u00bb charg\u00e9e de r\u00e9former le syst\u00e8me politique et d&rsquo;\u00e9laborer un projet de Constitution d&rsquo;ici fin 2019.<\/p>\n\n\n\n<p>En s&rsquo;engageant dans ce texte \u00ab\u00a0\u00e0 remettre les charges et les pr\u00e9rogatives de pr\u00e9sident de la R\u00e9publique au successeur que le peuple alg\u00e9rien aura librement \u00e9lu\u00a0\u00bb, M. Bouteflika indique implicitement qu&rsquo;il restera chef de l&rsquo;Etat \u00e0 l&rsquo;expiration de son mandat le 28 avril 2019.<\/p>\n\n\n\n<p>\u00ab\u00a0Il n&rsquo;y aura pas de cinqui\u00e8me mandat et il n&rsquo;en a jamais \u00e9t\u00e9 question pour moi, mon \u00e9tat de sant\u00e9 et mon \u00e2ge ne m&rsquo;assignant comme ultime devoir envers le peuple alg\u00e9rien que la contribution \u00e0 l&rsquo;assise des fondations d&rsquo;une nouvelle R\u00e9publique\u00a0\u00bb, d\u00e9clare M. Bouteflika dans ce texte. \u00ab\u00a0Il n&rsquo;y aura pas d&rsquo;\u00e9lection pr\u00e9sidentielle le 18 avril prochain\u00a0\u00bb, poursuit le pr\u00e9sident alg\u00e9rien disant ainsi \u00ab\u00a0satisfaire une demande pressante que vous (Alg\u00e9riens) avez \u00e9t\u00e9 nombreux \u00e0 m&rsquo;adresser\u00a0\u00bb.<\/p>\n\n\n\n<p>La prochaine pr\u00e9sidentielle \u00ab\u00a0aura lieu dans le prolongement de la conf\u00e9rence nationale inclusive et ind\u00e9pendante (&#8230;) \u00e9quitablement repr\u00e9sentative de la soci\u00e9t\u00e9 alg\u00e9rienne comme des sensibilit\u00e9s qui la parcourent\u00a0\u00bb qui \u00ab\u00a0devra s&rsquo;efforcer de compl\u00e9ter son mandat avant la fin de l&rsquo;ann\u00e9e 2019\u00a0\u00bb, ajoute M. Bouteflika. De nombreux klaxons commen\u00e7aient \u00e0 r\u00e9sonner lundi en d\u00e9but de soir\u00e9e dans le centre d&rsquo;Alger.<\/p>\n","protected":false},"excerpt":{"rendered":"<p>Le pr\u00e9sident alg\u00e9rien Abdelaziz Bouteflika, confront\u00e9 depuis deux semaines \u00e0 une contestation in\u00e9dite en 20 ans de pouvoir, a annonc\u00e9 lundi renoncer \u00e0 briguer un 5e mandat et le report sine die de la pr\u00e9sidentielle pr\u00e9vue le 18 avril. Le pr\u00e9sident Bouteflika avait regagn\u00e9 l&rsquo;Alg\u00e9rie dimanche, \u00e0 l&rsquo;issue de deux semaines d&rsquo;hospitalisation en Suisse pour [&hellip;]<\/p>\n","protected":false},"author":2,"featured_media":11774,"comment_status":"open","ping_status":"open","sticky":false,"template":"","format":"standard","meta":{"_jetpack_memberships_contains_paid_content":false,"footnotes":"","jetpack_publicize_message":"","jetpack_publicize_feature_enabled":true,"jetpack_social_post_already_shared":true,"jetpack_social_options":{"image_generator_settings":{"template":"highway","default_image_id":0,"font":"","enabled":false},"version":2},"_wpas_customize_per_network":false},"categories":[405],"tags":[],"class_list":["post-11773","post","type-post","status-publish","format-standard","has-post-thumbnail","hentry","category-actu-france-monde"],"jetpack_publicize_connections":[],"jetpack_featured_media_url":"https:\/\/i0.wp.com\/www.iceagetv.com\/radiosite\/wp-content\/uploads\/2019\/03\/Abdelaziz-Boutelifka.jpg?fit=750%2C324&ssl=1","jetpack_sharing_enabled":true,"_links":{"self":[{"href":"https:\/\/www.iceagetv.com\/radiosite\/wp-json\/wp\/v2\/posts\/11773","targetHints":{"allow":["GET"]}}],"collection":[{"href":"https:\/\/www.iceagetv.com\/radiosite\/wp-json\/wp\/v2\/posts"}],"about":[{"href":"https:\/\/www.iceagetv.com\/radiosite\/wp-json\/wp\/v2\/types\/post"}],"author":[{"embeddable":true,"href":"https:\/\/www.iceagetv.com\/radiosite\/wp-json\/wp\/v2\/users\/2"}],"replies":[{"embeddable":true,"href":"https:\/\/www.iceagetv.com\/radiosite\/wp-json\/wp\/v2\/comments?post=11773"}],"version-history":[{"count":1,"href":"https:\/\/www.iceagetv.com\/radiosite\/wp-json\/wp\/v2\/posts\/11773\/revisions"}],"predecessor-version":[{"id":11775,"href":"https:\/\/www.iceagetv.com\/radiosite\/wp-json\/wp\/v2\/posts\/11773\/revisions\/11775"}],"wp:featuredmedia":[{"embeddable":true,"href":"https:\/\/www.iceagetv.com\/radiosite\/wp-json\/wp\/v2\/media\/11774"}],"wp:attachment":[{"href":"https:\/\/www.iceagetv.com\/radiosite\/wp-json\/wp\/v2\/media?parent=11773"}],"wp:term":[{"taxonomy":"category","embeddable":true,"href":"https:\/\/www.iceagetv.com\/radiosite\/wp-json\/wp\/v2\/categories?post=11773"},{"taxonomy":"post_tag","embeddable":true,"href":"https:\/\/www.iceagetv.com\/radiosite\/wp-json\/wp\/v2\/tags?post=11773"}],"curies":[{"name":"wp","href":"https:\/\/api.w.org\/{rel}","templated":true}]}}