{"id":11808,"date":"2019-03-14T15:23:38","date_gmt":"2019-03-14T15:23:38","guid":{"rendered":"http:\/\/www.iceagetv.com\/radiosite\/?p=11808"},"modified":"2019-03-14T15:23:43","modified_gmt":"2019-03-14T15:23:43","slug":"facebook-messenger-instagram-whatsapp-quatre-questions-sur-une-panne","status":"publish","type":"post","link":"https:\/\/www.iceagetv.com\/radiosite\/facebook-messenger-instagram-whatsapp-quatre-questions-sur-une-panne\/","title":{"rendered":"Facebook, Messenger, Instagram, Whatsapp : quatre questions sur une panne"},"content":{"rendered":"\n<h2 class=\"wp-block-heading\">Depuis mercredi en fin de journ\u00e9e, le groupe Facebook a fait face \u00e0 une panne de grande ampleur. Pour l\u2019heure, son origine reste inconnue<\/h2>\n\n\n\n<p>Facebook commen\u00e7ait jeudi \u00e0 r\u00e9tablir ses services apr\u00e8s une longue panne. D\u00e9cryptage.&nbsp;<\/p>\n\n\n\n<h3 class=\"wp-block-heading\">Qui a \u00e9t\u00e9 touch\u00e9\u202f?<\/h3>\n\n\n\n<p>Des utilisateurs du monde entier, \u00e0 divers degr\u00e9s, ont \u00e9t\u00e9 confront\u00e9s mercredi \u00e0 partir de mercredi 17 heures (heure fran\u00e7aise) \u00e0 des soucis de connexion et\/ou de publication, d\u2019envois de photos sur\u00a0<strong>Facebook, Messenger, Instagram et WhastApp<\/strong>. Tous appartiennent au groupe Facebook.<\/p>\n\n\n\n<p>Sur la page \u00ab\u00a0Facebook for developpers\u00a0\u00bb, d\u00e9di\u00e9e \u00e0 ceux qui mettent au point les applications qui interagissent avec ses services, le groupe \u00e9voquait une panne signal\u00e9e \u00e0 10h30 heure de la Californie, soit 18h30 heure fran\u00e7aise. \u00c0 la m\u00eame heure, le r\u00e9seau social avait tweet\u00e9 \u00eatre \u00ab\u00a0au courant\u00a0\u00bb du fait que \u00ab\u00a0certains utilisateurs\u00a0\u00bb rencontraient \u00ab\u00a0des probl\u00e8mes\u00a0\u00bb et promettait de les r\u00e9soudre \u00ab\u00a0le plus vite possible\u00a0\u00bb, sans dire d\u2019o\u00f9 venait la panne.La r\u00e9daction vous conseille<\/p>\n\n\n\n<ul class=\"wp-block-list\"><li><a href=\"https:\/\/www.sudouest.fr\/2019\/03\/12\/dans-le-retro-sud-ouest-a-vraiment-parle-pour-la-premiere-fois-du-web-en-1996-5891651-5022.php\">Dans le r\u00e9tro&nbsp;: \u00ab\u00a0Sud Ouest\u00a0\u00bb a vraiment parl\u00e9 pour la premi\u00e8re fois du Web en\u2026 1996<\/a><\/li><li><a href=\"https:\/\/www.sudouest.fr\/2019\/03\/04\/faut-il-mettre-fin-a-l-anonymat-sur-internet-5868995-10407.php\">Faut-il mettre fin \u00e0 l\u2019anonymat sur Internet\u202f?<\/a><\/li><\/ul>\n\n\n\n<p>Selon le site sp\u00e9cialis\u00e9&nbsp;<a href=\"https:\/\/downdetector.com\/status\/facebook\/map\/\" rel=\"noreferrer noopener\" target=\"_blank\">downdetector.com<\/a>, mercredi les probl\u00e8mes rencontr\u00e9s sur Facebook \u00e9taient surtout perceptibles en Am\u00e9rique du Nord et en Europe mais certains utilisateurs semblaient \u00e9galement touch\u00e9s dans d\u2019autres r\u00e9gions.<\/p>\n\n\n\n<h3 class=\"wp-block-heading\">Quelle est l\u2019origine de la panne\u202f?<\/h3>\n\n\n\n<p>Facebook a simplement pr\u00e9cis\u00e9 que la panne n\u2019\u00e9tait pas li\u00e9e \u00e0 une cyberattaque de type \u00ab\u00a0DDoS\u00a0\u00bb, c\u2019est-\u00e0-dire \u00ab\u00a0attaque par d\u00e9ni de service\u00a0\u00bb, ce qui arrive quand les serveurs sont submerg\u00e9s par une avalanche ing\u00e9rable de demande de connexions. Aucune autre communication n\u2019a \u00e9t\u00e9 faite et le probl\u00e8me n\u2019\u00e9tait toujours pas consid\u00e9r\u00e9 comme \u00ab\u00a0r\u00e9solu\u00a0\u00bb ce jeudi sur le site \u00ab\u00a0Facebook for developpers\u00a0\u00bb.<\/p>\n\n\n\n<p>Pour le groupe fond\u00e9 par Mark Zuckerberg, cette panne pourrait \u00eatre la plus importante connue jusqu\u2019ici.&nbsp; Le r\u00e9seau aux 2,3 milliards d\u2019utilisateurs actifs avait connu une panne notable en novembre, attribu\u00e9e \u00e0 un \u00ab\u00a0probl\u00e8me de serveur\u00a0\u00bb, ou encore une autre en septembre, attribu\u00e9e cette fois \u00e0 des \u00ab\u00a0probl\u00e8mes de r\u00e9seau\u00a0\u00bb.&nbsp;&nbsp;<\/p>\n\n\n\n<h3 class=\"wp-block-heading\">La panne est-elle termin\u00e9e ce jeudi\u202f?<\/h3>\n\n\n\n<p>Peu avant 6 heures du matin, le r\u00e9seau social de partages de photos\u00a0<strong>Instagram\u00a0<\/strong>a annonc\u00e9\u2026 sur Twitter \u00eatre de nouveau accessible.<br>Sur\u00a0<strong>WhatsApp<\/strong>, tout semblait \u00eatre entr\u00e9 dans l\u2019ordre, selon les t\u00e9moignages sur les r\u00e9seaux sociaux et le site de\u00a0istheservicedown.fr (est-ce que ce service est inaccessible?), qui recense des rapports d\u2019erreurs.\u00a0<br><strong>Facebook<\/strong>\u00a0n\u2019a pas communiqu\u00e9 depuis mercredi soir, mais l\u2019incident \u00e9tait toujours r\u00e9pertori\u00e9 comme \u00ab\u00a0en cours d\u2019\u00e9tude\u00a0\u00bb ce jeudi midi (et non r\u00e9solu comme pour les incidents pr\u00e9c\u00e9dents).<\/p>\n\n\n\n<h3 class=\"wp-block-heading\">Dans quel contexte\u202f?<\/h3>\n\n\n\n<p>L\u2019incident arrive dans un contexte d\u00e9j\u00e0 difficile pour Facebook, qui a appris mercredi soir l\u2019ouverture d\u2019une enqu\u00eate p\u00e9nale, lanc\u00e9e par des procureurs \u00e0 New York, autour de ses partages de donn\u00e9es personnelles avec d\u2019autres groupes technologiques, selon le New York Times. Facebook partage ou a partag\u00e9 de nombreuses donn\u00e9es personnelles avec des entreprises technologiques ext\u00e9rieures, dont les fabricants de smartphones par exemple, pour que ses services soient compatibles avec leurs syst\u00e8mes d\u2019exploitation, diverses applications ou sites. Il le fait au travers de \u00ab\u00a0partenariats\u00a0\u00bb sign\u00e9s avec ces groupes. Nombre d\u2019entre eux ne sont d\u00e9j\u00e0 plus actifs, selon Facebook.&nbsp;<\/p>\n\n\n\n<p>Facebook est soumis \u00e0 une critique constante depuis&nbsp;<a href=\"https:\/\/www.sudouest.fr\/2018\/04\/10\/cambridge-analytica-a-t-il-accede-a-vos-donnees-sur-facebook-un-outil-permet-de-savoir-4360920-5166.php\">le scandale Cambridge Analytica (CA)<\/a>&nbsp;il y a un an. Elus, r\u00e9gulateurs et enqu\u00eateurs dans le monde entier cherchent \u00e0 d\u00e9terminer si Facebook a cach\u00e9 d\u2019une fa\u00e7on ou d\u2019une autre les d\u00e9tails de ses pratiques de partage de donn\u00e9es.&nbsp;<\/p>\n\n\n\n<p>La panne a en revanche<strong>&nbsp;fait des heureux parmi les concurrents du r\u00e9seau social<\/strong>&nbsp;: son concurrent Twitter (sur lesquels Facebook et Instagram ont communiqu\u00e9 au sujet de la panne) mais aussi la messagerie crypt\u00e9e russe Telegram qui aurait ainsi gagn\u00e9 trois millions d\u2019utilisateurs durant les 24 derni\u00e8res heures, selon son fondateur Pavel Durov.<\/p>\n","protected":false},"excerpt":{"rendered":"<p>Depuis mercredi en fin de journ\u00e9e, le groupe Facebook a fait face \u00e0 une panne de grande ampleur. Pour l\u2019heure, son origine reste inconnue Facebook commen\u00e7ait jeudi \u00e0 r\u00e9tablir ses services apr\u00e8s une longue panne. D\u00e9cryptage.&nbsp; Qui a \u00e9t\u00e9 touch\u00e9\u202f? Des utilisateurs du monde entier, \u00e0 divers degr\u00e9s, ont \u00e9t\u00e9 confront\u00e9s mercredi \u00e0 partir de [&hellip;]<\/p>\n","protected":false},"author":2,"featured_media":11809,"comment_status":"open","ping_status":"open","sticky":false,"template":"","format":"standard","meta":{"_jetpack_memberships_contains_paid_content":false,"footnotes":"","jetpack_publicize_message":"","jetpack_publicize_feature_enabled":true,"jetpack_social_post_already_shared":true,"jetpack_social_options":{"image_generator_settings":{"template":"highway","default_image_id":0,"font":"","enabled":false},"version":2},"_wpas_customize_per_network":false},"categories":[16],"tags":[],"class_list":["post-11808","post","type-post","status-publish","format-standard","has-post-thumbnail","hentry","category-actu-high-tech"],"jetpack_publicize_connections":[],"jetpack_featured_media_url":"https:\/\/i0.wp.com\/www.iceagetv.com\/radiosite\/wp-content\/uploads\/2019\/03\/Facebook-Messenger-Instagram-Whatsapp.jpg?fit=1000%2C625&ssl=1","jetpack_sharing_enabled":true,"_links":{"self":[{"href":"https:\/\/www.iceagetv.com\/radiosite\/wp-json\/wp\/v2\/posts\/11808","targetHints":{"allow":["GET"]}}],"collection":[{"href":"https:\/\/www.iceagetv.com\/radiosite\/wp-json\/wp\/v2\/posts"}],"about":[{"href":"https:\/\/www.iceagetv.com\/radiosite\/wp-json\/wp\/v2\/types\/post"}],"author":[{"embeddable":true,"href":"https:\/\/www.iceagetv.com\/radiosite\/wp-json\/wp\/v2\/users\/2"}],"replies":[{"embeddable":true,"href":"https:\/\/www.iceagetv.com\/radiosite\/wp-json\/wp\/v2\/comments?post=11808"}],"version-history":[{"count":1,"href":"https:\/\/www.iceagetv.com\/radiosite\/wp-json\/wp\/v2\/posts\/11808\/revisions"}],"predecessor-version":[{"id":11810,"href":"https:\/\/www.iceagetv.com\/radiosite\/wp-json\/wp\/v2\/posts\/11808\/revisions\/11810"}],"wp:featuredmedia":[{"embeddable":true,"href":"https:\/\/www.iceagetv.com\/radiosite\/wp-json\/wp\/v2\/media\/11809"}],"wp:attachment":[{"href":"https:\/\/www.iceagetv.com\/radiosite\/wp-json\/wp\/v2\/media?parent=11808"}],"wp:term":[{"taxonomy":"category","embeddable":true,"href":"https:\/\/www.iceagetv.com\/radiosite\/wp-json\/wp\/v2\/categories?post=11808"},{"taxonomy":"post_tag","embeddable":true,"href":"https:\/\/www.iceagetv.com\/radiosite\/wp-json\/wp\/v2\/tags?post=11808"}],"curies":[{"name":"wp","href":"https:\/\/api.w.org\/{rel}","templated":true}]}}