{"id":11832,"date":"2019-03-17T08:20:46","date_gmt":"2019-03-17T08:20:46","guid":{"rendered":"http:\/\/www.iceagetv.com\/radiosite\/?p=11832"},"modified":"2019-03-17T08:20:54","modified_gmt":"2019-03-17T08:20:54","slug":"violences-a-paris-emmanuel-macron-veut-des-decisions-fortes-pour-que-cela-nadvienne-plus","status":"publish","type":"post","link":"https:\/\/www.iceagetv.com\/radiosite\/violences-a-paris-emmanuel-macron-veut-des-decisions-fortes-pour-que-cela-nadvienne-plus\/","title":{"rendered":"Violences \u00e0 Paris : Emmanuel Macron veut \u00ab\u00a0des d\u00e9cisions fortes pour que cela n&rsquo;advienne plus\u00a0\u00bb"},"content":{"rendered":"\n<p><em>e veux qu&rsquo;on analyse les choses, et que, dans les meilleurs d\u00e9lais, on puisse prendre des d\u00e9cisions fortes, compl\u00e9mentaires, pour que cela n&rsquo;advienne plus\u00a0\u00bb<\/em>, a-t-il affirm\u00e9.&nbsp;<a href=\"https:\/\/www.francetvinfo.fr\/politique\/emmanuel-macron\/\">Emmanuel Macron<\/a>&nbsp;s&rsquo;est exprim\u00e9 samedi 16 mars&nbsp;apr\u00e8s&nbsp;<a href=\"https:\/\/www.francetvinfo.fr\/economie\/transports\/gilets-jaunes\/gilets-jaunes-le-retour-flagrant-de-la-violence_3236505.html\">les&nbsp;violences qui ont \u00e9maill\u00e9 la 18e journ\u00e9e<\/a>&nbsp;de mobilisation des&nbsp;<a href=\"https:\/\/www.francetvinfo.fr\/economie\/transports\/gilets-jaunes\/\">\u00ab\u00a0gilets jaunes\u00a0\u00bb<\/a>&nbsp;\u00e0 Paris, lors d&rsquo;un point de situation \u00e0 la cellule de crise du minist\u00e8re de l&rsquo;Int\u00e9rieur.<\/p>\n\n\n\n<p><em>\u00ab\u00a0Beaucoup de choses ont \u00e9t\u00e9 faites depuis novembre mais tr\u00e8s clairement, la journ\u00e9e d&rsquo;aujourd&rsquo;hui montre que sur ce sujet-l\u00e0 et pour ces cas-l\u00e0, nous n&rsquo;y sommes pas\u00a0\u00bb<\/em>, a ajout\u00e9 le pr\u00e9sident, rentr\u00e9 plus t\u00f4t que pr\u00e9vu de son week-end de ski. Il a estim\u00e9, devant la presse, que<em>&nbsp;\u00ab\u00a0tous ceux qui \u00e9taient l\u00e0 se sont rendus complices\u00a0\u00bb<\/em>&nbsp;du saccage des Champs-Elys\u00e9es.<\/p>\n\n\n\n<h2 class=\"wp-block-heading\">\u00ab\u00a0Des propositions\u00a0\u00bb \u00e0 venir<\/h2>\n\n\n\n<p><em>\u00ab\u00a0C&rsquo;\u00e9tait l&rsquo;objectif de la r\u00e9union de ce soir qui sera suivi par des propositions faites par les ministre et le Premier ministre\u00a0\u00bb<\/em>, a-t-il dit, pr\u00e9cisant \u00eatre attach\u00e9&nbsp;<em>\u00ab\u00a0au droit constitutionnel\u00a0\u00bb. \u00ab\u00a0Nous avons aujourd&rsquo;hui des gens qui essayent par tous les moyens (&#8230;) d&rsquo;ab\u00eemer la R\u00e9publique pour casser, pour d\u00e9truire au risque de tuer. On l&rsquo;a encore vu avec l&rsquo;incendie qui s&rsquo;est produit ce matin\u00a0\u00bb<\/em>, a soulign\u00e9 Emmanuel Macron, entour\u00e9 du Premier ministre Edouard Philippe, du ministre de l&rsquo;Int\u00e9rieur Christophe Castaner et de Nicole Belloubet, ministre de la Justice.<\/p>\n","protected":false},"excerpt":{"rendered":"<p>e veux qu&rsquo;on analyse les choses, et que, dans les meilleurs d\u00e9lais, on puisse prendre des d\u00e9cisions fortes, compl\u00e9mentaires, pour que cela n&rsquo;advienne plus\u00a0\u00bb, a-t-il affirm\u00e9.&nbsp;Emmanuel Macron&nbsp;s&rsquo;est exprim\u00e9 samedi 16 mars&nbsp;apr\u00e8s&nbsp;les&nbsp;violences qui ont \u00e9maill\u00e9 la 18e journ\u00e9e&nbsp;de mobilisation des&nbsp;\u00ab\u00a0gilets jaunes\u00a0\u00bb&nbsp;\u00e0 Paris, lors d&rsquo;un point de situation \u00e0 la cellule de crise du minist\u00e8re de l&rsquo;Int\u00e9rieur. [&hellip;]<\/p>\n","protected":false},"author":2,"featured_media":11833,"comment_status":"open","ping_status":"open","sticky":false,"template":"","format":"standard","meta":{"_jetpack_memberships_contains_paid_content":false,"footnotes":"","jetpack_publicize_message":"","jetpack_publicize_feature_enabled":true,"jetpack_social_post_already_shared":true,"jetpack_social_options":{"image_generator_settings":{"template":"highway","default_image_id":0,"font":"","enabled":false},"version":2},"_wpas_customize_per_network":false},"categories":[405],"tags":[],"class_list":["post-11832","post","type-post","status-publish","format-standard","has-post-thumbnail","hentry","category-actu-france-monde"],"jetpack_publicize_connections":[],"jetpack_featured_media_url":"https:\/\/i0.wp.com\/www.iceagetv.com\/radiosite\/wp-content\/uploads\/2019\/03\/Violences-%C3%A0-Paris.jpg?fit=1197%2C450&ssl=1","jetpack_sharing_enabled":true,"_links":{"self":[{"href":"https:\/\/www.iceagetv.com\/radiosite\/wp-json\/wp\/v2\/posts\/11832","targetHints":{"allow":["GET"]}}],"collection":[{"href":"https:\/\/www.iceagetv.com\/radiosite\/wp-json\/wp\/v2\/posts"}],"about":[{"href":"https:\/\/www.iceagetv.com\/radiosite\/wp-json\/wp\/v2\/types\/post"}],"author":[{"embeddable":true,"href":"https:\/\/www.iceagetv.com\/radiosite\/wp-json\/wp\/v2\/users\/2"}],"replies":[{"embeddable":true,"href":"https:\/\/www.iceagetv.com\/radiosite\/wp-json\/wp\/v2\/comments?post=11832"}],"version-history":[{"count":1,"href":"https:\/\/www.iceagetv.com\/radiosite\/wp-json\/wp\/v2\/posts\/11832\/revisions"}],"predecessor-version":[{"id":11834,"href":"https:\/\/www.iceagetv.com\/radiosite\/wp-json\/wp\/v2\/posts\/11832\/revisions\/11834"}],"wp:featuredmedia":[{"embeddable":true,"href":"https:\/\/www.iceagetv.com\/radiosite\/wp-json\/wp\/v2\/media\/11833"}],"wp:attachment":[{"href":"https:\/\/www.iceagetv.com\/radiosite\/wp-json\/wp\/v2\/media?parent=11832"}],"wp:term":[{"taxonomy":"category","embeddable":true,"href":"https:\/\/www.iceagetv.com\/radiosite\/wp-json\/wp\/v2\/categories?post=11832"},{"taxonomy":"post_tag","embeddable":true,"href":"https:\/\/www.iceagetv.com\/radiosite\/wp-json\/wp\/v2\/tags?post=11832"}],"curies":[{"name":"wp","href":"https:\/\/api.w.org\/{rel}","templated":true}]}}