{"id":11839,"date":"2019-03-17T12:26:03","date_gmt":"2019-03-17T12:26:03","guid":{"rendered":"http:\/\/www.iceagetv.com\/radiosite\/?p=11839"},"modified":"2019-03-17T12:26:11","modified_gmt":"2019-03-17T12:26:11","slug":"bigflo-oli-aux-francofolies-de-la-reunion","status":"publish","type":"post","link":"https:\/\/www.iceagetv.com\/radiosite\/bigflo-oli-aux-francofolies-de-la-reunion\/","title":{"rendered":"Bigflo &#038; Oli aux Francofolies de La R\u00e9union"},"content":{"rendered":"\n<p>Deux ans apr\u00e8s leur dernier concert dans l\u2019\u00eele, ils reviennent avec un nouveau titre dont tout un couplet parle de La R\u00e9union. Bigflo et Oli, se produisaient sur la sc\u00e8ne \u00a0\u00bb Lagon \u00a0\u00bb le samedi 9 mars&nbsp;2019 \u00e0 l&rsquo;occasion des Francofolies de La R\u00e9union.&nbsp;Un v\u00e9ritable ph\u00e9nom\u00e8ne qu&rsquo;il ne fallait pas rater sur sc\u00e8ne !&nbsp;<\/p>\n\n\n\n<h2 class=\"wp-block-heading\">Big Flo &amp; Oli en haut de l&rsquo;affiche<\/h2>\n\n\n\n<p>Ils ont fait chanter, danser et sauter en l&rsquo;air La R\u00e9union le week-end dernier ! Bigflo&nbsp;et Oli&nbsp;ont enflamm\u00e9 l&rsquo;\u00e9dition 2019 des Francofolies&nbsp;\u00e0 Saint-Pierre.<\/p>\n\n\n\n<p>\n\nIl est maintenant 15h, et apr\u00e8s une nouvelle s\u00e9rie de selfies, les deux fr\u00e8res partent \u2026 se reposer ? Non ! Ils partent pour trois heures de r\u00e9union avec leur \u00e9quipe dans un h\u00f4tel du front de mer.&nbsp;Objectif : pr\u00e9parer les deux concerts g\u00e9ants qu\u2019ils donneront au mois de mai dans le stade de Toulouse, chaque fois devant plus de 30 000 spectateurs.<br><\/p>\n\n\n\n<blockquote class=\"wp-block-quote is-layout-flow wp-block-quote-is-layout-flow\"><p>\u00a0\u00bb \u00c7<em>a fait trois mois qu&rsquo;on est pas&nbsp;mont\u00e9&nbsp;sur sc\u00e8ne&#8230; La reprise, c&rsquo;est chez vous \u00e0 La R\u00e9union :&nbsp;Bisous \u00e0 tous.&nbsp;<\/em>\u00ab\u00a0<\/p><\/blockquote>\n\n\n\n<h2 class=\"wp-block-heading\">Oli s&rsquo;adressant \u00e0 Bigflo :<\/h2>\n\n\n\n<blockquote class=\"wp-block-quote is-layout-flow wp-block-quote-is-layout-flow\"><p>Tu sais quoi, on va le faire, \u00e7a fait deux ans qu&rsquo;on n&rsquo;est pas venus, tout le monde va la chanter avec nous celle l\u00e0 : je suis all\u00e9 sur une \u00eele, le volcan m&rsquo;a ouvert les bras.\u00a0<br>Pendant deux heures, de 7 \u00e0 77 ans, la foule va reprendre en coeur les refrains des deux jeunes Toulousains. Et soudain&#8230;On est tellement pas souvent \u00e0 La R\u00e9union qu\u2019on est oblig\u00e9 d&rsquo;aller dans la foule.<br>Avant de dire au revoir, Florian et Olivio fendent la foule, disparaissent dans la masse, pour r\u00e9appara\u00eetre au-dessus de la m\u00eal\u00e9e.<\/p><\/blockquote>\n","protected":false},"excerpt":{"rendered":"<p>Deux ans apr\u00e8s leur dernier concert dans l\u2019\u00eele, ils reviennent avec un nouveau titre dont tout un couplet parle de La R\u00e9union. Bigflo et Oli, se produisaient sur la sc\u00e8ne \u00a0\u00bb Lagon \u00a0\u00bb le samedi 9 mars&nbsp;2019 \u00e0 l&rsquo;occasion des Francofolies de La R\u00e9union.&nbsp;Un v\u00e9ritable ph\u00e9nom\u00e8ne qu&rsquo;il ne fallait pas rater sur sc\u00e8ne !&nbsp; Big [&hellip;]<\/p>\n","protected":false},"author":2,"featured_media":11840,"comment_status":"open","ping_status":"open","sticky":false,"template":"","format":"standard","meta":{"_jetpack_memberships_contains_paid_content":false,"footnotes":"","jetpack_publicize_message":"","jetpack_publicize_feature_enabled":true,"jetpack_social_post_already_shared":true,"jetpack_social_options":{"image_generator_settings":{"template":"highway","default_image_id":0,"font":"","enabled":false},"version":2},"_wpas_customize_per_network":false},"categories":[2585],"tags":[],"class_list":["post-11839","post","type-post","status-publish","format-standard","has-post-thumbnail","hentry","category-actu-outre-mer"],"jetpack_publicize_connections":[],"jetpack_featured_media_url":"https:\/\/i0.wp.com\/www.iceagetv.com\/radiosite\/wp-content\/uploads\/2019\/03\/Bigflo-Oli-aux-Francofolies-de-La-R%C3%A9union.jpg?fit=1920%2C1440&ssl=1","jetpack_sharing_enabled":true,"_links":{"self":[{"href":"https:\/\/www.iceagetv.com\/radiosite\/wp-json\/wp\/v2\/posts\/11839","targetHints":{"allow":["GET"]}}],"collection":[{"href":"https:\/\/www.iceagetv.com\/radiosite\/wp-json\/wp\/v2\/posts"}],"about":[{"href":"https:\/\/www.iceagetv.com\/radiosite\/wp-json\/wp\/v2\/types\/post"}],"author":[{"embeddable":true,"href":"https:\/\/www.iceagetv.com\/radiosite\/wp-json\/wp\/v2\/users\/2"}],"replies":[{"embeddable":true,"href":"https:\/\/www.iceagetv.com\/radiosite\/wp-json\/wp\/v2\/comments?post=11839"}],"version-history":[{"count":1,"href":"https:\/\/www.iceagetv.com\/radiosite\/wp-json\/wp\/v2\/posts\/11839\/revisions"}],"predecessor-version":[{"id":11841,"href":"https:\/\/www.iceagetv.com\/radiosite\/wp-json\/wp\/v2\/posts\/11839\/revisions\/11841"}],"wp:featuredmedia":[{"embeddable":true,"href":"https:\/\/www.iceagetv.com\/radiosite\/wp-json\/wp\/v2\/media\/11840"}],"wp:attachment":[{"href":"https:\/\/www.iceagetv.com\/radiosite\/wp-json\/wp\/v2\/media?parent=11839"}],"wp:term":[{"taxonomy":"category","embeddable":true,"href":"https:\/\/www.iceagetv.com\/radiosite\/wp-json\/wp\/v2\/categories?post=11839"},{"taxonomy":"post_tag","embeddable":true,"href":"https:\/\/www.iceagetv.com\/radiosite\/wp-json\/wp\/v2\/tags?post=11839"}],"curies":[{"name":"wp","href":"https:\/\/api.w.org\/{rel}","templated":true}]}}