{"id":11850,"date":"2019-03-18T19:05:58","date_gmt":"2019-03-18T19:05:58","guid":{"rendered":"http:\/\/www.iceagetv.com\/radiosite\/?p=11850"},"modified":"2019-03-18T19:06:04","modified_gmt":"2019-03-18T19:06:04","slug":"violences-a-paris-ce-sont-des-gens-qui-veulent-detruire-les-institutions-pas-des-manifestants-declare-emmanuel-macron","status":"publish","type":"post","link":"https:\/\/www.iceagetv.com\/radiosite\/violences-a-paris-ce-sont-des-gens-qui-veulent-detruire-les-institutions-pas-des-manifestants-declare-emmanuel-macron\/","title":{"rendered":"Violences \u00e0 Paris : \u00ab\u00a0Ce sont des gens qui veulent d\u00e9truire les institutions, pas des manifestants\u00a0\u00bb, d\u00e9clare Emmanuel Macron"},"content":{"rendered":"\n<p><em>Ce sont des gens qui veulent d\u00e9truire les institutions, pas des manifestants\u00a0\u00bb<\/em>, a affirm\u00e9 Emmanuel Macron lundi 18 mars suite \u00e0 la&nbsp;<a href=\"https:\/\/www.francetvinfo.fr\/economie\/transports\/gilets-jaunes\/direct-gilets-jaunes-manifestation-paris-champs-elysees-gouvernement-emmanuel-macron-grand-debat-national-ultimatum_3235991.html\">journ\u00e9e de mobilisation des \u00ab\u00a0gilets jaunes\u00a0\u00bb<\/a>&nbsp;qui a conduit samedi \u00e0 des affrontements entre casseurs et policiers dans le secteur des Champs-Elys\u00e9es, o\u00f9&nbsp;<a href=\"https:\/\/www.francetvinfo.fr\/economie\/transports\/gilets-jaunes\/gilets-jaunes-pres-de-80-des-enseignes-des-champs-elysees-impactees-par-les-violences_3239039.html\">une cinquantaine de magasins ont \u00e9t\u00e9 saccag\u00e9s<\/a>&nbsp;et 250&nbsp;personnes interpell\u00e9es et plac\u00e9es en garde \u00e0 vue.&nbsp;<\/p>\n\n\n\n<p>Le chef de l&rsquo;Etat s&rsquo;exprimait lundi 18 mars&nbsp;<a href=\"https:\/\/www.francetvinfo.fr\/politique\/grand-debat-national\/grand-debat-a-l-elysee-qu-en-pensent-les-intellectuels-invites-par-emmanuel-macron_3238973.html\">devant une soixantaine d&rsquo;intellectuels<\/a>&nbsp;r\u00e9unis dans le cadre d&rsquo;un d\u00e9bat organis\u00e9 \u00e0 l&rsquo;Elys\u00e9e, diffus\u00e9 sur&nbsp;<a href=\"https:\/\/www.franceculture.fr\/politique\/grand-debat-emmanuel-macron-debat-lundi-avec-des-intellectuels-a-suivre-en-direct-sur-france-culture\" target=\"_blank\" rel=\"noreferrer noopener\">France Culture<\/a>. Ce qui s&rsquo;est pass\u00e9 samedi \u00e0 Paris en marge de la manifestation des \u00ab\u00a0gilets jaunes\u00a0\u00bb,<em>\u00ab\u00a0cela s&rsquo;appelle une \u00e9meute de casseurs\u00a0\u00bb<\/em>, a-t-il d\u00e9clar\u00e9.&nbsp;<em>\u00ab\u00a0Il y a des manifestations dans toutes les d\u00e9mocraties. La manifestation est prot\u00e9g\u00e9e constitutionnellement parce qu&rsquo;elle est l&rsquo;expression libre mais respectueuse de la libert\u00e9 des autres, d&rsquo;une opinion. Mais je ne confondrai pas la manifestation avec ce qui s&rsquo;est pass\u00e9 samedi\u00a0\u00bb,&nbsp;<\/em>aajout\u00e9&nbsp;le pr\u00e9sident de la R\u00e9publique,&nbsp;estimant qu&rsquo;il&nbsp;<em>\u00ab\u00a0faut faire ce distinguo de mani\u00e8re absolue\u00a0\u00bb<\/em>.<\/p>\n\n\n\n<h2 class=\"wp-block-heading\">La possibilit\u00e9 \u00ab\u00a0d&rsquo;interdire des p\u00e9rim\u00e8tres\u00a0\u00bb<\/h2>\n\n\n\n<p>Emmanuel Macron a rappel\u00e9 qu&rsquo;une manifestation doit se d\u00e9rouler<em>&nbsp;\u00ab\u00a0dans un r\u00e9gime d&rsquo;autorisation. Les gens qui l&rsquo;organisent d\u00e9posent un trac\u00e9, qui est autoris\u00e9 et encadr\u00e9. L\u00e0, on a des gens qui ne savent plus pourquoi ils sont dehors, sauf d\u00e9truire.\u00a0\u00bb&nbsp;<\/em>Il a donc l\u00e9gitim\u00e9&nbsp;<a href=\"https:\/\/www.francetvinfo.fr\/economie\/transports\/gilets-jaunes\/direct-gilets-jaunes-critique-par-l-opposition-le-gouvernement-va-annoncer-de-nouvelles-mesures-securitaires_3238701.html\">les annonces du Premier ministre Edouard Philippe<\/a>&nbsp;concernant les prochaines manifestations des \u00ab\u00a0gilets jaunes\u00a0\u00bb :&nbsp;<em>\u00ab\u00a0Ce qu&rsquo;on a d\u00e9cid\u00e9 de faire et qui n&rsquo;a pas \u00e9t\u00e9 appliqu\u00e9 samedi, c&rsquo;est d&rsquo;adapter le r\u00e9gime d&rsquo;ordre public. La r\u00e9ponse est tr\u00e8s diff\u00e9rente de celle apport\u00e9e \u00e0 une manifestation.\u00a0\u00bb&nbsp;<\/em><\/p>\n\n\n\n<p>Le chef de l&rsquo;Etat a donc confirm\u00e9 que l&rsquo;ex\u00e9cutif se laissait la possibilit\u00e9&nbsp;<em>\u00ab\u00a0d&rsquo;interdire des p\u00e9rim\u00e8tres\u00a0\u00bb :&nbsp;&nbsp;<\/em>\u00ab\u00a0<em>D\u00e8s samedi prochain, les Champs-Elys\u00e9es, comme diff\u00e9rents quartiers de centres villes qui ont \u00e9t\u00e9 beaucoup frapp\u00e9s par cette crise, seront interdits \u00e0 toute forme de rassemblement\u00a0\u00bb,&nbsp;<\/em>a d\u00e9clar\u00e9 Emmanuel Macron.<\/p>\n","protected":false},"excerpt":{"rendered":"<p>Ce sont des gens qui veulent d\u00e9truire les institutions, pas des manifestants\u00a0\u00bb, a affirm\u00e9 Emmanuel Macron lundi 18 mars suite \u00e0 la&nbsp;journ\u00e9e de mobilisation des \u00ab\u00a0gilets jaunes\u00a0\u00bb&nbsp;qui a conduit samedi \u00e0 des affrontements entre casseurs et policiers dans le secteur des Champs-Elys\u00e9es, o\u00f9&nbsp;une cinquantaine de magasins ont \u00e9t\u00e9 saccag\u00e9s&nbsp;et 250&nbsp;personnes interpell\u00e9es et plac\u00e9es en garde [&hellip;]<\/p>\n","protected":false},"author":2,"featured_media":11851,"comment_status":"open","ping_status":"open","sticky":false,"template":"","format":"standard","meta":{"_jetpack_memberships_contains_paid_content":false,"footnotes":"","jetpack_publicize_message":"","jetpack_publicize_feature_enabled":true,"jetpack_social_post_already_shared":true,"jetpack_social_options":{"image_generator_settings":{"template":"highway","default_image_id":0,"font":"","enabled":false},"version":2},"_wpas_customize_per_network":false},"categories":[405],"tags":[],"class_list":["post-11850","post","type-post","status-publish","format-standard","has-post-thumbnail","hentry","category-actu-france-monde"],"jetpack_publicize_connections":[],"jetpack_featured_media_url":"https:\/\/i0.wp.com\/www.iceagetv.com\/radiosite\/wp-content\/uploads\/2019\/03\/Violences-%C3%A0-Paris-1.jpg?fit=1197%2C450&ssl=1","jetpack_sharing_enabled":true,"_links":{"self":[{"href":"https:\/\/www.iceagetv.com\/radiosite\/wp-json\/wp\/v2\/posts\/11850","targetHints":{"allow":["GET"]}}],"collection":[{"href":"https:\/\/www.iceagetv.com\/radiosite\/wp-json\/wp\/v2\/posts"}],"about":[{"href":"https:\/\/www.iceagetv.com\/radiosite\/wp-json\/wp\/v2\/types\/post"}],"author":[{"embeddable":true,"href":"https:\/\/www.iceagetv.com\/radiosite\/wp-json\/wp\/v2\/users\/2"}],"replies":[{"embeddable":true,"href":"https:\/\/www.iceagetv.com\/radiosite\/wp-json\/wp\/v2\/comments?post=11850"}],"version-history":[{"count":1,"href":"https:\/\/www.iceagetv.com\/radiosite\/wp-json\/wp\/v2\/posts\/11850\/revisions"}],"predecessor-version":[{"id":11852,"href":"https:\/\/www.iceagetv.com\/radiosite\/wp-json\/wp\/v2\/posts\/11850\/revisions\/11852"}],"wp:featuredmedia":[{"embeddable":true,"href":"https:\/\/www.iceagetv.com\/radiosite\/wp-json\/wp\/v2\/media\/11851"}],"wp:attachment":[{"href":"https:\/\/www.iceagetv.com\/radiosite\/wp-json\/wp\/v2\/media?parent=11850"}],"wp:term":[{"taxonomy":"category","embeddable":true,"href":"https:\/\/www.iceagetv.com\/radiosite\/wp-json\/wp\/v2\/categories?post=11850"},{"taxonomy":"post_tag","embeddable":true,"href":"https:\/\/www.iceagetv.com\/radiosite\/wp-json\/wp\/v2\/tags?post=11850"}],"curies":[{"name":"wp","href":"https:\/\/api.w.org\/{rel}","templated":true}]}}