{"id":11853,"date":"2019-03-18T19:09:19","date_gmt":"2019-03-18T19:09:19","guid":{"rendered":"http:\/\/www.iceagetv.com\/radiosite\/?p=11853"},"modified":"2019-03-18T19:09:28","modified_gmt":"2019-03-18T19:09:28","slug":"ce-qui-cloche-avec-le-nouvel-ipad-air","status":"publish","type":"post","link":"https:\/\/www.iceagetv.com\/radiosite\/ce-qui-cloche-avec-le-nouvel-ipad-air\/","title":{"rendered":"Ce qui cloche avec le nouvel iPad Air"},"content":{"rendered":"\n<p>Qui a dit qu&rsquo;Apple ne savait plus surprendre ? En mars 2019, la firme de Cupertino a annonc\u00e9 un nouvel iPad Air dont on ne comprend pas vraiment le r\u00f4le dans la gamme. Voil\u00e0 pourquoi.<\/p>\n\n\n\n<p>Alors que la gamme iPad \u00e9tait assez simple \u00e0 comprendre, Apple s\u2019est dit qu\u2019il serait sans doute int\u00e9ressant de la compliquer. Le lundi 18 mars 2019, la firme de Cupertino a donc annonc\u00e9&nbsp;<a href=\"https:\/\/www.numerama.com\/tech\/472540-apple-devoile-ses-nouveaux-ipad-air-et-ipad-mini-processeur-de-liphone-xs-compatibilite-pencil-et-port-jack.html\">un nouvel iPad Air<\/a>&nbsp;et, \u00e0 dire vrai, personne ne s\u2019y attendait.<\/p>\n\n\n\n<p>\u00c0 c\u00f4t\u00e9, le renouvellement de l\u2019iPad mini, dont la quatri\u00e8me g\u00e9n\u00e9ration \u00e9tait toujours vendue et commen\u00e7ait \u00e0 dater, appara\u00eet des plus logiques. Mais l\u2019iPad Air\u00a0? On a beau prendre du recul face \u00e0 cette r\u00e9vision surprise, on a du mal \u00e0 saisir l\u2019int\u00e9r\u00eat de ce produit. Il est positionn\u00e9 entre l\u2019iPad (rapport qualit\u00e9 prix imbattable) et l\u2019iPad Pro (aux fonctionnalit\u00e9s de pointe) sans r\u00e9ellement justifier sa place \u00e0 un tarif qui ressemble \u00e0 celui des iPad des d\u00e9buts (500\/600 euros). Et si l\u2019iPad en tant qu\u2019objet va garder son statut de meilleure tablette tactile du march\u00e9 sans nul doute, ce nouvel arrivant pose question.<\/p>\n\n\n\n<h2 class=\"wp-block-heading\">POURQUOI RESSUSCITER L\u2019IPAD AIR&nbsp;?<\/h2>\n\n\n\n<p>En 2017,&nbsp;<a href=\"https:\/\/www.numerama.com\/tech\/245372-le-nouvel-ipad-est-il-un-bon-investissement.html\">Apple introduisait l\u2019iPad<\/a>, une tablette r\u00e9duite \u00e0 sa plus simple expression pour \u00eatre&nbsp;<a href=\"https:\/\/www.numerama.com\/tech\/340197-test-de-lipad-2018-la-tablette-grand-public-par-excellence.html\">plus abordable et devenir, un an plus tard<\/a>, l\u2019<em>extraordinateur<\/em>&nbsp;compatible avec l\u2019Apple Pencil. Encore aujourd\u2019hui, le rapport qualit\u00e9\/prix est imbattable pour le grand public et l\u2019iPad de 2018 demeure un outil formidable pour la sph\u00e8re \u00e9ducative.<\/p>\n\n\n\n<p>En quelque sorte, cet iPad 2018 \u00e9tait l\u2019iPad Air 3 jusqu\u2019\u00e0 ce que l\u2019iPad Air 3 soit officialis\u00e9. C\u2019est un signe fort\u00a0: Apple refuse d\u2019enterrer sa marque Air, qui a fait le succ\u00e8s de ses gammes MacBook (<a href=\"https:\/\/www.numerama.com\/tech\/437203-test-du-macbook-air-2018-le-laptop-iconique-a-t-il-encore-une-place-dans-la-gamme-apple.html\">une nouvelle version a m\u00eame \u00e9t\u00e9 annonc\u00e9e l\u2019ann\u00e9e derni\u00e8re<\/a>) et iPad (les Air 1 et 2 furent des mod\u00e8les d\u2019excellence). Et tant pis pour la confusion au sein du catalogue devenu d\u2019un coup tr\u00e8s, tr\u00e8s complexe. iPad mini, iPad et iPad Pro\u00a0? C\u2019\u00e9tait clair. iPad mini, iPad, iPad Air et iPad Pro\u00a0? \u00c7a se complique\u2026<\/p>\n\n\n\n<h2 class=\"wp-block-heading\">LE PORT LIGHTNING, POURQUOI&nbsp;?<\/h2>\n\n\n\n<p>Si Apple voulait lancer un \u00e9lan de nostalgie avec un nouvel iPad Air, alors il ne s\u2019y serait pas pris autrement. Sa tablette respire tout sauf l\u2019avenir de la gamme. Symbole de ce constat&nbsp;? La conservation du port Lightning, n\u00e9cessaire au rechargement de la batterie. L\u00e0 encore, la confusion est de mise&nbsp;: pourquoi l\u2019iPad Pro est-il pass\u00e9 \u00e0 l\u2019USB-C quand les futurs mod\u00e8les restent au Lightning&nbsp;? On a du mal \u00e0 suivre la logique.<\/p>\n\n\n\n<p>Pire, les utilisateurs Apple vont encore devoir jongler avec les c\u00e2bles et les adapteurs. Car Apple fournit toujours un c\u00e2ble Lightning vers USB-A dans la bo\u00eete\u2026 Comprendre&nbsp;: vous ne pourrez pas relier votre iPad Air \u00e0 votre MacBook Air de 2019 sans passer par un adaptateur. Ann\u00e9e apr\u00e8s ann\u00e9e, l\u2019\u00e9cosyst\u00e8me Apple perd en clart\u00e9 \u00e0 mesure qu\u2019il tente de contenter tout le monde.<\/p>\n\n\n\n<p>Seule justification de la pr\u00e9sence d\u2019un connecteur Lightning\u00a0? Il est indispensable pour recharger et appairer l\u2019Apple Pencil de premi\u00e8re g\u00e9n\u00e9ration. Eh oui, il y a deux stylets diff\u00e9rents au sein d\u2019une m\u00eame gamme de produits\u2026<\/p>\n\n\n\n<h2 class=\"wp-block-heading\">LE PORT JACK, POURQUOI&nbsp;?<\/h2>\n\n\n\n<p>Comme avec le port Lightning, Apple souffle le chaud et le froid concernant le port jack. Premier constructeur majeur \u00e0 le retirer de ses t\u00e9l\u00e9phones (une d\u00e9cision critiqu\u00e9e \u00e0 l\u2019\u00e9poque, mais aujourd\u2019hui imit\u00e9e en masse par la concurrence), il ne l\u2019a pas d\u00e9finitivement enterr\u00e9 pour autant. L\u2019iPad Pro en est d\u00e9pourvu&nbsp;? C\u2019est bien le seul au sein de la gamme \u2014 une \u00e9ni\u00e8me anomalie. Et pourtant, Apple a port\u00e9 l\u2019argument du Bluetooth et avec ferveur, parlant d\u2019un&nbsp;<em>choix courageux<\/em>&nbsp;\u00e0 l\u2019\u00e9poque de l\u2019abandon du petit connecteur rond.<\/p>\n\n\n\n<p>En somme, la posture ferme sur les iPhone (<a href=\"https:\/\/www.numerama.com\/tech\/417502-plus-de-port-ni-de-dongle-apple-a-elimine-les-dernieres-traces-de-linterface-jack.html\">il n\u2019y a m\u00eame plus d\u2019adaptateur Lightning vers jack fourni&nbsp;dans la bo\u00eete<\/a>) n\u2019est pas appliqu\u00e9e pour tous les iPad. Il faut suivre.<\/p>\n\n\n\n<h2 class=\"wp-block-heading\">SA PLACE DANS LA GAMME<\/h2>\n\n\n\n<p>Si l\u2019on se r\u00e9f\u00e8re aux fiches techniques, il est un petit peu plus grand (10,5 contre 9,7 pouces) et puissant (A12 Bionic contre A10 Fusion) que le simple iPad. Il a aussi pour lui un Smart Connector pour gagner un Smart Keyboard, vendu en option (moyennant 179 euros), et un \u00e9cran de meilleure qualit\u00e9 (embarquant la technologie True Tone, par exemple).<\/p>\n\n\n\n<p>En quelque sorte, Apple a recycl\u00e9 la coque de l\u2019ancien iPad Pro 10,5 pouces pour faire un iPad Air qui est autant un super iPad qu\u2019un sous iPad Pro 2018. Le march\u00e9 montre pourtant que les produits au positionnement trouble peinent \u00e0 trouver leur public. Celles et ceux qui surveillent leurs finances mettront-il 200 euros de plus pour quelques pouces suppl\u00e9mentaires, un affichage plus agr\u00e9able et la possibilit\u00e9 de lui flanquer un clavier tr\u00e8s cher&nbsp;? Les f\u00e9rus de productivit\u00e9 accepteront-ils d\u2019\u00e9conomiser 300 euros en perdant beaucoup (Face ID, quatre hauts-parleurs, meilleur \u00e9cran\u2026)&nbsp;? Rien n\u2019est moins s\u00fbr.<\/p>\n\n\n\n<p>En conclusion, cet iPad Air ne semble pas, \u00e0 premi\u00e8re vue, avoir de r\u00e9els arguments qui lui permettront de se d\u00e9marquer. Contrairement \u00e0 l\u2019iPad mini 5 avec son format distinctif et ses nombreux fans.<\/p>\n","protected":false},"excerpt":{"rendered":"<p>Qui a dit qu&rsquo;Apple ne savait plus surprendre ? En mars 2019, la firme de Cupertino a annonc\u00e9 un nouvel iPad Air dont on ne comprend pas vraiment le r\u00f4le dans la gamme. Voil\u00e0 pourquoi. Alors que la gamme iPad \u00e9tait assez simple \u00e0 comprendre, Apple s\u2019est dit qu\u2019il serait sans doute int\u00e9ressant de la [&hellip;]<\/p>\n","protected":false},"author":2,"featured_media":11854,"comment_status":"open","ping_status":"open","sticky":false,"template":"","format":"standard","meta":{"_jetpack_memberships_contains_paid_content":false,"footnotes":"","jetpack_publicize_message":"","jetpack_publicize_feature_enabled":true,"jetpack_social_post_already_shared":true,"jetpack_social_options":{"image_generator_settings":{"template":"highway","default_image_id":0,"font":"","enabled":false},"version":2},"_wpas_customize_per_network":false},"categories":[16],"tags":[],"class_list":["post-11853","post","type-post","status-publish","format-standard","has-post-thumbnail","hentry","category-actu-high-tech"],"jetpack_publicize_connections":[],"jetpack_featured_media_url":"https:\/\/i0.wp.com\/www.iceagetv.com\/radiosite\/wp-content\/uploads\/2019\/03\/nouvel-iPad-Air.jpg?fit=1024%2C606&ssl=1","jetpack_sharing_enabled":true,"_links":{"self":[{"href":"https:\/\/www.iceagetv.com\/radiosite\/wp-json\/wp\/v2\/posts\/11853","targetHints":{"allow":["GET"]}}],"collection":[{"href":"https:\/\/www.iceagetv.com\/radiosite\/wp-json\/wp\/v2\/posts"}],"about":[{"href":"https:\/\/www.iceagetv.com\/radiosite\/wp-json\/wp\/v2\/types\/post"}],"author":[{"embeddable":true,"href":"https:\/\/www.iceagetv.com\/radiosite\/wp-json\/wp\/v2\/users\/2"}],"replies":[{"embeddable":true,"href":"https:\/\/www.iceagetv.com\/radiosite\/wp-json\/wp\/v2\/comments?post=11853"}],"version-history":[{"count":1,"href":"https:\/\/www.iceagetv.com\/radiosite\/wp-json\/wp\/v2\/posts\/11853\/revisions"}],"predecessor-version":[{"id":11855,"href":"https:\/\/www.iceagetv.com\/radiosite\/wp-json\/wp\/v2\/posts\/11853\/revisions\/11855"}],"wp:featuredmedia":[{"embeddable":true,"href":"https:\/\/www.iceagetv.com\/radiosite\/wp-json\/wp\/v2\/media\/11854"}],"wp:attachment":[{"href":"https:\/\/www.iceagetv.com\/radiosite\/wp-json\/wp\/v2\/media?parent=11853"}],"wp:term":[{"taxonomy":"category","embeddable":true,"href":"https:\/\/www.iceagetv.com\/radiosite\/wp-json\/wp\/v2\/categories?post=11853"},{"taxonomy":"post_tag","embeddable":true,"href":"https:\/\/www.iceagetv.com\/radiosite\/wp-json\/wp\/v2\/tags?post=11853"}],"curies":[{"name":"wp","href":"https:\/\/api.w.org\/{rel}","templated":true}]}}