{"id":11857,"date":"2019-03-19T19:05:41","date_gmt":"2019-03-19T19:05:41","guid":{"rendered":"http:\/\/www.iceagetv.com\/radiosite\/?p=11857"},"modified":"2019-03-19T19:05:47","modified_gmt":"2019-03-19T19:05:47","slug":"le-pape-refuse-la-demission-de-barbarin-qui-se-met-en-retrait","status":"publish","type":"post","link":"https:\/\/www.iceagetv.com\/radiosite\/le-pape-refuse-la-demission-de-barbarin-qui-se-met-en-retrait\/","title":{"rendered":"Le pape refuse la d\u00e9mission de Barbarin, qui se met en retrait"},"content":{"rendered":"\n<p>Le Pape Fran\u00e7ois a refus\u00e9 la d\u00e9mission du cardinal Philippe Barbarin, invoquant \u00ab\u00a0la pr\u00e9somption d&rsquo;innocence\u00a0\u00bb, a annonc\u00e9 mardi le pr\u00e9lat fran\u00e7ais dans un communiqu\u00e9, en pr\u00e9cisant qu&rsquo;il se mettrait \u00ab\u00a0quelque temps\u00a0\u00bb en retrait de son dioc\u00e8se de Lyon.<\/p>\n\n\n\n<p>\u00ab\u00a0Lundi matin, j&rsquo;ai remis ma mission entre les mains du Saint P\u00e8re. En invoquant la pr\u00e9somption d&rsquo;innocence, il n&rsquo;a pas voulu accepter cette d\u00e9mission\u00a0\u00bb, a annonc\u00e9 Mgr Barbarin.<\/p>\n\n\n\n<p>Philippe Barbarin reste donc archev\u00eaque de Lyon en attendant son proc\u00e8s en appel, mais il a annonc\u00e9 qu&rsquo;il se mettait \u00ab\u00a0en retrait pour quelque temps\u00a0\u00bb.<\/p>\n\n\n\n<p>Il laissera \u00ab\u00a0la conduite du dioc\u00e8se au vicaire g\u00e9n\u00e9ral mod\u00e9rateur, le p\u00e8re Yves Baumgarten\u00a0\u00bb, sur \u00ab\u00a0suggestion\u00a0\u00bb du pape \u00ab\u00a0et parce que l&rsquo;\u00c9glise de Lyon souffre depuis\u00a0\u00bb qu&rsquo;a \u00e9clat\u00e9 voici trois ans le scandale de p\u00e9dophilie du dioc\u00e8se de Lyon.<\/p>\n\n\n\n<p>A Rome, le Vatican a confirm\u00e9 par communiqu\u00e9 que \u00ab\u00a0le Saint-P\u00e8re n&rsquo;a pas accept\u00e9 la d\u00e9mission pr\u00e9sent\u00e9e par le Cardinal Philippe Barbarin\u00a0\u00bb.<\/p>\n\n\n\n<p>\u00ab\u00a0Conscient, cependant, des difficult\u00e9s que conna\u00eet actuellement l&rsquo;archidioc\u00e8se, le Saint-P\u00e8re a laiss\u00e9 le cardinal Barbarin libre de prendre la d\u00e9cision la plus appropri\u00e9e pour son dioc\u00e8se\u00a0\u00bb, ajoute le texte.<\/p>\n\n\n\n<p>Archev\u00eaque de Lyon depuis 2002, cardinal depuis 2003, primat des Gaules (titre honorifique conf\u00e9r\u00e9 \u00e0 l&rsquo;archev\u00eaque de Lyon depuis le XIe si\u00e8cle), Mgr Philippe Barbarin est consid\u00e9r\u00e9 \u00e0 68 ans comme le plus haut dignitaire de l&rsquo;Eglise de France.&nbsp;<\/p>\n\n\n\n<p>A l&rsquo;issue d&rsquo;un proc\u00e8s devenu symbole de la crise de l&rsquo;Eglise face aux actes p\u00e9dophiles, il a \u00e9t\u00e9 condamn\u00e9 le 7 mars \u00e0 six mois de prison avec sursis pour ne pas avoir d\u00e9nonc\u00e9 \u00e0 la justice les agressions p\u00e9dophiles imput\u00e9es par des scouts au p\u00e8re Bernard Preynat dans les ann\u00e9es 1980\/1990 et dont il avait \u00e9t\u00e9 inform\u00e9 par une victime en 2014.&nbsp;<\/p>\n\n\n\n<p>Le cardinal a martel\u00e9 durant le proc\u00e8s n&rsquo;avoir&nbsp;\u00ab\u00a0jamais cherch\u00e9 \u00e0 cacher, encore moins \u00e0 couvrir ces faits horribles\u00a0\u00bb. Mais le jugement consid\u00e8re qu&rsquo;il a choisi de ne rien dire aux autorit\u00e9s fran\u00e7aises \u00ab\u00a0pour pr\u00e9server l&rsquo;institution\u00a0\u00bb de l&rsquo;Eglise, emp\u00eachant ainsi \u00ab\u00a0la d\u00e9couverte de tr\u00e8s nombreuses victimes d&rsquo;abus sexuels par la justice\u00a0\u00bb.&nbsp;<\/p>\n\n\n\n<p>Ses avocats ont fait appel et il faudra donc attendre le jugement de ce second proc\u00e8s pour conna\u00eetre le sort d\u00e9finitif du pr\u00e9lat.<\/p>\n\n\n\n<p>R\u00e9put\u00e9 proche de Mgr Barbarin, le pape argentin a longtemps pris personnellement la d\u00e9fense du cardinal fran\u00e7ais. Lorsque l&rsquo;affaire avait \u00e9clat\u00e9 en 2016, il avait d\u00e9j\u00e0 rejet\u00e9 une d\u00e9mission du pr\u00e9lat, jugeant qu&rsquo;elle serait \u00ab\u00a0un contresens, une imprudence\u00a0\u00bb, avant l&rsquo;issue de son proc\u00e8s.<\/p>\n","protected":false},"excerpt":{"rendered":"<p>Le Pape Fran\u00e7ois a refus\u00e9 la d\u00e9mission du cardinal Philippe Barbarin, invoquant \u00ab\u00a0la pr\u00e9somption d&rsquo;innocence\u00a0\u00bb, a annonc\u00e9 mardi le pr\u00e9lat fran\u00e7ais dans un communiqu\u00e9, en pr\u00e9cisant qu&rsquo;il se mettrait \u00ab\u00a0quelque temps\u00a0\u00bb en retrait de son dioc\u00e8se de Lyon. \u00ab\u00a0Lundi matin, j&rsquo;ai remis ma mission entre les mains du Saint P\u00e8re. En invoquant la pr\u00e9somption d&rsquo;innocence, [&hellip;]<\/p>\n","protected":false},"author":2,"featured_media":11858,"comment_status":"open","ping_status":"open","sticky":false,"template":"","format":"standard","meta":{"_jetpack_memberships_contains_paid_content":false,"footnotes":"","jetpack_publicize_message":"","jetpack_publicize_feature_enabled":true,"jetpack_social_post_already_shared":true,"jetpack_social_options":{"image_generator_settings":{"template":"highway","default_image_id":0,"font":"","enabled":false},"version":2},"_wpas_customize_per_network":false},"categories":[405],"tags":[],"class_list":["post-11857","post","type-post","status-publish","format-standard","has-post-thumbnail","hentry","category-actu-france-monde"],"jetpack_publicize_connections":[],"jetpack_featured_media_url":"https:\/\/i0.wp.com\/www.iceagetv.com\/radiosite\/wp-content\/uploads\/2019\/03\/d%C3%A9mission-de-Barbarin.jpg?fit=980%2C450&ssl=1","jetpack_sharing_enabled":true,"_links":{"self":[{"href":"https:\/\/www.iceagetv.com\/radiosite\/wp-json\/wp\/v2\/posts\/11857","targetHints":{"allow":["GET"]}}],"collection":[{"href":"https:\/\/www.iceagetv.com\/radiosite\/wp-json\/wp\/v2\/posts"}],"about":[{"href":"https:\/\/www.iceagetv.com\/radiosite\/wp-json\/wp\/v2\/types\/post"}],"author":[{"embeddable":true,"href":"https:\/\/www.iceagetv.com\/radiosite\/wp-json\/wp\/v2\/users\/2"}],"replies":[{"embeddable":true,"href":"https:\/\/www.iceagetv.com\/radiosite\/wp-json\/wp\/v2\/comments?post=11857"}],"version-history":[{"count":1,"href":"https:\/\/www.iceagetv.com\/radiosite\/wp-json\/wp\/v2\/posts\/11857\/revisions"}],"predecessor-version":[{"id":11859,"href":"https:\/\/www.iceagetv.com\/radiosite\/wp-json\/wp\/v2\/posts\/11857\/revisions\/11859"}],"wp:featuredmedia":[{"embeddable":true,"href":"https:\/\/www.iceagetv.com\/radiosite\/wp-json\/wp\/v2\/media\/11858"}],"wp:attachment":[{"href":"https:\/\/www.iceagetv.com\/radiosite\/wp-json\/wp\/v2\/media?parent=11857"}],"wp:term":[{"taxonomy":"category","embeddable":true,"href":"https:\/\/www.iceagetv.com\/radiosite\/wp-json\/wp\/v2\/categories?post=11857"},{"taxonomy":"post_tag","embeddable":true,"href":"https:\/\/www.iceagetv.com\/radiosite\/wp-json\/wp\/v2\/tags?post=11857"}],"curies":[{"name":"wp","href":"https:\/\/api.w.org\/{rel}","templated":true}]}}