{"id":11864,"date":"2019-03-19T19:15:18","date_gmt":"2019-03-19T19:15:18","guid":{"rendered":"http:\/\/www.iceagetv.com\/radiosite\/?p=11864"},"modified":"2019-03-19T19:15:26","modified_gmt":"2019-03-19T19:15:26","slug":"equinoxe-du-printemps-2019-jusqua-4-minutes-de-soleil-en-plus-par-jour","status":"publish","type":"post","link":"https:\/\/www.iceagetv.com\/radiosite\/equinoxe-du-printemps-2019-jusqua-4-minutes-de-soleil-en-plus-par-jour\/","title":{"rendered":"\u00c9quinoxe du printemps 2019 : jusqu&rsquo;\u00e0 4 minutes de soleil en plus par jour"},"content":{"rendered":"\n<p>L\u2019<strong>\u00e9quinoxe<\/strong>&nbsp;caract\u00e9rise le moment pendant lequel le centre du soleil est exactement \u00e0 la verticale au niveau de l&rsquo;\u00e9quateur. Les dates des \u00e9quinoxes correspondent donc aux jours de l\u2019ann\u00e9e pendant lesquels ont lieu ces passages au&nbsp;<strong>z\u00e9nith<\/strong>. La premi\u00e8re de l\u2019ann\u00e9e a lieu le&nbsp;<strong>20 mars<\/strong>&nbsp;(\u00e9quinoxe de&nbsp;<strong>printemps<\/strong>), et la deuxi\u00e8me le 23 septembre.<\/p>\n\n\n\n<p><strong>Augmentation ou diminution du jour<\/strong><\/p>\n\n\n\n<p>C&rsquo;est l&rsquo;inclinaison de l&rsquo;axe de la terre (l\u2019axe passant par les p\u00f4les) qui explique la plus ou moins longue exposition au soleil selon les&nbsp;<strong>saisons<\/strong>. En \u00e9t\u00e9, cette inclinaison favorise l&rsquo;exposition d&rsquo;un h\u00e9misph\u00e8re face au&nbsp;<strong>soleil<\/strong>. En hiver, au contraire, cette inclinaison diminue cette exposition.<\/p>\n\n\n\n<p>Au&nbsp;<strong>printemps&nbsp;<\/strong>et \u00e0&nbsp;<strong>l&rsquo;automne<\/strong>, les expositions respectives des h\u00e9misph\u00e8res Sud et Nord sont \u00e9quilibr\u00e9es. Vu depuis la surface de la terre, la course du soleil suit tout au long de l&rsquo;ann\u00e9e une courbe qui monte jusqu\u2019au&nbsp;<strong>solstice d\u2019\u00e9t\u00e9&nbsp;<\/strong>puis stagne quelques jours \u00e0 son plus haut niveau en juin, avant de redescendre pour \u00eatre au plus bas en d\u00e9cembre au moment du solstice d\u2019hiver. Le jour le plus long correspond \u00e0 la course la plus longue du soleil. Il se l\u00e8ve alors au Nord Est et se couche au Nord Ouest. Le jour le plus court correspond \u00e0 la course la plus courte du soleil.<\/p>\n\n\n\n<p>Fin septembre, nous perdons jusqu&rsquo;\u00e0 4 minutes d&rsquo;ensoleillement th\u00e9orique par jour. Cette perte de dur\u00e9e du jour diminue ensuite jusqu\u2019au&nbsp;<strong>solstice d\u2019hiver&nbsp;<\/strong>le 21 d\u00e9cembre, puis nous recommen\u00e7ons tout doucement \u00e0 en regagner \u00e0 nouveau. A mi-chemin entre le jour le plus long et le jour le plus court (aux \u00e9quinoxes), la pente de la courbe est la plus forte.<\/p>\n","protected":false},"excerpt":{"rendered":"<p>L\u2019\u00e9quinoxe&nbsp;caract\u00e9rise le moment pendant lequel le centre du soleil est exactement \u00e0 la verticale au niveau de l&rsquo;\u00e9quateur. Les dates des \u00e9quinoxes correspondent donc aux jours de l\u2019ann\u00e9e pendant lesquels ont lieu ces passages au&nbsp;z\u00e9nith. La premi\u00e8re de l\u2019ann\u00e9e a lieu le&nbsp;20 mars&nbsp;(\u00e9quinoxe de&nbsp;printemps), et la deuxi\u00e8me le 23 septembre. Augmentation ou diminution du jour [&hellip;]<\/p>\n","protected":false},"author":2,"featured_media":11865,"comment_status":"open","ping_status":"open","sticky":false,"template":"","format":"standard","meta":{"_jetpack_memberships_contains_paid_content":false,"footnotes":"","jetpack_publicize_message":"","jetpack_publicize_feature_enabled":true,"jetpack_social_post_already_shared":true,"jetpack_social_options":{"image_generator_settings":{"template":"highway","default_image_id":0,"font":"","enabled":false},"version":2},"_wpas_customize_per_network":false},"categories":[14],"tags":[],"class_list":["post-11864","post","type-post","status-publish","format-standard","has-post-thumbnail","hentry","category-actu-meteo"],"jetpack_publicize_connections":[],"jetpack_featured_media_url":"https:\/\/i0.wp.com\/www.iceagetv.com\/radiosite\/wp-content\/uploads\/2019\/03\/%C3%89quinoxe-du-printemps-2019.jpg?fit=1000%2C784&ssl=1","jetpack_sharing_enabled":true,"_links":{"self":[{"href":"https:\/\/www.iceagetv.com\/radiosite\/wp-json\/wp\/v2\/posts\/11864","targetHints":{"allow":["GET"]}}],"collection":[{"href":"https:\/\/www.iceagetv.com\/radiosite\/wp-json\/wp\/v2\/posts"}],"about":[{"href":"https:\/\/www.iceagetv.com\/radiosite\/wp-json\/wp\/v2\/types\/post"}],"author":[{"embeddable":true,"href":"https:\/\/www.iceagetv.com\/radiosite\/wp-json\/wp\/v2\/users\/2"}],"replies":[{"embeddable":true,"href":"https:\/\/www.iceagetv.com\/radiosite\/wp-json\/wp\/v2\/comments?post=11864"}],"version-history":[{"count":1,"href":"https:\/\/www.iceagetv.com\/radiosite\/wp-json\/wp\/v2\/posts\/11864\/revisions"}],"predecessor-version":[{"id":11866,"href":"https:\/\/www.iceagetv.com\/radiosite\/wp-json\/wp\/v2\/posts\/11864\/revisions\/11866"}],"wp:featuredmedia":[{"embeddable":true,"href":"https:\/\/www.iceagetv.com\/radiosite\/wp-json\/wp\/v2\/media\/11865"}],"wp:attachment":[{"href":"https:\/\/www.iceagetv.com\/radiosite\/wp-json\/wp\/v2\/media?parent=11864"}],"wp:term":[{"taxonomy":"category","embeddable":true,"href":"https:\/\/www.iceagetv.com\/radiosite\/wp-json\/wp\/v2\/categories?post=11864"},{"taxonomy":"post_tag","embeddable":true,"href":"https:\/\/www.iceagetv.com\/radiosite\/wp-json\/wp\/v2\/tags?post=11864"}],"curies":[{"name":"wp","href":"https:\/\/api.w.org\/{rel}","templated":true}]}}